{"id":141691,"date":"2025-05-31T12:47:09","date_gmt":"2025-05-31T12:47:09","guid":{"rendered":"https:\/\/www.europesays.com\/fr\/141691\/"},"modified":"2025-05-31T12:47:09","modified_gmt":"2025-05-31T12:47:09","slug":"dans-lain-une-rave-party-endeuillee-par-la-mort-dune-femme-de-34-ans","status":"publish","type":"post","link":"https:\/\/www.europesays.com\/fr\/141691\/","title":{"rendered":"Dans l\u2019Ain, une rave-party endeuill\u00e9e par la mort d\u2019une femme de 34\u00a0ans"},"content":{"rendered":"<p class=\"paragraph text_align_left\">Une N\u00e9erlandaise de 34\u00a0ans est d\u00e9c\u00e9d\u00e9e lors d\u2019une <a href=\"https:\/\/www.leparisien.fr\/oise-60\/berneuil-sur-aisne-une-rave-party-avortee-avant-meme-davoir-debute-25-05-2025-2GUP6DPD5FADFGOP7AB7Q5YENU.php\" target=\"_blank\" rel=\"noreferrer nofollow noopener\">rave-party<\/a> regroupant des milliers de personnes dans l\u2019Ain, a indiqu\u00e9 samedi la pr\u00e9fecture.<\/p>\n<p class=\"paragraph text_align_left\">La trentenaire n\u2019a pu \u00eatre r\u00e9anim\u00e9e \u00ab\u00a0malgr\u00e9 l\u2019intervention des secours\u00a0\u00bb, pr\u00e9cise la pr\u00e9fecture, qui ne donne pas de d\u00e9tails sur les circonstances du d\u00e9c\u00e8s.<\/p>\n<p class=\"paragraph text_align_left\">Une enqu\u00eate est en cours et \u00ab\u00a0plusieurs victimes ont \u00e9galement \u00e9t\u00e9 prises en charge par les associations de s\u00e9curit\u00e9 civile pr\u00e9sentes sur place, en lien avec les sapeurs-pompiers\u00a0\u00bb.<\/p>\n<p>Une rave non d\u00e9clar\u00e9e<\/p>\n<p class=\"paragraph text_align_left\">Cette rave non d\u00e9clar\u00e9e, situ\u00e9e sur des terrains des communes d\u2019Innimond et de Lompnas (Ain), regroupait \u00ab\u00a05\u00a0000 personnes environ samedi matin\u00a0\u00bb, selon les services de l\u2019\u00c9tat.<\/p>\n<p class=\"title-embed-dailymotion lp-color-text lp-f-subtitle-04\">Vid\u00e9oRave-party en Loz\u00e8re : des agriculteurs d\u00e9logent les teufeurs par la force<\/p>\n<p class=\"paragraph text_align_left\">\u00ab\u00a0Ce rassemblement s\u2019est organis\u00e9 sans concertation avec les pouvoirs publics, au m\u00e9pris des r\u00e8gles \u00e9l\u00e9mentaires de s\u00e9curit\u00e9 sur un site qui n\u2019est pas pr\u00e9vu \u00e0 cet effet\u00a0\u00bb, ajoute la pr\u00e9fecture.<\/p>\n<p class=\"lp-card-podcast-highlighting__title  lp-f-subtitle-05\">L\u2019enl\u00e8vement d\u2019Eric Peugeot, 4 ans, contre 1 million d\u2019euros (1\/2)<\/p>\n<p class=\"lp-card-podcast-highlighting__description lp-f-ui-05\">Crime story raconte chaque semaine les grandes affaires criminelles.<\/p>\n<p><a class=\"lp-card-podcast-highlighting__call-to-action\" data-page-type=\"HP\" data-block-name=\"podcast-highlight\">\u00c9couter<\/a><\/p>\n<p class=\"paragraph text_align_left\">La pr\u00e9f\u00e8te de l\u2019Ain, Chantal Mauchet, \u00ab\u00a0condamne fermement cette installation illicite\u00a0\u00bb, rappelant qu\u2019elle peut donner lieu \u00e0 la saisie du mat\u00e9riel en vue de sa confiscation par le tribunal judiciaire.<\/p>\n","protected":false},"excerpt":{"rendered":"Une N\u00e9erlandaise de 34\u00a0ans est d\u00e9c\u00e9d\u00e9e lors d\u2019une rave-party regroupant des milliers de personnes dans l\u2019Ain, a indiqu\u00e9&hellip;\n","protected":false},"author":2,"featured_media":141692,"comment_status":"","ping_status":"","sticky":false,"template":"","format":"standard","meta":{"footnotes":""},"categories":[1888],"tags":[1111,1928,11,1927,459,1777,674,118,1011,27,12,1926,626,1925,25],"class_list":{"0":"post-141691","1":"post","2":"type-post","3":"status-publish","4":"format-standard","5":"has-post-thumbnail","7":"category-paris","8":"tag-actu","9":"tag-actu-paris","10":"tag-actualites","11":"tag-actualites-paris","12":"tag-departements-horsidfo","13":"tag-eu","14":"tag-europe","15":"tag-faits-divers","16":"tag-fr","17":"tag-france","18":"tag-news","19":"tag-news-paris","20":"tag-paris","21":"tag-paris-news","22":"tag-republique-francaise"},"share_on_mastodon":{"url":"https:\/\/pubeurope.com\/@fr\/114602524254102058","error":""},"_links":{"self":[{"href":"https:\/\/www.europesays.com\/fr\/wp-json\/wp\/v2\/posts\/141691","targetHints":{"allow":["GET"]}}],"collection":[{"href":"https:\/\/www.europesays.com\/fr\/wp-json\/wp\/v2\/posts"}],"about":[{"href":"https:\/\/www.europesays.com\/fr\/wp-json\/wp\/v2\/types\/post"}],"author":[{"embeddable":true,"href":"https:\/\/www.europesays.com\/fr\/wp-json\/wp\/v2\/users\/2"}],"replies":[{"embeddable":true,"href":"https:\/\/www.europesays.com\/fr\/wp-json\/wp\/v2\/comments?post=141691"}],"version-history":[{"count":0,"href":"https:\/\/www.europesays.com\/fr\/wp-json\/wp\/v2\/posts\/141691\/revisions"}],"wp:featuredmedia":[{"embeddable":true,"href":"https:\/\/www.europesays.com\/fr\/wp-json\/wp\/v2\/media\/141692"}],"wp:attachment":[{"href":"https:\/\/www.europesays.com\/fr\/wp-json\/wp\/v2\/media?parent=141691"}],"wp:term":[{"taxonomy":"category","embeddable":true,"href":"https:\/\/www.europesays.com\/fr\/wp-json\/wp\/v2\/categories?post=141691"},{"taxonomy":"post_tag","embeddable":true,"href":"https:\/\/www.europesays.com\/fr\/wp-json\/wp\/v2\/tags?post=141691"}],"curies":[{"name":"wp","href":"https:\/\/api.w.org\/{rel}","templated":true}]}}