{"id":141693,"date":"2025-05-31T12:48:14","date_gmt":"2025-05-31T12:48:14","guid":{"rendered":"https:\/\/www.europesays.com\/fr\/141693\/"},"modified":"2025-05-31T12:48:14","modified_gmt":"2025-05-31T12:48:14","slug":"ici-cest-paris-la-ratp-choisit-son-champion-en-renommant-la-station-parisienne-porte-de-saint-cloud","status":"publish","type":"post","link":"https:\/\/www.europesays.com\/fr\/141693\/","title":{"rendered":"\u00abIci c\u2019est Paris\u00bb, la RATP choisit son champion en renommant la station parisienne \u00abPorte de Saint-Cloud\u00bb"},"content":{"rendered":"<p>\u00c0 quelques heures de la finale de la Ligue des champions, qui va opposer le Paris Saint-Germain \u00e0 l\u2019Inter Milan \u00e0 Munich, la RATP a choisi de mettre en avant le slogan bien connu des supporteurs parisiens.<\/p>\n<p class=\"fig-paragraph\">Dans la course \u00e0 la coupe aux grandes oreilles, la RATP a choisi son camp. Ce samedi 31 mai au matin, \u00e0 quelques heures du coup d\u2019envoi de la finale de la\u00a0<a href=\"http:\/\/www.lefigaro.fr\/sports\/football\/ligue-des-champions\/ligue-des-champions-les-trains-paris-munich-bondes-samedi-matin-20250531\" target=\"_blank\" data-fig-type=\"NewsFlash\" rel=\"noopener\" data-gtm-custom-categorie=\"navigation\" data-gtm-custom-action=\"crossclick\" data-gtm-custom-label=\"Contextuel\" data-gtm-event=\"customEventSPE\" data-fig-domain=\"LEFIGARO\">Ligue des champions<\/a>\u00a0\u00e0 l\u2019Allianz Arena de Munich, la r\u00e9gie a renomm\u00e9 la\u00a0<a href=\"http:\/\/www.lefigaro.fr\/conjoncture\/je-suis-en-service-quand-jean-castex-patron-de-la-ratp-guide-les-supporters-porte-de-saint-cloud-20240802\" target=\"_blank\" data-fig-type=\"NewsFlash\" rel=\"noopener\" data-gtm-custom-categorie=\"navigation\" data-gtm-custom-action=\"crossclick\" data-gtm-custom-label=\"Contextuel\" data-gtm-event=\"customEventSPE\" data-fig-domain=\"LEFIGARO\">station de m\u00e9tro parisienne \u00abPorte de Saint-Cloud\u00bb<\/a>\u00a0avec un slogan bien connu des supporteurs du Paris Saint-Germain\u00a0: \u00abIci c\u2019est Paris\u00bb. Le cri de ralliement des fans du club depuis 2008.<\/p>\n<p class=\"fig-paragraph\">Sur la ligne 9, la station dessert le Parc des Princes, o\u00f9 une fan zone r\u00e9unira ce soir 48.000 personnes, qui pourront suivre le match sur des \u00e9crans g\u00e9ants install\u00e9s pour l\u2019occasion.<\/p>\n<p class=\"fig-paragraph\">La RATP est coutumi\u00e8re de ces changements temporaires, qui lui permettent souvent d\u2019op\u00e9rer un petit clin d\u2019\u0153il \u00e0 l\u2019actualit\u00e9 sportive. Le 1er avril 2024, en guise de \u00abpoisson d\u2019avril\u00bb, la r\u00e9gie avait renomm\u00e9 une quinzaine de stations avec des noms de sports au programme de\u00a0<a href=\"http:\/\/www.lefigaro.fr\/sports\/jeux-olympiques\/dossier\/jo-paris-2024-retrouvez-les-resumes-de-la-competition-jour-par-jour\" target=\"_blank\" data-fig-type=\"Topic\" rel=\"noopener\" data-gtm-custom-categorie=\"navigation\" data-gtm-custom-action=\"crossclick\" data-gtm-custom-label=\"Contextuel\" data-gtm-event=\"customEventSPE\" data-fig-domain=\"LEFIGARO\">Paris 2024<\/a>, alors impatiemment attendue par les Parisiens. Les stations \u00abVictor Hugo\u00bb et \u00abAvron\u00bb sur la 2 avaient \u00e9t\u00e9 transform\u00e9es en \u00abVictor Judo\u00bb et \u00abAviron\u00bb.<\/p>\n<p class=\"fig-paragraph\">En septembre 2024, une fois les Jeux Olympiques pass\u00e9s, six stations avaient aussi \u00e9t\u00e9 renomm\u00e9es pour l\u2019occasion du passage de relais olympique entre Paris et Los Angeles, ville qui accueillera les olympiades de 2028. \u00abGrand Boulevards\u00bb \u00e9tait devenu \u00abHollywood Boulevard\u00bb pour la journ\u00e9e sur les lignes 8 et 9, tandis que la station \u00abBelleville\u00bb sur la 2 et la 11 avait \u00e9t\u00e9 renomm\u00e9e \u00abBeverly Hills\u00bb.<\/p>\n<p class=\"fig-paragraph\">Voil\u00e0 14 ans que le Qatar, qui a rachet\u00e9 le club en 2011, court apr\u00e8s le sacre ultime. Une victoire du Paris Saint-Germain ce soir serait historique\u00a0: depuis la cr\u00e9ation de la Ligue des champions en 1955, l\u2019\u00e9quipe parisienne n\u2019a jamais soulev\u00e9 la coupe.<\/p>\n","protected":false},"excerpt":{"rendered":"\u00c0 quelques heures de la finale de la Ligue des champions, qui va opposer le Paris Saint-Germain \u00e0&hellip;\n","protected":false},"author":2,"featured_media":141694,"comment_status":"","ping_status":"","sticky":false,"template":"","format":"standard","meta":{"footnotes":""},"categories":[1888],"tags":[631,627,1111,1928,630,11,1927,340,398,343,634,405,629,636,1777,674,632,638,1011,27,637,399,639,635,12,1926,626,1925,93,625,25,401,628,633,407],"class_list":{"0":"post-141693","1":"post","2":"type-post","3":"status-publish","4":"format-standard","5":"has-post-thumbnail","7":"category-paris","8":"tag-action","9":"tag-actions-francaise","10":"tag-actu","11":"tag-actu-paris","12":"tag-actualite-bourse","13":"tag-actualites","14":"tag-actualites-paris","15":"tag-bourse","16":"tag-bourse-de-paris","17":"tag-cac-40","18":"tag-cotation","19":"tag-cotations","20":"tag-cours-des-societes-francaises","21":"tag-devises","22":"tag-eu","23":"tag-europe","24":"tag-fcp","25":"tag-figaro","26":"tag-fr","27":"tag-france","28":"tag-indices","29":"tag-investissement","30":"tag-le-figaro","31":"tag-marches","32":"tag-news","33":"tag-news-paris","34":"tag-paris","35":"tag-paris-news","36":"tag-psg","37":"tag-ratp","38":"tag-republique-francaise","39":"tag-sicav","40":"tag-societes-etrangeres","41":"tag-warrant","42":"tag-warrants"},"share_on_mastodon":{"url":"https:\/\/pubeurope.com\/@fr\/114602528179008611","error":""},"_links":{"self":[{"href":"https:\/\/www.europesays.com\/fr\/wp-json\/wp\/v2\/posts\/141693","targetHints":{"allow":["GET"]}}],"collection":[{"href":"https:\/\/www.europesays.com\/fr\/wp-json\/wp\/v2\/posts"}],"about":[{"href":"https:\/\/www.europesays.com\/fr\/wp-json\/wp\/v2\/types\/post"}],"author":[{"embeddable":true,"href":"https:\/\/www.europesays.com\/fr\/wp-json\/wp\/v2\/users\/2"}],"replies":[{"embeddable":true,"href":"https:\/\/www.europesays.com\/fr\/wp-json\/wp\/v2\/comments?post=141693"}],"version-history":[{"count":0,"href":"https:\/\/www.europesays.com\/fr\/wp-json\/wp\/v2\/posts\/141693\/revisions"}],"wp:featuredmedia":[{"embeddable":true,"href":"https:\/\/www.europesays.com\/fr\/wp-json\/wp\/v2\/media\/141694"}],"wp:attachment":[{"href":"https:\/\/www.europesays.com\/fr\/wp-json\/wp\/v2\/media?parent=141693"}],"wp:term":[{"taxonomy":"category","embeddable":true,"href":"https:\/\/www.europesays.com\/fr\/wp-json\/wp\/v2\/categories?post=141693"},{"taxonomy":"post_tag","embeddable":true,"href":"https:\/\/www.europesays.com\/fr\/wp-json\/wp\/v2\/tags?post=141693"}],"curies":[{"name":"wp","href":"https:\/\/api.w.org\/{rel}","templated":true}]}}