{"id":141697,"date":"2025-05-31T12:50:15","date_gmt":"2025-05-31T12:50:15","guid":{"rendered":"https:\/\/www.europesays.com\/fr\/141697\/"},"modified":"2025-05-31T12:50:15","modified_gmt":"2025-05-31T12:50:15","slug":"psg-inter-la-liste-des-figures-invitees-par-paris-a-munich","status":"publish","type":"post","link":"https:\/\/www.europesays.com\/fr\/141697\/","title":{"rendered":"PSG &#8211; Inter : La liste des figures invit\u00e9es par Paris \u00e0 Munich"},"content":{"rendered":"<p data-testid=\"article-teaser\">Le PSG a d\u00e9cid\u00e9 de faire vibrer Munich avec ses l\u00e9gendes. Une tribune pleine d\u2019histoires, pour une soir\u00e9e qui s\u2019annonce m\u00e9morable.<\/p>\n<p>Ce samedi soir, <a href=\"https:\/\/www.goal.com\/fr\/news\/psg-inter-milan-ou-regarder-le-match-streaming-tv-et-compos-probables\/blt06b2a669ee473dfb\" target=\"_self\" rel=\"noopener\">le Paris Saint-Germain disputera la deuxi\u00e8me finale de Ligue des Champions de son histoire<\/a>. Pour ce rendez-vous historique face \u00e0 l\u2019Inter Milan, le club de la capitale a convi\u00e9 bien plus qu\u2019un simple public : une v\u00e9ritable famille. Celle du PSG d\u2019hier, des souvenirs grav\u00e9s \u00e0 vie, des hommes qui ont port\u00e9 ces couleurs avant les stars d\u2019aujourd\u2019hui. \u00c0 l\u2019Allianz Arena, ce ne sera pas juste un match : ce sera une r\u00e9union.<\/p>\n<p>L&rsquo;article continue ci-dessous<\/p>\n","protected":false},"excerpt":{"rendered":"Le PSG a d\u00e9cid\u00e9 de faire vibrer Munich avec ses l\u00e9gendes. Une tribune pleine d\u2019histoires, pour une soir\u00e9e&hellip;\n","protected":false},"author":2,"featured_media":88289,"comment_status":"","ping_status":"","sticky":false,"template":"","format":"standard","meta":{"footnotes":""},"categories":[1888],"tags":[11,1777,674,1011,27,10317,26960,447,921,26959,12,626,91,25361,25],"class_list":{"0":"post-141697","1":"post","2":"type-post","3":"status-publish","4":"format-standard","5":"has-post-thumbnail","7":"category-paris","8":"tag-actualites","9":"tag-eu","10":"tag-europe","11":"tag-fr","12":"tag-france","13":"tag-inter","14":"tag-j-pastore","15":"tag-ligue-des-champions","16":"tag-luis-enrique","17":"tag-m-verratti","18":"tag-news","19":"tag-paris","20":"tag-paris-saint-germain","21":"tag-paris-saint-germain-vs-inter","22":"tag-republique-francaise"},"share_on_mastodon":{"url":"https:\/\/pubeurope.com\/@fr\/114602536106107825","error":""},"_links":{"self":[{"href":"https:\/\/www.europesays.com\/fr\/wp-json\/wp\/v2\/posts\/141697","targetHints":{"allow":["GET"]}}],"collection":[{"href":"https:\/\/www.europesays.com\/fr\/wp-json\/wp\/v2\/posts"}],"about":[{"href":"https:\/\/www.europesays.com\/fr\/wp-json\/wp\/v2\/types\/post"}],"author":[{"embeddable":true,"href":"https:\/\/www.europesays.com\/fr\/wp-json\/wp\/v2\/users\/2"}],"replies":[{"embeddable":true,"href":"https:\/\/www.europesays.com\/fr\/wp-json\/wp\/v2\/comments?post=141697"}],"version-history":[{"count":0,"href":"https:\/\/www.europesays.com\/fr\/wp-json\/wp\/v2\/posts\/141697\/revisions"}],"wp:featuredmedia":[{"embeddable":true,"href":"https:\/\/www.europesays.com\/fr\/wp-json\/wp\/v2\/media\/88289"}],"wp:attachment":[{"href":"https:\/\/www.europesays.com\/fr\/wp-json\/wp\/v2\/media?parent=141697"}],"wp:term":[{"taxonomy":"category","embeddable":true,"href":"https:\/\/www.europesays.com\/fr\/wp-json\/wp\/v2\/categories?post=141697"},{"taxonomy":"post_tag","embeddable":true,"href":"https:\/\/www.europesays.com\/fr\/wp-json\/wp\/v2\/tags?post=141697"}],"curies":[{"name":"wp","href":"https:\/\/api.w.org\/{rel}","templated":true}]}}