{"id":141702,"date":"2025-05-31T12:53:08","date_gmt":"2025-05-31T12:53:08","guid":{"rendered":"https:\/\/www.europesays.com\/fr\/141702\/"},"modified":"2025-05-31T12:53:08","modified_gmt":"2025-05-31T12:53:08","slug":"les-cranes-de-19-afro-americains-rapatries-outre-atlantique-apres-150-ans-passes-en-allemagne","status":"publish","type":"post","link":"https:\/\/www.europesays.com\/fr\/141702\/","title":{"rendered":"les cr\u00e2nes de 19 Afro-Am\u00e9ricains rapatri\u00e9s outre-Atlantique apr\u00e8s 150 ans pass\u00e9s en Allemagne"},"content":{"rendered":"<p>Ces restes humains, utilis\u00e9s au XIXe si\u00e8cle dans le cadre de recherches scientifiques raciales aujourd\u2019hui discr\u00e9dit\u00e9es, seront enterr\u00e9s ce samedi lors de fun\u00e9railles de jazz traditionnelles \u00e0 la Nouvelle-Orl\u00e9ans.<\/p>\n<p class=\"fig-paragraph\">Ils ont pass\u00e9 plus de 150 ans loin de leur Am\u00e9rique natale, et le myst\u00e8re plane encore quant aux circonstances dans lesquelles ils ont trouv\u00e9 la mort. Ce samedi 31 mai, au terme d\u2019une organisation de plus de deux ans, les cr\u00e2nes de 19 Afro-Am\u00e9ricains que s\u2019\u00e9tait procur\u00e9s un m\u00e9decin allemand en 1880 seront mis en terre \u00e0 l<a href=\"http:\/\/www.lefigaro.fr\/voyages\/guides\/du-jamais-vu-depuis-1948-la-nouvelle-orleans-sous-la-neige-20250122\" target=\"_blank\" data-fig-type=\"NewsFlash\" rel=\"noopener nofollow\" data-gtm-custom-categorie=\"navigation\" data-gtm-custom-action=\"crossclick\" data-gtm-custom-label=\"Contextuel\" data-gtm-event=\"customEventSPE\" data-fig-domain=\"LEFIGARO\">a Nouvelle-Orl\u00e9ans<\/a>. Des fun\u00e9railles de\u00a0<a href=\"http:\/\/www.lefigaro.fr\/musique\/y-a-t-il-encore-du-jazz-dans-les-festivals-de-jazz-20250525\" target=\"_blank\" data-fig-type=\"Article\" rel=\"noopener nofollow\" data-gtm-custom-categorie=\"navigation\" data-gtm-custom-action=\"crossclick\" data-gtm-custom-label=\"Contextuel\" data-gtm-event=\"customEventSPE\" data-fig-domain=\"LEFIGARO\">jazz<\/a>\u00a0traditionnels sont organis\u00e9es dans la matin\u00e9e pour leur dernier grand voyage avant d\u2019enfin trouver s\u00e9pulture. Si de nombreuses recherches ont \u00e9t\u00e9 effectu\u00e9es pour retrouver l\u2019identit\u00e9 des individus et leur histoire, certains myst\u00e8res n\u2019ont pu \u00eatre \u00e9claircis, et deux cr\u00e2nes sont revenus sur le sol am\u00e9ricain sans que l\u2019on n\u2019ait pu les identifier.<\/p>\n<p class=\"fig-paragraph\">Ils sont toutefois tous \u00e9gaux face \u00e0 un myst\u00e8re\u00a0: les circonstances dans lesquels ils ont trouv\u00e9 la mort n\u2019ont pu \u00eatre \u00e9lucid\u00e9es. \u00abPeu avant le 10 janvier 1872, un jeune ouvrier noir nomm\u00e9 William Roberts fut admis \u00e0 l\u2019h\u00f4pital Charity de La Nouvelle-Orl\u00e9ans. \u00c2g\u00e9 de seulement 23 ans, il \u00e9tait originaire de (l\u2019\u00c9tat de)\u00a0<a href=\"http:\/\/www.lefigaro.fr\/international\/etats-unis-l-etat-de-georgie-retablit-l-interdiction-de-l-avortement-apres-six-semaines-20241007\" target=\"_blank\" data-fig-type=\"NewsFlash\" rel=\"noopener nofollow\" data-gtm-custom-categorie=\"navigation\" data-gtm-custom-action=\"crossclick\" data-gtm-custom-label=\"Contextuel\" data-gtm-event=\"customEventSPE\" data-fig-domain=\"LEFIGARO\">G\u00e9orgie<\/a> \u00a0et, selon les dossiers de l\u2019h\u00f4pital, il \u00e9tait de corpulence robuste\u00bb,\u00a0<a href=\"https:\/\/www.nytimes.com\/2025\/05\/30\/us\/black-americans-skulls-new-orleans-memorial-service.html\" target=\"_blank\" rel=\"nofollow noopener\" data-gtm-custom-categorie=\"navigation\" data-gtm-custom-action=\"crossclick\" data-gtm-custom-label=\"Contextuel\" data-gtm-event=\"customEventSPE\">d\u00e9taille le New York Times<\/a>, qui a couvert le rapatriement des cr\u00e2nes.<\/p>\n<p class=\"fig-paragraph\">Le quotidien new-yorkais indique pourtant que la seule maladie dont souffrait William Roberts, selon son dossier m\u00e9dical, \u00e9tait \u00abune diarrh\u00e9e\u00bb. Entre d\u00e9cembre 1871 et janvier 1872, 19 patients Afro-Am\u00e9ricains d\u00e9c\u00e8dent \u00e0 l\u2019h\u00f4pital Charity de la Nouvelle-Orl\u00e9ans. Leurs corps sont conserv\u00e9s, dans des circonstances qui n\u2019ont pu \u00eatre \u00e9tablies, jusqu\u2019\u00e0 ce qu\u2019un m\u00e9decin allemand se fasse envoyer leurs cr\u00e2nes dans les ann\u00e9es 1880. Emil Ludwig Schmidt pratiquait la phr\u00e9nologie, soit l\u2019\u00e9tude des caract\u00e9ristiques physiques de cr\u00e2nes comme indicateur des capacit\u00e9s intellectuelles et des traits de caract\u00e8re. Cette pratique a depuis \u00e9t\u00e9 discr\u00e9dit\u00e9e par la recherche scientifique.<\/p>\n<p>Collection de 1300 cr\u00e2nes<\/p>\n<p class=\"fig-paragraph\">Emil Ludwig Schmidt poss\u00e9dait une collection d\u2019environ 1300 cr\u00e2nes provenant de plus de 40 pays, principalement de personnes d\u2019origine africaine, qu\u2019il a ensuite donn\u00e9e \u00e0 l\u2019Universit\u00e9 de\u00a0<a href=\"http:\/\/www.lefigaro.fr\/voyages\/guides\/que-voir-que-faire-a-leipzig-les-activites-et-adresses-incontournables-20241202\" target=\"_blank\" data-fig-type=\"Article\" rel=\"noopener nofollow\" data-gtm-custom-categorie=\"navigation\" data-gtm-custom-action=\"crossclick\" data-gtm-custom-label=\"Contextuel\" data-gtm-event=\"customEventSPE\" data-fig-domain=\"LEFIGARO\">Leipzig<\/a>. C\u2019est cette derni\u00e8re qui a pris l\u2019initiative de contacter un arch\u00e9ologue \u00e0 la Nouvelle-Orl\u00e9ans pour restituer les cr\u00e2nes.\u00a0Michael Godzinski, premi\u00e8re personne contact\u00e9e par un membre du personnel universitaire, s\u2019est dit \u00abstup\u00e9fait\u00bb en voyant le premier courriel. Il d\u00e9crivait une collection de restes humains diff\u00e9rente de tout projet arch\u00e9ologique qu\u2019il avait rencontr\u00e9.<\/p>\n<p class=\"fig-paragraph\">\u00abJe me suis demand\u00e9 si c\u2019\u00e9tait un canular\u00bb, explique-t-il au New York Times. \u00abJ\u2019ai lu le courriel cinq fois, puis je me suis dit\u00a0: \u201cC\u2019est l\u2019occasion de ramener nos compatriotes chez eux\u201d.\u00bb Il a contact\u00e9 l\u2019Universit\u00e9 Dillard, une institution locale historiquement noire, pour se renseigner sur le type d\u2019implications culturelles d\u2019un rapatriement des cr\u00e2nes. L\u2019Universit\u00e9 de la Nouvelle-Orl\u00e9ans a donc mis en place un comit\u00e9 pour en savoir plus sur les 19 personnes et, plus important encore, pour r\u00e9soudre la logistique complexe d\u2019une telle op\u00e9ration. L\u2019effort a dur\u00e9 deux ans, a n\u00e9cessit\u00e9 la collaboration de plusieurs organisations de la Nouvelle-Orl\u00e9ans et de l\u2019Universit\u00e9 de Leipzig et a co\u00fbt\u00e9 des milliers de dollars.<\/p>\n<p>\u00abNew Orleans Second Line\u00bb<\/p>\n<p class=\"fig-paragraph\">Les fun\u00e9railles de jazz de samedi, une \u00abNew Orleans Second Line\u00bb, sont une sorte de d\u00e9fil\u00e9 de rue pour honorer les morts, qui sera suivie de l\u2019enterrement des cr\u00e2nes. Bien que l\u2019emplacement du reste des corps des 19 Afro-Am\u00e9ricains reste inconnu, les chercheurs du comit\u00e9 de l\u2019Universit\u00e9 Dillard pensent qu\u2019ils ont \u00e9t\u00e9 utilis\u00e9s \u00e0 l\u2019h\u00f4pital Charity, qui \u00e9tait un h\u00f4pital universitaire, et qu\u2019ils ont fini dans le cimeti\u00e8re de ce dernier.<\/p>\n<p class=\"fig-paragraph\">Les recherches effectu\u00e9es pour tenter d\u2019identifier les personnes ont appris que beaucoup sont arriv\u00e9s \u00e0 la Nouvelle-Orl\u00e9ans apr\u00e8s la guerre civile. La ville \u00e9tait alors une plaque tournante pour les Afro-Am\u00e9ricains lib\u00e9r\u00e9s, mais \u00e9tait aussi surpeupl\u00e9e et en proie aux maladies. Il y a pr\u00e8s de 150 ans, tous sont tomb\u00e9s malades \u2013 deux d\u2019entre eux avaient \u00e9t\u00e9 intern\u00e9s dans des asiles \u2013 et ils sont tous d\u00e9c\u00e9d\u00e9s \u00e0 l\u2019h\u00f4pital Charity, l\u2019un des plus anciens h\u00f4pitaux du pays jusqu\u2019\u00e0 sa fermeture apr\u00e8s avoir \u00e9t\u00e9 d\u00e9truit par l\u2019<a href=\"https:\/\/www.lefigaro.fr\/cinema\/2010\/08\/27\/03002-20100827ARTFIG00525-apres-la-television-l-ouragan-katrina-inspire-le-cinema.php\" target=\"_blank\" data-fig-type=\"Article\" rel=\"noopener nofollow\" data-gtm-custom-categorie=\"navigation\" data-gtm-custom-action=\"crossclick\" data-gtm-custom-label=\"Contextuel\" data-gtm-event=\"customEventSPE\" data-fig-domain=\"LEFIGARO\">ouragan Katrina<\/a>.<\/p>\n<p class=\"fig-paragraph\">Le comit\u00e9 de l\u2019Universit\u00e9 Dillard \u00e9tudie encore la possibilit\u00e9 de tester l\u2019<a href=\"http:\/\/www.lefigaro.fr\/sciences\/intelligence-artificielle-adn-cette-technique-retrace-l-arbre-genealogique-des-bacteries-sur-des-milliards-d-annees-20250403\" target=\"_blank\" data-fig-type=\"Article\" rel=\"noopener nofollow\" data-gtm-custom-categorie=\"navigation\" data-gtm-custom-action=\"crossclick\" data-gtm-custom-label=\"Contextuel\" data-gtm-event=\"customEventSPE\" data-fig-domain=\"LEFIGARO\">ADN<\/a>\u00a0des cr\u00e2nes afin d\u2019identifier leurs descendants. Dr Eva Baham, historienne \u00e0 Dillard et responsable du comit\u00e9, a expliqu\u00e9 qu\u2019il a longuement h\u00e9sit\u00e9, cette proc\u00e9dure risquant d\u2019endommager des cr\u00e2nes d\u00e9j\u00e0 fragilis\u00e9s. Les 19 vases fun\u00e9raires ont donc \u00e9t\u00e9 construits en bois, et sont con\u00e7us pour pouvoir \u00eatre descell\u00e9s, \u00absi quelqu\u2019un veut les retrouver\u00bb.<\/p>\n","protected":false},"excerpt":{"rendered":"Ces restes humains, utilis\u00e9s au XIXe si\u00e8cle dans le cadre de recherches scientifiques raciales aujourd\u2019hui discr\u00e9dit\u00e9es, seront enterr\u00e9s&hellip;\n","protected":false},"author":2,"featured_media":141703,"comment_status":"","ping_status":"","sticky":false,"template":"","format":"standard","meta":{"footnotes":""},"categories":[1589],"tags":[47,49,11,48,51,73,1866,54,12,26961,52,41,50,1864,1865,1863,308,53],"class_list":{"0":"post-141702","1":"post","2":"type-post","3":"status-publish","4":"format-standard","5":"has-post-thumbnail","7":"category-etats-unis","8":"tag-actualite","9":"tag-actualite-scientifique","10":"tag-actualites","11":"tag-astronomie","12":"tag-ecologie","13":"tag-etats-unis","14":"tag-etats-unis-damerique","15":"tag-faune-et-flore","16":"tag-news","17":"tag-nouvelle-orleans","18":"tag-planete","19":"tag-sciences","20":"tag-sciences-humaines","21":"tag-united-states","22":"tag-united-states-of-america","23":"tag-us","24":"tag-usa","25":"tag-zoologie"},"share_on_mastodon":{"url":"https:\/\/pubeurope.com\/@fr\/114602547858504779","error":""},"_links":{"self":[{"href":"https:\/\/www.europesays.com\/fr\/wp-json\/wp\/v2\/posts\/141702","targetHints":{"allow":["GET"]}}],"collection":[{"href":"https:\/\/www.europesays.com\/fr\/wp-json\/wp\/v2\/posts"}],"about":[{"href":"https:\/\/www.europesays.com\/fr\/wp-json\/wp\/v2\/types\/post"}],"author":[{"embeddable":true,"href":"https:\/\/www.europesays.com\/fr\/wp-json\/wp\/v2\/users\/2"}],"replies":[{"embeddable":true,"href":"https:\/\/www.europesays.com\/fr\/wp-json\/wp\/v2\/comments?post=141702"}],"version-history":[{"count":0,"href":"https:\/\/www.europesays.com\/fr\/wp-json\/wp\/v2\/posts\/141702\/revisions"}],"wp:featuredmedia":[{"embeddable":true,"href":"https:\/\/www.europesays.com\/fr\/wp-json\/wp\/v2\/media\/141703"}],"wp:attachment":[{"href":"https:\/\/www.europesays.com\/fr\/wp-json\/wp\/v2\/media?parent=141702"}],"wp:term":[{"taxonomy":"category","embeddable":true,"href":"https:\/\/www.europesays.com\/fr\/wp-json\/wp\/v2\/categories?post=141702"},{"taxonomy":"post_tag","embeddable":true,"href":"https:\/\/www.europesays.com\/fr\/wp-json\/wp\/v2\/tags?post=141702"}],"curies":[{"name":"wp","href":"https:\/\/api.w.org\/{rel}","templated":true}]}}