{"id":14171,"date":"2025-04-10T04:24:36","date_gmt":"2025-04-10T04:24:36","guid":{"rendered":"https:\/\/www.europesays.com\/fr\/14171\/"},"modified":"2025-04-10T04:24:36","modified_gmt":"2025-04-10T04:24:36","slug":"il-a-ete-abattu-pres-des-habitations-une-mere-de-famille-revoltee-apres-la-mort-brutale-de-son-chien-dans-la-vesubie","status":"publish","type":"post","link":"https:\/\/www.europesays.com\/fr\/14171\/","title":{"rendered":"\u00ab\u00a0Il a \u00e9t\u00e9 abattu pr\u00e8s des habitations!\u00a0\u00bb: une m\u00e8re de famille r\u00e9volt\u00e9e apr\u00e8s la mort brutale de son chien dans la V\u00e9subie"},"content":{"rendered":"<p>Sur la photo, White affiche sa bonne bouille entre les sourires de deux bambins. \u00ab\u00a0Il a grandi avec nous. Il faisait partie de la famille\u00a0\u00bb, soupire Malaurie. Las, sur un autre clich\u00e9, son chien blanc comme neige g\u00eet sur le flanc, inanim\u00e9. Son ventre s\u2019est teint\u00e9 de rouge. White a trouv\u00e9 la mort \u00e0 l\u2019\u00e2ge de 13 ans, jeudi, dans la vall\u00e9e de la V\u00e9subie. Vraisemblablement tu\u00e9 par balle.<\/p>\n<p>Les faits sont survenus \u00e0 Lantosque, vers 17h. \u00e0 cette heure-l\u00e0, les enfants vont et viennent \u00e0 la sortie des cours. \u00ab\u00a0Ma fille surveillait White, le temps que je sorte avec la poussette et le b\u00e9b\u00e9. Le chien s\u2019est mis \u00e0 courir\u00a0\u00bb, raconte sa ma\u00eetresse. Selon un t\u00e9moin, il aurait \u00e9t\u00e9 bless\u00e9 quelques centaines de m\u00e8tres plus loin. Ce dimanche, Malaurie a d\u00e9couvert des traces de sang sur la route.<\/p>\n<p>Le jour des faits, elle appelle White. Elle le voit revenir, tout doucement. \u00ab\u00a0Il avait du sang au niveau de la patte arri\u00e8re, une petite boule de sang coagul\u00e9 au niveau du ventre. J\u2019ai essay\u00e9 de porter mon chien pour le ramener \u00e0 la maison. Je n\u2019ai pas pens\u00e9 tout de suite \u00e0 une balle. C\u2019est en le nettoyant que j\u2019ai vu un trou tr\u00e8s net&#8230;\u00a0\u00bb<\/p>\n<p><strong>\u00ab\u00a0Ma fille est traumatis\u00e9e\u00a0\u00bb<\/strong><\/p>\n<p>White ne parvient plus \u00e0 se dresser sur ses pattes. Sa ma\u00eetresse l\u2019allonge sur le c\u00f4t\u00e9. Le sang se serait alors mis \u00e0 couler abondamment. \u00ab\u00a0J\u2019ai tent\u00e9 de faire une compression. Mais deux minutes apr\u00e8s, il a succomb\u00e9.\u00a0\u00bb Des amis prennent en charge les enfants, tentant de leur \u00e9pargner ce triste spectacle. La petite, \u00e2g\u00e9e de 6 ans, est sous le choc.<\/p>\n<p>              <img ci-src=\"https:\/\/www.nicematin.com\/faits-divers\/protec\/DATA_ART_15297164-YUHlnohY.jpg?vh=c83166&amp;ci_seal=5c65b84b9c\" alt=\"\"\/><br \/>\n        Un projectile aurait atteint le flanc du malheureux chien. <strong>DR.<\/strong> <\/p>\n<p>\u00ab\u00a0Ma fille est traumatis\u00e9e. Depuis, elle dort chez ma m\u00e8re. Elle ne veut plus dormir ici\u00a0\u00bb, se d\u00e9sole Malaurie. Elle compte faire appel \u00e0 un psychologue pour l\u2019accompagner. En parall\u00e8le, elle attend le verdict d\u2019un v\u00e9t\u00e9rinaire sp\u00e9cialis\u00e9: est-ce bien une balle qui a tu\u00e9 White?<\/p>\n<p>Les gendarmes ont proc\u00e9d\u00e9 aux constatations. Ce dimanche apr\u00e8s-midi, Malaurie est all\u00e9e d\u00e9poser plainte \u00e0 la brigade de Lantosque. Pour elle, pas de doute: White a \u00e9t\u00e9 \u00ab\u00a0vis\u00e9, cibl\u00e9\u00a0\u00bb. Par qui? Pourquoi? Elle ne saurait l\u2019expliquer. \u00ab\u00a0Le chien n\u2019emb\u00eatait personne, n\u2019\u00e9tait pas m\u00e9chant, personne n\u2019est venu nous faire de reproche&#8230;\u00a0\u00bb<\/p>\n<p><strong>\u00ab\u00a0Inadmissible\u00a0\u00bb, \u00ab\u00a0lamentable\u00a0\u00bb<\/strong><\/p>\n<p>Lisa Corniglion, pr\u00e9sidente de l\u2019association Chavabien, entend \u00e9galement d\u00e9poser plainte. Elle enseigne \u00e0 l\u2019\u00e9cole voisine. \u00ab\u00a0On conna\u00eet bien cette famille. Ce chien n\u2019a jamais pos\u00e9 de probl\u00e8me. C\u2019\u00e9tait le petit chien mascotte de l\u2019\u00e9cole, on \u00e9tait habitu\u00e9 \u00e0 lui dire coucou. Vendredi matin, les enfants en ont beaucoup parl\u00e9. Certains pleuraient. C\u2019est inadmissible ce qui s\u2019est pass\u00e9!\u00a0\u00bb<\/p>\n<p>Elle non plus ne croit pas \u00e0 une balle perdue. Selon Lisa Corniglion, d\u2019autres animaux domestiques auraient \u00e9t\u00e9 bless\u00e9s, voire tu\u00e9s par une intervention humaine aux alentours, \u00ab\u00a0m\u00eame si on ne peut rien prouver&#8230;\u00a0\u00bb<\/p>\n<p>Une autre habitante, sous couvert d\u2019anonymat, assure avoir perdu plusieurs chiens et chats dans des circonstances qui n\u2019avaient rien d\u2019accidentel. Elle \u00a0\u00bb trouve lamentable de s\u2019en prendre \u00e0 des animaux. J\u2019ai peur pour mes animaux&#8230; et pour mes enfants!\u00a0\u00bb<\/p>\n<p><strong>\u00ab\u00a0Pas une zone de non-droit\u00a0\u00bb<\/strong><\/p>\n<p>Lisa Corniglion regrette que certaines mentalit\u00e9s persistent \u00e0 \u00ab\u00a0consid\u00e9rer l\u2019animal comme un outil, un meuble\u00a0\u00bb. Cette affaire, esp\u00e8re-t-elle, doit sonner \u00ab\u00a0un r\u00e9veil, et prouver que ce n\u2019est pas une zone de non-droit\u00a0\u00bb.<\/p>\n<p>Le 17 f\u00e9vrier, c\u2019est dans la vall\u00e9e du Paillon que <a href=\"https:\/\/www.nicematin.com\/faits-divers\/je-l-ai-entendu-hurler-son-chien-est-abattu-alors-qu-elle-se-balade-pres-du-mont-agel-plus-de-cent-projectiles-retrouves-dans-le-corps-974385\" target=\"_blank\" rel=\"noopener\">la mort d\u2019un chien avait suscit\u00e9 une vive \u00e9motion<\/a>.<\/p>\n<p>Aslan, un chien-loup tch\u00e9coslovaque \u00e2g\u00e9 de 7 ans, avait \u00e9t\u00e9 atteint par deux balles \u00e0 Peille, dans la zone du Mont-Agel. <a href=\"https:\/\/www.nicematin.com\/animaux\/il-a-cru-quil-sagissait-dun-loup-un-chasseur-se-denonce-a-la-gendarmerie-apres-la-mort-d-aslan-le-chien-loup-tue-a-peille-977102\" target=\"_blank\" rel=\"noopener\">D\u00e9but mars, un chasseur est venu se d\u00e9noncer \u00e0 la gendarmerie.<\/a> Selon ses dires, il aurait cru \u00e0 un loup.<\/p>\n","protected":false},"excerpt":{"rendered":"Sur la photo, White affiche sa bonne bouille entre les sourires de deux bambins. \u00ab\u00a0Il a grandi avec&hellip;\n","protected":false},"author":2,"featured_media":14172,"comment_status":"","ping_status":"","sticky":false,"template":"","format":"standard","meta":{"footnotes":""},"categories":[2819],"tags":[1111,11,1777,674,118,1011,27,303,12,2401,882,25,240],"class_list":{"0":"post-14171","1":"post","2":"type-post","3":"status-publish","4":"format-standard","5":"has-post-thumbnail","7":"category-nice","8":"tag-actu","9":"tag-actualites","10":"tag-eu","11":"tag-europe","12":"tag-faits-divers","13":"tag-fr","14":"tag-france","15":"tag-justice","16":"tag-news","17":"tag-nice","18":"tag-provence-alpes-cote-dazur","19":"tag-republique-francaise","20":"tag-temoignage"},"share_on_mastodon":{"url":"https:\/\/pubeurope.com\/@fr\/114311768493994744","error":""},"_links":{"self":[{"href":"https:\/\/www.europesays.com\/fr\/wp-json\/wp\/v2\/posts\/14171","targetHints":{"allow":["GET"]}}],"collection":[{"href":"https:\/\/www.europesays.com\/fr\/wp-json\/wp\/v2\/posts"}],"about":[{"href":"https:\/\/www.europesays.com\/fr\/wp-json\/wp\/v2\/types\/post"}],"author":[{"embeddable":true,"href":"https:\/\/www.europesays.com\/fr\/wp-json\/wp\/v2\/users\/2"}],"replies":[{"embeddable":true,"href":"https:\/\/www.europesays.com\/fr\/wp-json\/wp\/v2\/comments?post=14171"}],"version-history":[{"count":0,"href":"https:\/\/www.europesays.com\/fr\/wp-json\/wp\/v2\/posts\/14171\/revisions"}],"wp:featuredmedia":[{"embeddable":true,"href":"https:\/\/www.europesays.com\/fr\/wp-json\/wp\/v2\/media\/14172"}],"wp:attachment":[{"href":"https:\/\/www.europesays.com\/fr\/wp-json\/wp\/v2\/media?parent=14171"}],"wp:term":[{"taxonomy":"category","embeddable":true,"href":"https:\/\/www.europesays.com\/fr\/wp-json\/wp\/v2\/categories?post=14171"},{"taxonomy":"post_tag","embeddable":true,"href":"https:\/\/www.europesays.com\/fr\/wp-json\/wp\/v2\/tags?post=14171"}],"curies":[{"name":"wp","href":"https:\/\/api.w.org\/{rel}","templated":true}]}}