{"id":141710,"date":"2025-05-31T12:57:15","date_gmt":"2025-05-31T12:57:15","guid":{"rendered":"https:\/\/www.europesays.com\/fr\/141710\/"},"modified":"2025-05-31T12:57:15","modified_gmt":"2025-05-31T12:57:15","slug":"jai-eu-un-truc-absolument-horrible-veronique-de-villele-revele-pourquoi-son-visage-et-son-corps-sont-deformes","status":"publish","type":"post","link":"https:\/\/www.europesays.com\/fr\/141710\/","title":{"rendered":"\u201cJ\u2019ai eu un truc absolument horrible\u201d : V\u00e9ronique de Vill\u00e8le r\u00e9v\u00e8le pourquoi son visage et son corps sont \u00ab\u00a0d\u00e9form\u00e9s\u00a0\u00bb"},"content":{"rendered":"<p>Ce 30 mai, V\u00e9ronique de Vill\u00e8le a r\u00e9pondu aux questions de Ma\u00eftena Biraben dans son \u00e9mission Mesdames M\u00e9dia sur YouTube. L\u2019occasion pour l\u2019ancienne star de Gym Tonic de r\u00e9v\u00e9ler avoir \u00e9t\u00e9 atteinte d\u2019un gros probl\u00e8me de sant\u00e9 qui lui a caus\u00e9 des d\u00e9formations sur l\u2019ensemble du corps.<\/p>\n<p>V\u00e9ronique de Vill\u00e8le est une star du petit \u00e9cran. De 1981 \u00e0 1987, elle a pr\u00e9sent\u00e9 l\u2019\u00e9mission Gym Tonic avec<a href=\"https:\/\/www.voici.fr\/news-people\/veronique-et-davina-quels-rapports-entretiennent-les-deux-anciennes-sportives-aujourdhui-738638\" rel=\"nofollow noopener\" target=\"_blank\"> son ancienne acolyte, Davina Delor<\/a>. <strong>Apr\u00e8s \u00eatre rest\u00e9e dans l\u2019ombre pendant plusieurs ann\u00e9es, elle est revenue \u00e0 la t\u00e9l\u00e9vision en<\/strong> <strong>2023<\/strong> <a href=\"https:\/\/www.voici.fr\/news-people\/veronique-de-villele-de-retour-a-la-television-elle-rejoint-lequipe-dune-grande-emission-761349\" rel=\"nofollow noopener\" target=\"_blank\">en tant que chroniqueuse dans Le Magazine de la sant\u00e9 sur France 5<\/a>. Un come-back qui a ravi<a href=\"https:\/\/www.voici.fr\/news-people\/veronique-de-villele-gym-tonic-tres-proche-dalain-delon-elle-donne-de-ses-nouvelles-768830\" rel=\"nofollow noopener\" target=\"_blank\"> la coach sportive de 77 ans<\/a>.<\/p>\n<p>En ao\u00fbt 2024, elle \u00e9tait pr\u00e9sente aux <strong>obs\u00e8ques d\u2019Alain Delon<\/strong>, son grand ami. Dans Touche pas \u00e0 mon poste, l\u2019animatrice avait fait des confidences sur le visage post-mortem du Gu\u00e9pard. \u201cC&rsquo;\u00e9tait totalement bouleversant et m\u00eame l\u00e0 <strong>il \u00e9tait l\u00e0 sur son fameux lit en cuir<\/strong> que j&rsquo;ai connu dans toutes ses maisons (&#8230;). Et l\u00e0, il \u00e9tait dans son lit magnifique mais tellement beau ! \u00c7a m&rsquo;a choqu\u00e9e\u201d, avait confi\u00e9 Dominique de Vill\u00e8le.<\/p>\n<p>Dominique de Vill\u00e8le r\u00e9v\u00e8le avoir \u00e9t\u00e9 atteinte d\u2019un probl\u00e8me lymphatique qui lui a d\u00e9form\u00e9 le corps<\/p>\n<p>Et ce 30 mai, elle a d\u00e9cid\u00e9 de lever le voile sur un sujet qui fait d\u00e9bat depuis des ann\u00e9es : son visage. C\u2019est sur YouTube, aupr\u00e8s de <a href=\"https:\/\/www.voici.fr\/bios-people\/maitena-biraben\" data-link-people=\"a352274e-8a3e-4a1d-89eb-7dbe7b1ae831\" rel=\"nofollow noopener\" target=\"_blank\">Ma\u00eftena Biraben<\/a>, que V\u00e9ronique de Vill\u00e8le a expliqu\u00e9 avoir v\u00e9cu un \u00e9pisode particuli\u00e8rement douloureux au cours de sa vie. \u00ab\u00a0<strong>J\u2019ai eu un truc. J\u2019en ai jamais parl\u00e9 d\u2019ailleurs. Avec un truc absolument horrible<\/strong>\u201d, a-t-elle confi\u00e9 dans <a href=\"https:\/\/www.youtube.com\/watch?v=a2hjjuFFzcA&amp;t=238s\" rel=\"nofollow noopener\" target=\"_blank\">l\u2019\u00e9mission Mesdames Media<\/a> de la journaliste. Atteinte d\u2019un probl\u00e8me lymphatique, V\u00e9ronique de Vill\u00e8le a \u00e9t\u00e9 victime de plusieurs d\u00e9formations sur son corps. \u201c<strong>J\u2019avais toutes les extr\u00e9mit\u00e9s, dont la bouche, qui se d\u00e9formaient<\/strong>\u201d, a r\u00e9v\u00e9l\u00e9 la prof de sport, qui a tout de m\u00eame subi une op\u00e9ration de chirurgie en toute discr\u00e9tion. Le plus dur pour elle a \u00e9videmment \u00e9t\u00e9 le regard des autres, dont certains qu&rsquo;elle qualifie \u201ctellement cons\u201d. \u201cC\u2019est terrifiant\u201d, a-t-elle admis.<\/p>\n<p>                                                                        Que devient Davina Delor, acolyte de V\u00e9ronique de Vill\u00e8le dans Gym Tonic ?<\/p>\n<p>Autrefois c\u00e9l\u00e8bre pour<strong> ses s\u00e9ances d&rsquo;a\u00e9robic dans l&rsquo;\u00e9mission <\/strong><strong>Gym Tonic<\/strong> des ann\u00e9es 1980, <a href=\"https:\/\/www.voici.fr\/bios-people\/davina-delor\" data-link-people=\"af8ce224-86f4-4cfc-ad20-f0f43eb2a183\" rel=\"nofollow noopener\" target=\"_blank\"><strong>Davina Delor<\/strong><\/a><strong> <\/strong>a radicalement chang\u00e9 de vie en devenant nonne bouddhiste. Toujours active, elle participe \u00e0 des \u00e9v\u00e9nements tels que le salon du Printemps des Zen&rsquo;ergies \u00e0 Tarbes, o\u00f9 elle partage son exp\u00e9rience de vie et ses enseignements spirituels. <strong>Elle insiste sur l&rsquo;importance de la spiritualit\u00e9 dans la vie quotidienne et encourage chacun \u00e0 trouver sa propre voie vers le bien-\u00eatre.<\/strong> En parall\u00e8le, elle a publi\u00e9 plusieurs ouvrages sur le bouddhisme et le d\u00e9veloppement personnel, tels que Le Bonheur selon Bouddha et La Magie de la pri\u00e8re, offrant des outils pour cultiver la s\u00e9r\u00e9nit\u00e9 et la compassion au quotidien.<\/p>\n","protected":false},"excerpt":{"rendered":"Ce 30 mai, V\u00e9ronique de Vill\u00e8le a r\u00e9pondu aux questions de Ma\u00eftena Biraben dans son \u00e9mission Mesdames M\u00e9dia&hellip;\n","protected":false},"author":2,"featured_media":141711,"comment_status":"","ping_status":"","sticky":false,"template":"","format":"standard","meta":{"footnotes":""},"categories":[1586],"tags":[11,26965,18604,26966,26963,1777,674,1779,1011,27,12,25,26964,1778,364,26962],"class_list":{"0":"post-141710","1":"post","2":"type-post","3":"status-publish","4":"format-standard","5":"has-post-thumbnail","7":"category-europe","8":"tag-actualites","9":"tag-anecdote","10":"tag-chirurgie","11":"tag-chirurgie-esthu00e9tique","12":"tag-confession","13":"tag-eu","14":"tag-europe","15":"tag-european-union","16":"tag-fr","17":"tag-france","18":"tag-news","19":"tag-republique-francaise","20":"tag-tu00e9lu00e9vision","21":"tag-ue","22":"tag-union-europeenne","23":"tag-vu00e9ronique-de-villu00e8le"},"share_on_mastodon":{"url":"https:\/\/pubeurope.com\/@fr\/114602563614261643","error":""},"_links":{"self":[{"href":"https:\/\/www.europesays.com\/fr\/wp-json\/wp\/v2\/posts\/141710","targetHints":{"allow":["GET"]}}],"collection":[{"href":"https:\/\/www.europesays.com\/fr\/wp-json\/wp\/v2\/posts"}],"about":[{"href":"https:\/\/www.europesays.com\/fr\/wp-json\/wp\/v2\/types\/post"}],"author":[{"embeddable":true,"href":"https:\/\/www.europesays.com\/fr\/wp-json\/wp\/v2\/users\/2"}],"replies":[{"embeddable":true,"href":"https:\/\/www.europesays.com\/fr\/wp-json\/wp\/v2\/comments?post=141710"}],"version-history":[{"count":0,"href":"https:\/\/www.europesays.com\/fr\/wp-json\/wp\/v2\/posts\/141710\/revisions"}],"wp:featuredmedia":[{"embeddable":true,"href":"https:\/\/www.europesays.com\/fr\/wp-json\/wp\/v2\/media\/141711"}],"wp:attachment":[{"href":"https:\/\/www.europesays.com\/fr\/wp-json\/wp\/v2\/media?parent=141710"}],"wp:term":[{"taxonomy":"category","embeddable":true,"href":"https:\/\/www.europesays.com\/fr\/wp-json\/wp\/v2\/categories?post=141710"},{"taxonomy":"post_tag","embeddable":true,"href":"https:\/\/www.europesays.com\/fr\/wp-json\/wp\/v2\/tags?post=141710"}],"curies":[{"name":"wp","href":"https:\/\/api.w.org\/{rel}","templated":true}]}}