{"id":141712,"date":"2025-05-31T12:58:15","date_gmt":"2025-05-31T12:58:15","guid":{"rendered":"https:\/\/www.europesays.com\/fr\/141712\/"},"modified":"2025-05-31T12:58:15","modified_gmt":"2025-05-31T12:58:15","slug":"lucas-moura-je-sens-que-lheure-est-arrivee-pour","status":"publish","type":"post","link":"https:\/\/www.europesays.com\/fr\/141712\/","title":{"rendered":"Lucas Moura : \u00ab\u00a0Je sens que l&rsquo;heure est arriv\u00e9e pour"},"content":{"rendered":"<p>En 2012, <strong>Lucas Moura<\/strong> a \u00e9t\u00e9 un des plus gros<br \/>\ntransferts du <strong><a href=\"https:\/\/canal-supporters.com\/\" target=\"_blank\" rel=\"noopener\">PSG<\/a><\/strong> sous QSI. Treize<br \/>\nans plus tard, le club de la capitale est en finale de<br \/>\n<strong>Ligue des Champions<\/strong>, et le Br\u00e9silien s\u2019est confi\u00e9<br \/>\naupr\u00e8s de nos confr\u00e8res de <a href=\"https:\/\/www.franceinfo.fr\/sports\/foot\/ligue-des-champions\/finale\/entretien-ce-psg-a-une-qualite-fondamentale-son-union-estime-l-ancien-joueur-parisien-lucas-moura-avant-la-finale-de-ligue-des-champions-psg-inter-milan_7282029.html\" target=\"_blank\" rel=\"noopener\"><br \/>\nFrance Info<\/a>.<\/p>\n<p>Le meilleur PSG qu\u2019il a pu voir ?<\/p>\n<p>\u00ab\u00a0C\u2019est difficile de dire si c\u2019est le meilleur PSG que<br \/>\nj\u2019ai vu. Je crois qu\u2019il y a eu beaucoup de moments diff\u00e9rents, o\u00f9<br \/>\nle PSG a tr\u00e8s bien jou\u00e9, m\u00eame si \u00e7a n\u2019a pas donn\u00e9 de bons<br \/>\nr\u00e9sultats. Et parfois, l\u2019\u00e9quipe ne jouait pas aussi bien et avait<br \/>\nde bons r\u00e9sultats. Mais le football n\u2019est pas une science exacte.<br \/>\nJe pense que ce PSG a une qualit\u00e9 fondamentale au foot : cette<br \/>\nunion o\u00f9 chacun a le m\u00eame objectif, chacun court et va dans la m\u00eame<br \/>\ndirection, chacun est concentr\u00e9 dans cet objectif de conqu\u00e9rir la<br \/>\nLigue des champions. Ainsi, il est plus facile de faire ressortir<br \/>\nles qualit\u00e9s individuelles de chacun. De l\u2019ext\u00e9rieur, c\u2019est ce qui<br \/>\nressort. C\u2019est leur principale qualit\u00e9, avec, sans aucun doute, un<br \/>\ngrand entra\u00eeneur, Luis Enrique, qui a une grande responsabilit\u00e9<br \/>\nl\u00e0-dedans\u00a0\u00bb.<\/p>\n<p>Ses souvenirs avec Marquinhos<\/p>\n<p>\u00ab\u00a0Quand il est arriv\u00e9, c\u2019\u00e9tait d\u00e9j\u00e0 un tr\u00e8s bon joueur.<br \/>\nIl avait un \u00e9norme potentiel. On ne se connaissait pas. Je savais<br \/>\nqui il \u00e9tait, mais on n\u2019avait pas de contact. En tr\u00e8s peu de temps,<br \/>\nil s\u2019est cr\u00e9\u00e9 une tr\u00e8s forte amiti\u00e9 entre nous. Certainement le<br \/>\nfait qu\u2019on ait \u00e0 peu pr\u00e8s le m\u00eame \u00e2ge, qu\u2019on soit Br\u00e9siliens<br \/>\nexpatri\u00e9s en France. On \u00e9tait tout le temps ensemble : j\u2019allais<br \/>\nchez lui, lui chez moi\u2026 C\u2019est difficile, quand on conna\u00eet<br \/>\nMarquinhos, de ne pas \u00eatre ami avec lui. C\u2019est quelqu\u2019un qui est<br \/>\ntr\u00e8s famille, tr\u00e8s bon. Cette amiti\u00e9 a \u00e9t\u00e9 tr\u00e8s<br \/>\nnaturelle\u00a0\u00bb.<\/p>\n<p>Marquinhos, celui qui repr\u00e9sente le<br \/>\nmieux le PSG ?<\/p>\n<p>\u00ab\u00a0Sans aucun doute. D\u2019abord par rapport au temps qu\u2019il<br \/>\na pass\u00e9 dans ce club, sa fid\u00e9lit\u00e9, ses qualit\u00e9s. C\u2019est quelqu\u2019un de<br \/>\ntr\u00e8s investi, qui aime ce club, qui aime ce quotidien, qui aime<br \/>\nParis. Il le repr\u00e9sente tr\u00e8s bien sur le terrain avec ses qualit\u00e9s,<br \/>\nsa rage de vaincre, son \u00e9l\u00e9gance\u00a0\u00bb.<\/p>\n<p>L\u2019attente du PSG autour de la C1<\/p>\n<p>\u00ab\u00a0Il y a toujours eu une grande attente, pas seulement<br \/>\ndes joueurs, mais aussi des supporters, des m\u00e9dias. On n\u2019a pas<br \/>\nr\u00e9ussi \u00e0 l\u2019atteindre, alors qu\u2019on avait les qualit\u00e9s pour le faire.<br \/>\nMais la Ligue des champions est une comp\u00e9tition tr\u00e8s difficile,<br \/>\navec de grandes \u00e9quipes. Ce sont divers facteurs qui peuvent faire<br \/>\nla diff\u00e9rence. Chaque ann\u00e9e que j\u2019ai pass\u00e9e, on avait une \u00e9quipe de<br \/>\nhaut niveau en capacit\u00e9 de la remporter. Mais pour une raison ou<br \/>\nune autre, on n\u2019y est pas parvenu\u00a0\u00bb.<\/p>\n<p>Cette finale face \u00e0 l\u2019Inter Milan<\/p>\n<p>\u00ab\u00a0Je pense que ce sera un match tr\u00e8s \u00e9quilibr\u00e9. Les<br \/>\ndeux \u00e9quipes ont tr\u00e8s bien jou\u00e9 pour atteindre cette finale.<br \/>\nL\u2019\u00e9quipe parisienne est tr\u00e8s \u00e9quilibr\u00e9e, tr\u00e8s bien entra\u00een\u00e9e. C\u2019est<br \/>\nune \u00e9quipe tr\u00e8s forte, qui produit du beau jeu. Il ressort une tr\u00e8s<br \/>\ngrande force de ce collectif. Pour moi, il n\u2019y a pas de favori,<br \/>\nmais je sens que l\u2019heure est arriv\u00e9e pour le PSG. Mon pronostic est<br \/>\n: 2-1 pour le PSG\u00a0\u00bb.<\/p>\n<\/p>\n<p>YouTube : <a href=\"https:\/\/www.youtube.com\/watch?v=eLvCxeJ2jLc&amp;t=1939s\" target=\"_blank\" rel=\"noopener\">Canal<br \/>\nSupporters Paris<\/a><\/p>\n","protected":false},"excerpt":{"rendered":"En 2012, Lucas Moura a \u00e9t\u00e9 un des plus gros transferts du PSG sous QSI. Treize ans plus&hellip;\n","protected":false},"author":2,"featured_media":141713,"comment_status":"","ping_status":"","sticky":false,"template":"","format":"standard","meta":{"footnotes":""},"categories":[2],"tags":[11,8132,21845,81,26078,26079,26080,1011,27,26967,26968,12,91,92,93,25,96],"class_list":{"0":"post-141712","1":"post","2":"type-post","3":"status-publish","4":"format-standard","5":"has-post-thumbnail","7":"category-actualites","8":"tag-actualites","9":"tag-anciens","10":"tag-anciens-du-psg","11":"tag-canal-supporters","12":"tag-finale-de-c1","13":"tag-finale-de-ldc","14":"tag-finale-de-ligue-des-champions","15":"tag-fr","16":"tag-france","17":"tag-lucas-moura","18":"tag-lucas-moura-psg","19":"tag-news","20":"tag-paris-saint-germain","21":"tag-paris-sg","22":"tag-psg","23":"tag-republique-francaise","24":"tag-une"},"share_on_mastodon":{"url":"https:\/\/pubeurope.com\/@fr\/114602567616518243","error":""},"_links":{"self":[{"href":"https:\/\/www.europesays.com\/fr\/wp-json\/wp\/v2\/posts\/141712","targetHints":{"allow":["GET"]}}],"collection":[{"href":"https:\/\/www.europesays.com\/fr\/wp-json\/wp\/v2\/posts"}],"about":[{"href":"https:\/\/www.europesays.com\/fr\/wp-json\/wp\/v2\/types\/post"}],"author":[{"embeddable":true,"href":"https:\/\/www.europesays.com\/fr\/wp-json\/wp\/v2\/users\/2"}],"replies":[{"embeddable":true,"href":"https:\/\/www.europesays.com\/fr\/wp-json\/wp\/v2\/comments?post=141712"}],"version-history":[{"count":0,"href":"https:\/\/www.europesays.com\/fr\/wp-json\/wp\/v2\/posts\/141712\/revisions"}],"wp:featuredmedia":[{"embeddable":true,"href":"https:\/\/www.europesays.com\/fr\/wp-json\/wp\/v2\/media\/141713"}],"wp:attachment":[{"href":"https:\/\/www.europesays.com\/fr\/wp-json\/wp\/v2\/media?parent=141712"}],"wp:term":[{"taxonomy":"category","embeddable":true,"href":"https:\/\/www.europesays.com\/fr\/wp-json\/wp\/v2\/categories?post=141712"},{"taxonomy":"post_tag","embeddable":true,"href":"https:\/\/www.europesays.com\/fr\/wp-json\/wp\/v2\/tags?post=141712"}],"curies":[{"name":"wp","href":"https:\/\/api.w.org\/{rel}","templated":true}]}}