{"id":141716,"date":"2025-05-31T13:00:10","date_gmt":"2025-05-31T13:00:10","guid":{"rendered":"https:\/\/www.europesays.com\/fr\/141716\/"},"modified":"2025-05-31T13:00:10","modified_gmt":"2025-05-31T13:00:10","slug":"les-trois-quarts-des-francais-soutiennent-la-position-de-la-france-face-a-israel","status":"publish","type":"post","link":"https:\/\/www.europesays.com\/fr\/141716\/","title":{"rendered":"Les trois quarts des Fran\u00e7ais soutiennent la position de la France face \u00e0 Isra\u00ebl"},"content":{"rendered":"<p style=\"text-align:justify;\">AA \/ Tunis \/ Majdi Ismail<\/p>\n<p style=\"text-align:justify;\">Les trois quarts des Fran\u00e7ais (74%) soutiennent la position de la France face \u00e0 Isra\u00ebl, si l\u2019offensive militaire \u00e0 Gaza ne cesse pas, selon les r\u00e9sultats du dernier barom\u00e8tre Odoxa, consult\u00e9s par Anadolu.<\/p>\n<p style=\"text-align:justify;\">Le pr\u00e9sident fran\u00e7ais Emmanuel Macron a \u00e9voqu\u00e9 cette possibilit\u00e9 lors de son intervention sur TF1, en cas d\u2019entrave \u00e0 l\u2019aide humanitaire ou d\u2019occupation durable de Gaza. Il a r\u00e9it\u00e9r\u00e9 cette m\u00eame position lors de sa tourn\u00e9e en Asie du Sud-Est.<\/p>\n<p style=\"text-align:justify;\">Selon le sondage Odoxa, en moyenne, 61% des Fran\u00e7ais soutiennent le panel de sanctions envisag\u00e9es, sur le plan diplomatique, \u00e9conomique, ou juridique : Ils sont ainsi 75% \u00e0 \u00eatre pour l\u2019arr\u00eat des livraisons d\u2019armes, 62% \u00e0 \u00eatre favorables \u00e0 la suspension de l\u2019accord commercial Isra\u00ebl-UE, et 58% seraient m\u00eame pour un embargo total sur les produits en provenance d\u2019Isra\u00ebl.<\/p>\n<p style=\"text-align:justify;\">Cependant, les exclusions sportives ou culturelles, comme \u00e0 l\u2019Eurovision, divisent davantage (seulement 48% des Fran\u00e7ais y sont favorables).<\/p>\n<p style=\"text-align:justify;\">Le soutien aux sanctions est particuli\u00e8rement fort chez les sympathisants de gauche (jusqu\u2019\u00e0 95%), mais reste majoritaire m\u00eame \u00e0 droite (65% chez Les R\u00e9publicains, 59% au Rassemblement national).<\/p>\n<p style=\"text-align:justify;\">Par ailleurs, 63% des Fran\u00e7ais sont favorables \u00e0 la reconnaissance officielle par la France de l\u2019Etat palestinien. Une d\u00e9cision qu\u2019Emmanuel Macron pourrait acter le mois prochain \u00e0 New York lors d\u2019une conf\u00e9rence copr\u00e9sid\u00e9e avec l\u2019Arabie saoudite.<\/p>\n<p style=\"text-align:justify;\">Gr\u00e2ce \u00e0 sa prise de position sur Gaza, la popularit\u00e9 d\u2019Emmanuel Macron a progress\u00e9 de 3 points \u00e0 29%, son plus haut niveau depuis un an.<\/p>\n<p style=\"text-align:justify;\">Emmanuel Macron a r\u00e9it\u00e9r\u00e9 vendredi la n\u00e9cessit\u00e9 de reconna\u00eetre un Etat palestinien. Cette reconnaissance n&rsquo;est \u2018\u2019pas simplement un devoir moral, mais aussi une exigence politique\u2019\u2019, a-t-il insist\u00e9 lors d&rsquo;une conf\u00e9rence de presse conjointe avec le premier ministre singapourien, Lawrence Wong, \u00e0 Singapour, derni\u00e8re \u00e9tape de sa tourn\u00e9e en Asie du Sud-Est.<\/p>\n<p style=\"text-align:justify;\">Il a aussi soulign\u00e9 que les Europ\u00e9ens devaient \u2018\u2019durcir la position collective\u2019\u2019 contre Isra\u00ebl \u2019\u2019s&rsquo;il n&rsquo;y a pas une r\u00e9ponse qui est \u00e0 la hauteur de la situation humanitaire qui est apport\u00e9e dans les prochaines heures et les prochains jours\u2019\u2019 dans la bande de Gaza.<\/p>\n<p style=\"text-align:justify;\">Selon le chef de l&rsquo;Etat fran\u00e7ais, si le gouvernement isra\u00e9lien ne facilite pas l&rsquo;acc\u00e8s de l&rsquo;aide humanitaire \u00e0 la bande de Gaza pour \u00e9viter une famine, le bloc des Vingt-Sept devra \u2018\u2019appliquer ses r\u00e8gles\u2019\u2019, \u2018\u2019c&rsquo;est-\u00e0-dire mettre un terme \u00e0 des processus qui supposent le respect des droits de l&rsquo;Homme, ce qui n&rsquo;est pas le cas aujourd&rsquo;hui, et appliquer des sanctions\u2019\u2019, a expliqu\u00e9 le pensionnaire de l&rsquo;\u00c9lys\u00e9e.<\/p>\n<p>                            &#13;<br \/>\n                                <a href=\"https:\/\/www.aa.com.tr\/fr\/p\/abonnement\/1001\" target=\"_blank\" style=\"font-size:12px; color:#444; text-decoration:none;\" rel=\"nofollow noopener\">&#13;<br \/>\n                                    Seulement une partie des d\u00e9p\u00eaches, que l&rsquo;Agence Anadolu diffuse \u00e0 ses abonn\u00e9s via le Syst\u00e8me de Diffusion interne (HAS), est diffus\u00e9e sur le site de l&rsquo;AA, de mani\u00e8re r\u00e9sum\u00e9e. <b style=\"color:#1897F7\">Contactez-nous s&rsquo;il vous pla\u00eet pour vous abonner.<\/b>&#13;<br \/>\n                                <\/a>&#13;<\/p>\n","protected":false},"excerpt":{"rendered":"AA \/ Tunis \/ Majdi Ismail Les trois quarts des Fran\u00e7ais (74%) soutiennent la position de la France&hellip;\n","protected":false},"author":2,"featured_media":141717,"comment_status":"","ping_status":"","sticky":false,"template":"","format":"standard","meta":{"footnotes":""},"categories":[4],"tags":[11,1785,26969,1011,27,12,26970,25,13947,26971],"class_list":{"0":"post-141716","1":"post","2":"type-post","3":"status-publish","4":"format-standard","5":"has-post-thumbnail","7":"category-france","8":"tag-actualites","9":"tag-anadolu-ajansi","10":"tag-dernier-baromtre-odoxa","11":"tag-fr","12":"tag-france","13":"tag-news","14":"tag-position-de-la-france-face-isral","15":"tag-republique-francaise","16":"tag-sondage","17":"tag-trois-quarts-des-franais"},"share_on_mastodon":{"url":"https:\/\/pubeurope.com\/@fr\/114602575540002201","error":""},"_links":{"self":[{"href":"https:\/\/www.europesays.com\/fr\/wp-json\/wp\/v2\/posts\/141716","targetHints":{"allow":["GET"]}}],"collection":[{"href":"https:\/\/www.europesays.com\/fr\/wp-json\/wp\/v2\/posts"}],"about":[{"href":"https:\/\/www.europesays.com\/fr\/wp-json\/wp\/v2\/types\/post"}],"author":[{"embeddable":true,"href":"https:\/\/www.europesays.com\/fr\/wp-json\/wp\/v2\/users\/2"}],"replies":[{"embeddable":true,"href":"https:\/\/www.europesays.com\/fr\/wp-json\/wp\/v2\/comments?post=141716"}],"version-history":[{"count":0,"href":"https:\/\/www.europesays.com\/fr\/wp-json\/wp\/v2\/posts\/141716\/revisions"}],"wp:featuredmedia":[{"embeddable":true,"href":"https:\/\/www.europesays.com\/fr\/wp-json\/wp\/v2\/media\/141717"}],"wp:attachment":[{"href":"https:\/\/www.europesays.com\/fr\/wp-json\/wp\/v2\/media?parent=141716"}],"wp:term":[{"taxonomy":"category","embeddable":true,"href":"https:\/\/www.europesays.com\/fr\/wp-json\/wp\/v2\/categories?post=141716"},{"taxonomy":"post_tag","embeddable":true,"href":"https:\/\/www.europesays.com\/fr\/wp-json\/wp\/v2\/tags?post=141716"}],"curies":[{"name":"wp","href":"https:\/\/api.w.org\/{rel}","templated":true}]}}