{"id":141722,"date":"2025-05-31T13:04:08","date_gmt":"2025-05-31T13:04:08","guid":{"rendered":"https:\/\/www.europesays.com\/fr\/141722\/"},"modified":"2025-05-31T13:04:08","modified_gmt":"2025-05-31T13:04:08","slug":"roland-garros-sabalenka-a-un-journaliste-sur-djokovic-laissez-le-tranquille-laissez-le-vivre-vous-essayez-de-mettre-autant-de-pression-que-possible-sur-novak","status":"publish","type":"post","link":"https:\/\/www.europesays.com\/fr\/141722\/","title":{"rendered":"Roland Garros > Sabalenka \u00e0 un journaliste sur Djokovic : \u00ab\u00a0Laissez-le tranquille. Laissez-le vivre. Vous essayez de mettre autant de pression que possible sur Novak !\u00a0\u00bb"},"content":{"rendered":"<p>En conf\u00e9\u00adrence de presse apr\u00e8s sa quali\u00adfi\u00adca\u00adtion pour les huiti\u00e8mes de finale de Roland\u2010Garros, la num\u00e9ro 1 mondiale Aryna Sabalenka a genti\u00adment \u00ab\u202fbous\u00adcul\u00e9\u202f\u00bb un jour\u00adna\u00adliste lui ayant pos\u00e9 une ques\u00adtion sur Novak Djokovic, avec qui elle entre\u00adtient d\u2019ex\u00adcel\u00adlents rapports.<\/p>\n<p>Question\u00a0: \u00ab\u202f\u00c9tant donn\u00e9 que vous \u00eates en tr\u00e8s bons termes avec Novak, que pensez\u2010vous de lui, de sa long\u00e9\u00advit\u00e9 et de tout le reste\u202f? Combien de temps pensez\u2010vous qu\u2019il pourra jouer et pourra\u2010t\u2010il gagner Roland\u2010Garros\u202f?\u202f\u00bb<\/p>\n<p>Sabalenka\u00a0: <strong>\u00ab\u202fVous essayez de mettre autant de pres\u00adsion que possible sur Novak. Laissez\u2010le tran\u00adquille. Regardez\u2010le laisser tran\u00adquille. Il est en forme, fort. Mentalement, physi\u00adque\u00adment, je pense qu\u2019il est pr\u00eat \u00e0 jouer, je ne sais pas, encore deux, trois ans. Il se d\u00e9brouille vrai\u00adment bien. Bien s\u00fbr, il y a des hauts et des bas, tout le monde en a. Je crois que plus on vieillit, plus c\u2019est diffi\u00adcile de rester constant \u00e0 ce niveau. Mais on voit que d\u00e8s qu\u2019il est pr\u00eat, d\u00e8s qu\u2019il est en bonne sant\u00e9 et en forme, il est l\u00e0 et il joue un tennis excep\u00adtionnel. Alors laissez\u2010le tran\u00adquille. Laissez\u2010le vivre. Imaginez s\u2019il prenait sa retraite demain, tout le monde serait triste, non\u202f? Vous ne pensez pas\u202f? C\u2019\u00e9tait telle\u00adment triste de voir la c\u00e9r\u00e9\u00admonie pour Nadal, les quatre grands \u00e9taient sur le court et on compre\u00adnait que trois d\u2019entre eux avaient pris leur retraite. Tout le monde regrette leurs matchs. Alors lais\u00adsons Novak se battre\u2026\u202f\u00bb<\/strong><\/p>\n<blockquote class=\"twitter-tweet\">\n<p lang=\"en\" dir=\"ltr\">\u00ab\u202fLeave him alone\u2026 he\u2019s playing great tennis!\u00ab\u202f<\/p>\n<p>Aryna Sabalenka doesn\u2019t even want to think about Novak Djokovic reti\u00adring \ud83d\ude45\u200d\u2640\ufe0f<a href=\"https:\/\/twitter.com\/hashtag\/RolandGarros?src=hash&amp;ref_src=twsrc%5Etfw\" data-wpel-link=\"external\" target=\"_blank\" rel=\"nofollow external noopener\">#RolandGarros<\/a> <a href=\"https:\/\/t.co\/20xBRE8cn8\" data-wpel-link=\"external\" target=\"_blank\" rel=\"nofollow external noopener\">pic.twitter.com\/20xBRE8cn8<\/a><\/p>\n<p>\u2014 TNT Sports (@tntsports) <a href=\"https:\/\/twitter.com\/tntsports\/status\/1928731178577629545?ref_src=twsrc%5Etfw\" data-wpel-link=\"external\" target=\"_blank\" rel=\"nofollow external noopener\">May 31,\u00a02025<\/a><\/p><\/blockquote>\n<p class=\"post-published-date\" style=\"color: silver; font-size: 75%; text-align: left;\">Publi\u00e9 le samedi 31 mai 2025 \u00e0 12:43<\/p>\n<p><script async src=\"https:\/\/platform.twitter.com\/widgets.js\" charset=\"utf-8\"><\/script><\/p>\n","protected":false},"excerpt":{"rendered":"En conf\u00e9\u00adrence de presse apr\u00e8s sa quali\u00adfi\u00adca\u00adtion pour les huiti\u00e8mes de finale de Roland\u2010Garros, la num\u00e9ro 1 mondiale&hellip;\n","protected":false},"author":2,"featured_media":141723,"comment_status":"","ping_status":"","sticky":false,"template":"","format":"standard","meta":{"footnotes":""},"categories":[1415],"tags":[7615,105,1011,27,1960,60,1467],"class_list":{"0":"post-141722","1":"post","2":"type-post","3":"status-publish","4":"format-standard","5":"has-post-thumbnail","7":"category-tennis","8":"tag-aryna-sabalenka","9":"tag-djokovic","10":"tag-fr","11":"tag-france","12":"tag-nadal","13":"tag-sports","14":"tag-tennis"},"share_on_mastodon":{"url":"https:\/\/pubeurope.com\/@fr\/114602591031052151","error":""},"_links":{"self":[{"href":"https:\/\/www.europesays.com\/fr\/wp-json\/wp\/v2\/posts\/141722","targetHints":{"allow":["GET"]}}],"collection":[{"href":"https:\/\/www.europesays.com\/fr\/wp-json\/wp\/v2\/posts"}],"about":[{"href":"https:\/\/www.europesays.com\/fr\/wp-json\/wp\/v2\/types\/post"}],"author":[{"embeddable":true,"href":"https:\/\/www.europesays.com\/fr\/wp-json\/wp\/v2\/users\/2"}],"replies":[{"embeddable":true,"href":"https:\/\/www.europesays.com\/fr\/wp-json\/wp\/v2\/comments?post=141722"}],"version-history":[{"count":0,"href":"https:\/\/www.europesays.com\/fr\/wp-json\/wp\/v2\/posts\/141722\/revisions"}],"wp:featuredmedia":[{"embeddable":true,"href":"https:\/\/www.europesays.com\/fr\/wp-json\/wp\/v2\/media\/141723"}],"wp:attachment":[{"href":"https:\/\/www.europesays.com\/fr\/wp-json\/wp\/v2\/media?parent=141722"}],"wp:term":[{"taxonomy":"category","embeddable":true,"href":"https:\/\/www.europesays.com\/fr\/wp-json\/wp\/v2\/categories?post=141722"},{"taxonomy":"post_tag","embeddable":true,"href":"https:\/\/www.europesays.com\/fr\/wp-json\/wp\/v2\/tags?post=141722"}],"curies":[{"name":"wp","href":"https:\/\/api.w.org\/{rel}","templated":true}]}}