{"id":14173,"date":"2025-04-10T04:27:13","date_gmt":"2025-04-10T04:27:13","guid":{"rendered":"https:\/\/www.europesays.com\/fr\/14173\/"},"modified":"2025-04-10T04:27:13","modified_gmt":"2025-04-10T04:27:13","slug":"frequentee-par-plus-de-10-000-voyageurs-par-an-cette-gare-au-sud-de-bordeaux-est-fermee-pour-une-longue-duree","status":"publish","type":"post","link":"https:\/\/www.europesays.com\/fr\/14173\/","title":{"rendered":"Fr\u00e9quent\u00e9e par plus de 10 000 voyageurs par an, cette gare au sud de Bordeaux est ferm\u00e9e pour une longue dur\u00e9e"},"content":{"rendered":"<p>            Par<br \/>\n        <strong><br \/>\n            <a href=\"https:\/\/actu.fr\/auteur\/sports33\" title=\"Consulter tous les articles de Nicolas Gosselin\" target=\"_blank\" rel=\"noopener\">Nicolas Gosselin<\/a><br \/>\n        <\/strong><\/p>\n<p>        Publi\u00e9 le<\/p>\n<p>            8 avr. 2025 \u00e0 12h24        <\/p>\n<p><strong>Mauvaise nouvelle<\/strong> pour les usagers de la <a href=\"https:\/\/actu.fr\/tag\/sncf\" target=\"_blank\" rel=\"noopener\">gare SNCF<\/a> de <a href=\"https:\/\/actu.fr\/nouvelle-aquitaine\/villenave-d-ornon_33550\" target=\"_blank\" rel=\"noopener\">Villenave d\u2019Ornon<\/a> (Gironde). Du 31 mars au 28 septembre 2025, cette halte voyageurs du <strong>r\u00e9seau TER Nouvelle-Aquitaine<\/strong> n\u2019est plus desservie.<\/p>\n<p class=\" wall-content\">Cette fermeture temporaire est due aux travaux d\u2019<strong>am\u00e9nagements ferroviaires au sud de Bordeaux (AFSB)<\/strong>. En augmentant la capacit\u00e9 du r\u00e9seau ferr\u00e9, ce chantier pr\u00e9voit d\u2019am\u00e9liorer les transports du quotidien (la ligne TER 44 entre Bordeaux et Agen) mais aussi les transports longue distance.<\/p>\n<p>Des travaux li\u00e9s \u00e0 la LGV Bordeaux-Toulouse<\/p>\n<p class=\" wall-content\">Ces travaux s\u2019inscrivent notamment dans le cadre\u00a0du <strong>Grand projet ferroviaire du sud-ouest (GPSO)<\/strong>, qui comprendra la <a href=\"https:\/\/actu.fr\/tag\/lgv-bordeaux-toulouse\" target=\"_blank\" rel=\"noopener\">LGV Bordeaux-Toulouse<\/a>.<\/p>\n<p class=\" wall-content\">La zone de travaux de l\u2019AFSB s\u2019\u00e9tend sur 12 kilom\u00e8tres entre la gare de Bordeaux Saint-Jean, la gare de <strong>B\u00e8gles<\/strong>, la gare de Villenave d\u2019Ornon, la gare de <strong>Cadaujac<\/strong> et la gare de <strong>Saint-M\u00e9dard d\u2019Eyrans<\/strong>.<\/p>\n<p>D\u2019autres gares vont fermer \u00e0 partir de 2026<\/p>\n<p class=\" wall-content\">Le chantier pr\u00e9voit<strong> la cr\u00e9ation d\u2019une troisi\u00e8me voie<\/strong> sur l\u2019ensemble de la zone concern\u00e9e <strong>et d\u2019une quatri\u00e8me voie au niveau des quatre \u00e9voqu\u00e9es<\/strong>, en plus de nouveaux am\u00e9nagements pour am\u00e9liorer l\u2019accessibilit\u00e9.<\/p>\n<p>Vid\u00e9os : en ce moment sur Actu<\/p>\n<p class=\" wall-content\">Apr\u00e8s la gare de Villenave d\u2019Ornon, qui est fr\u00e9quent\u00e9e par plus de 10 000 voyageurs par an, les trois autres gares vont aussi \u00eatre ferm\u00e9es temporairement entre 2026 et 2028 pour permettre le bon d\u00e9roulement des am\u00e9nagements ferroviaires au sud de Bordeaux.<\/p>\n<p class=\" wall-content\">Suivez toute l\u2019actualit\u00e9 de vos villes et m\u00e9dias favoris en vous inscrivant \u00e0 <a href=\"https:\/\/moncompte.actu.fr\" title=\"D\u00e9couvez Mon Actu\" rel=\"nofollow noopener\" data-trk=\"{&quot;cta&quot;:{&quot;action&quot;:&quot;https:\\\/\\\/moncompte.actu.fr&quot;,&quot;category&quot;:&quot;mon compte&quot;,&quot;from&quot;:&quot;article footer&quot;,&quot;name&quot;:&quot;Mon actu&quot;,&quot;type&quot;:&quot;cta&quot;}}\" target=\"_blank\">Mon Actu<\/a>.<\/p>\n","protected":false},"excerpt":{"rendered":"Par Nicolas Gosselin Publi\u00e9 le 8 avr. 2025 \u00e0 12h24 Mauvaise nouvelle pour les usagers de la gare&hellip;\n","protected":false},"author":2,"featured_media":14174,"comment_status":"","ping_status":"","sticky":false,"template":"","format":"standard","meta":{"footnotes":""},"categories":[2817],"tags":[1111,11,1997,1777,674,1011,27,6200,12,2219,25,2215,104,2803],"class_list":{"0":"post-14173","1":"post","2":"type-post","3":"status-publish","4":"format-standard","5":"has-post-thumbnail","7":"category-bordeaux","8":"tag-actu","9":"tag-actualites","10":"tag-bordeaux","11":"tag-eu","12":"tag-europe","13":"tag-fr","14":"tag-france","15":"tag-lgv-bordeaux-toulouse","16":"tag-news","17":"tag-nouvelle-aquitaine","18":"tag-republique-francaise","19":"tag-sncf","20":"tag-societe","21":"tag-transport"},"share_on_mastodon":{"url":"https:\/\/pubeurope.com\/@fr\/114311780376552150","error":""},"_links":{"self":[{"href":"https:\/\/www.europesays.com\/fr\/wp-json\/wp\/v2\/posts\/14173","targetHints":{"allow":["GET"]}}],"collection":[{"href":"https:\/\/www.europesays.com\/fr\/wp-json\/wp\/v2\/posts"}],"about":[{"href":"https:\/\/www.europesays.com\/fr\/wp-json\/wp\/v2\/types\/post"}],"author":[{"embeddable":true,"href":"https:\/\/www.europesays.com\/fr\/wp-json\/wp\/v2\/users\/2"}],"replies":[{"embeddable":true,"href":"https:\/\/www.europesays.com\/fr\/wp-json\/wp\/v2\/comments?post=14173"}],"version-history":[{"count":0,"href":"https:\/\/www.europesays.com\/fr\/wp-json\/wp\/v2\/posts\/14173\/revisions"}],"wp:featuredmedia":[{"embeddable":true,"href":"https:\/\/www.europesays.com\/fr\/wp-json\/wp\/v2\/media\/14174"}],"wp:attachment":[{"href":"https:\/\/www.europesays.com\/fr\/wp-json\/wp\/v2\/media?parent=14173"}],"wp:term":[{"taxonomy":"category","embeddable":true,"href":"https:\/\/www.europesays.com\/fr\/wp-json\/wp\/v2\/categories?post=14173"},{"taxonomy":"post_tag","embeddable":true,"href":"https:\/\/www.europesays.com\/fr\/wp-json\/wp\/v2\/tags?post=14173"}],"curies":[{"name":"wp","href":"https:\/\/api.w.org\/{rel}","templated":true}]}}