{"id":141736,"date":"2025-05-31T13:12:12","date_gmt":"2025-05-31T13:12:12","guid":{"rendered":"https:\/\/www.europesays.com\/fr\/141736\/"},"modified":"2025-05-31T13:12:12","modified_gmt":"2025-05-31T13:12:12","slug":"une-transformation-insolite-pour-cette-cabine-de-bateau","status":"publish","type":"post","link":"https:\/\/www.europesays.com\/fr\/141736\/","title":{"rendered":"une transformation insolite pour cette cabine de bateau"},"content":{"rendered":"<p>            Par<br \/>\n        <strong><br \/>\n            <a href=\"https:\/\/actu.fr\/auteur\/journaliste-ehpg\" title=\"Consulter tous les articles de R\u00e9daction Gu\u00e9rande\" target=\"_blank\" rel=\"noopener\">R\u00e9daction Gu\u00e9rande<\/a><br \/>\n        <\/strong><\/p>\n<p>        Publi\u00e9 le<\/p>\n<p>            31 mai 2025 \u00e0 15h00        <\/p>\n<p>\u00c0 c\u00f4t\u00e9 du phare de Tr\u00e9higuier \u00e0 <a href=\"https:\/\/actu.fr\/bretagne\/penestin_56155\" target=\"_blank\" rel=\"noopener\">P\u00e9nestin<\/a> (Morbihan), une nouvelle bo\u00eete \u00e0 livres pas comme les autres a vu le jour\u2009: Le Boat \u00e0 Livres, une cabine de bateau r\u00e9nov\u00e9e et transform\u00e9e en espace de partage litt\u00e9raire.<\/p>\n<p class=\" wall-content\">Une initiative originale port\u00e9e par l\u2019association Vivr\u2019\u00e0 Tr\u00e9higuier.<\/p>\n<p>Un ancien bateau de p\u00eache<\/p>\n<p class=\" wall-content\">Autrefois, Le Rescator p\u00eachait coques, palourdes, vernis et coquilles Saint-Jacques dans l\u2019estuaire de la Vilaine, ainsi qu\u2019en baie de <a href=\"https:\/\/actu.fr\/bretagne\/quiberon_56186\" target=\"_blank\" rel=\"noopener\">Quiberon<\/a>, \u00e0 <a href=\"https:\/\/actu.fr\/tag\/belle-ile-en-mer\" target=\"_blank\" rel=\"noopener\">Belle-\u00cele<\/a> et <a href=\"https:\/\/actu.fr\/bretagne\/ile-d-houat_56086\" target=\"_blank\" rel=\"noopener\">Houat<\/a>. Sa cabine propose aujourd\u2019hui des livres.<\/p>\n<p class=\" wall-content\">Dix b\u00e9n\u00e9voles ont \u0153uvr\u00e9 pendant trois ans pour restaurer la cabine, qui, stock\u00e9e en ext\u00e9rieur, a subi plusieurs infiltrations d\u2019eau.<\/p>\n<p class=\" wall-content\">Gr\u00e2ce \u00e0 une subvention municipale de 600\u00a0\u20ac, compl\u00e9t\u00e9e par les fonds propres de l\u2019association, le projet a pu voir le jour.<\/p>\n<p>Vid\u00e9os : en ce moment sur ActuEn libre acc\u00e8s et gratuit<\/p>\n<p class=\" wall-content\">Le principe du Boat \u00e0 Livres est simple\u2009: chacun peut d\u00e9poser ou prendre un livre, gratuitement et sans contrainte. L\u2019association veille \u00e0 la bonne gestion de l\u2019espace, en assurant un renouvellement progressif des ouvrages.<\/p>\n<p>    <img   decoding=\"async\" loading=\"lazy\" class=\"size-large\" src=\"https:\/\/www.europesays.com\/fr\/wp-content\/uploads\/2025\/05\/da67c87774286be67c87774289277cv-960x640.jpg\" alt=\"La cabine\" width=\"960\" height=\"640\"\/><br \/>\n    La cabine de l\u2019ancien bateau \u00a9Vivreatrehiguier<\/p>\n<p class=\" wall-content\">Les livres doivent \u00eatre en bon \u00e9tat, et la cabine ne doit pas \u00eatre surcharg\u00e9e. L\u2019association Vivr\u2019\u00e0 Tr\u00e9higuier, qui compte une cinquantaine d\u2019adh\u00e9rents, esp\u00e8re que les habitants et visiteurs s\u2019approprieront rapidement ce nouvel espace et appellent au civisme, afin que la cabine connaisse une longue deuxi\u00e8me vie.<\/p>\n<p class=\" wall-content\">Suivez toute l\u2019actualit\u00e9 de vos villes et m\u00e9dias favoris en vous inscrivant \u00e0 <a href=\"https:\/\/moncompte.actu.fr\" title=\"D\u00e9couvez Mon Actu\" rel=\"nofollow noopener\" data-trk=\"{&quot;cta&quot;:{&quot;action&quot;:&quot;https:\\\/\\\/moncompte.actu.fr&quot;,&quot;category&quot;:&quot;mon compte&quot;,&quot;from&quot;:&quot;article footer&quot;,&quot;name&quot;:&quot;Mon actu&quot;,&quot;type&quot;:&quot;cta&quot;}}\" target=\"_blank\">Mon Actu<\/a>.<\/p>\n","protected":false},"excerpt":{"rendered":"Par R\u00e9daction Gu\u00e9rande Publi\u00e9 le 31 mai 2025 \u00e0 15h00 \u00c0 c\u00f4t\u00e9 du phare de Tr\u00e9higuier \u00e0 P\u00e9nestin&hellip;\n","protected":false},"author":2,"featured_media":141737,"comment_status":"","ping_status":"","sticky":false,"template":"","format":"standard","meta":{"footnotes":""},"categories":[1357],"tags":[1379,26972,58,59,1011,27,1757,1380,4838],"class_list":{"0":"post-141736","1":"post","2":"type-post","3":"status-publish","4":"format-standard","5":"has-post-thumbnail","7":"category-livres","8":"tag-books","9":"tag-bretagne-sud","10":"tag-divertissement","11":"tag-entertainment","12":"tag-fr","13":"tag-france","14":"tag-insolite","15":"tag-livres","16":"tag-peche"},"share_on_mastodon":{"url":"https:\/\/pubeurope.com\/@fr\/114602622661048553","error":""},"_links":{"self":[{"href":"https:\/\/www.europesays.com\/fr\/wp-json\/wp\/v2\/posts\/141736","targetHints":{"allow":["GET"]}}],"collection":[{"href":"https:\/\/www.europesays.com\/fr\/wp-json\/wp\/v2\/posts"}],"about":[{"href":"https:\/\/www.europesays.com\/fr\/wp-json\/wp\/v2\/types\/post"}],"author":[{"embeddable":true,"href":"https:\/\/www.europesays.com\/fr\/wp-json\/wp\/v2\/users\/2"}],"replies":[{"embeddable":true,"href":"https:\/\/www.europesays.com\/fr\/wp-json\/wp\/v2\/comments?post=141736"}],"version-history":[{"count":0,"href":"https:\/\/www.europesays.com\/fr\/wp-json\/wp\/v2\/posts\/141736\/revisions"}],"wp:featuredmedia":[{"embeddable":true,"href":"https:\/\/www.europesays.com\/fr\/wp-json\/wp\/v2\/media\/141737"}],"wp:attachment":[{"href":"https:\/\/www.europesays.com\/fr\/wp-json\/wp\/v2\/media?parent=141736"}],"wp:term":[{"taxonomy":"category","embeddable":true,"href":"https:\/\/www.europesays.com\/fr\/wp-json\/wp\/v2\/categories?post=141736"},{"taxonomy":"post_tag","embeddable":true,"href":"https:\/\/www.europesays.com\/fr\/wp-json\/wp\/v2\/tags?post=141736"}],"curies":[{"name":"wp","href":"https:\/\/api.w.org\/{rel}","templated":true}]}}