{"id":141754,"date":"2025-05-31T13:21:16","date_gmt":"2025-05-31T13:21:16","guid":{"rendered":"https:\/\/www.europesays.com\/fr\/141754\/"},"modified":"2025-05-31T13:21:16","modified_gmt":"2025-05-31T13:21:16","slug":"washington-accuse-la-chine-de-se-preparer-a-utiliser-la-force-en-asie-pacifique-31-05-2025-a-1505","status":"publish","type":"post","link":"https:\/\/www.europesays.com\/fr\/141754\/","title":{"rendered":"Washington accuse la Chine de se pr\u00e9parer \u00e0 \u00ab\u00a0utiliser la force\u00a0\u00bb en Asie-Pacifique &#8211; 31\/05\/2025 \u00e0 15:05"},"content":{"rendered":"<p>        <img fetchpriority=\"high\" decoding=\"async\" src=\"https:\/\/www.europesays.com\/fr\/wp-content\/uploads\/2025\/05\/5bae2e3afc48052db7c350e4b0a63625-760x507.jpg\" alt=\"Le ministre am\u00e9ricain de la D\u00e9fense, Pete Hegseth, lors du forum Shangri-La Dialogue \u00e0 Singapour, le 31 mai 2025 ( AFP \/ MOHD RASFAN )\" loading=\"eager\" width=\"760\" height=\"507\" style=\"max-width: 100%!important; height: auto;\"\/><\/p>\n<p class=\"c-image-news__legend\">Le ministre am\u00e9ricain de la D\u00e9fense, Pete Hegseth, lors du forum Shangri-La Dialogue \u00e0 Singapour, le 31 mai 2025 ( AFP \/ MOHD RASFAN )<\/p>\n<p>\n Le ministre am\u00e9ricain de la D\u00e9fense, Pete Hegseth, a accus\u00e9 samedi la Chine de se pr\u00e9parer \u00ab\u00a0\u00e0 potentiellement utiliser la force militaire\u00a0\u00bb en Asie-Pacifique, un discours d\u00e9nonc\u00e9 par P\u00e9kin, alors que Washington a fait de cette r\u00e9gion son \u00ab\u00a0th\u00e9\u00e2tre prioritaire\u00a0\u00bb dans un contexte de mont\u00e9e des tensions.\n<\/p>\n<p>\n \u00ab\u00a0La menace que repr\u00e9sente la Chine est r\u00e9elle et pourrait \u00eatre imminente\u00a0\u00bb, a affirm\u00e9 le chef du Pentagone au Shangri-La Dialogue de Singapour, plus grand forum sur la s\u00e9curit\u00e9 et la d\u00e9fense en Asie, dans un contexte de tensions commerciales et g\u00e9opolitiques accrues entre Washington et P\u00e9kin depuis le retour de Donald Trump \u00e0 la Maison Blanche en janvier.\n<\/p>\n<p>\n L&rsquo;ambassade de Chine \u00e0 Singapour a d\u00e9nonc\u00e9 ce discours, le jugeant \u00ab\u00a0plein de provocations\u00a0\u00bb. Elle a accus\u00e9 Washington d&rsquo;accro\u00eetre les tensions dans la r\u00e9gion, cr\u00e9ant ainsi \u00ab\u00a0des risques de guerre\u00a0\u00bb.\n<\/p>\n<\/p>\n<p>\n Le repr\u00e9sentant chinois au forum, le contre-amiral Hu Gangfeng, a d\u00e9nonc\u00e9 de son c\u00f4t\u00e9 des \u00ab\u00a0accusations sans fondement\u00a0\u00bb destin\u00e9es \u00ab\u00a0\u00e0 semer le trouble, \u00e0 cr\u00e9er des divisions, \u00e0 inciter \u00e0 la confrontation et \u00e0 d\u00e9stabiliser l&rsquo;Asie-Pacifique\u00a0\u00bb.\n<\/p>\n<p>\n M. Hegseth a assur\u00e9 que P\u00e9kin \u00ab\u00a0souhaite dominer et contr\u00f4ler\u00a0\u00bb la r\u00e9gion et \u00ab\u00a0s&rsquo;entra\u00eene tous les jours\u00a0\u00bb en vue d&rsquo;une invasion de Ta\u00efwan, avec une multiplication des man\u0153uvres chinoises autour de l&rsquo;\u00eele.\n<\/p>\n<p>        <img decoding=\"async\" src=\"https:\/\/www.europesays.com\/fr\/wp-content\/uploads\/2025\/05\/e3b23d84673b8fec7d6f80f5d0491920-760x670.jpg\" alt=\"Carte de la mer de Chine m\u00e9ridionale ( AFP \/ Valentin RAKOVSKY )\" loading=\"eager\" width=\"760\" height=\"670\" style=\"max-width: 100%!important; height: auto;\"\/><\/p>\n<p class=\"c-image-news__legend\">Carte de la mer de Chine m\u00e9ridionale ( AFP \/ Valentin RAKOVSKY )<\/p>\n<p>\n P\u00e9kin se pr\u00e9pare ainsi \u00ab\u00a0clairement et de mani\u00e8re cr\u00e9dible \u00e0 potentiellement utiliser la force militaire pour modifier l&rsquo;\u00e9quilibre des forces\u00a0\u00bb en Asie-Pacifique, a estim\u00e9 le dirigeant am\u00e9ricain.\n<\/p>\n<p>\n M. Hegseth a \u00e9galement d\u00e9nonc\u00e9 la multiplication des incidents impliquant des navires chinois en mer de Chine m\u00e9ridionale, accusant P\u00e9kin \u00ab\u00a0de s&#8217;emparer et de militariser ill\u00e9galement\u00a0\u00bb des \u00eeles et \u00eelots revendiqu\u00e9s notamment par les Philippines.\n<\/p>\n<p> &#8211; L\u2019Europe en exemple &#8211;<\/p>\n<p>\n Le forum Shangri-La Dialogue rassemble chaque ann\u00e9e des responsables issus de l&rsquo;ensemble de l&rsquo;Asie ainsi que du reste du monde dans la cit\u00e9-Etat de Singapour.\n<\/p>\n<p>        <img decoding=\"async\" src=\"https:\/\/www.europesays.com\/fr\/wp-content\/uploads\/2025\/05\/70f9001e42d665101e14aa836c1f4d6f-760x507.jpg\" alt=\"Le contre-amiral chinois Hu Gangfeng (c) au forum Shangri-La Dialogue \u00e0 Singapour, le 31 mai 2025 ( AFP \/ MOHD RASFAN )\" loading=\"eager\" width=\"760\" height=\"507\" style=\"max-width: 100%!important; height: auto;\"\/><\/p>\n<p class=\"c-image-news__legend\">Le contre-amiral chinois Hu Gangfeng (c) au forum Shangri-La Dialogue \u00e0 Singapour, le 31 mai 2025 ( AFP \/ MOHD RASFAN )<\/p>\n<p>\n Pour la premi\u00e8re fois depuis 2019 cependant, la Chine n&rsquo;y a pas d\u00e9p\u00each\u00e9 de responsable de haut niveau.\n<\/p>\n<p>\n Pour Washington, l&rsquo;Asie-Pacifique est le \u00ab\u00a0th\u00e9\u00e2tre prioritaire\u00a0\u00bb et les Etats-Unis \u00ab\u00a0r\u00e9orientent (leur strat\u00e9gie) en vue de dissuader toute agression par la Chine communiste\u00a0\u00bb, a assur\u00e9 M. Hegseth.\n<\/p>\n<p>\n \u00ab\u00a0L&rsquo;Am\u00e9rique est fi\u00e8re d&rsquo;\u00eatre de retour en Indo-Pacifique, et nous sommes ici pour y rester\u00a0\u00bb, a-t-il martel\u00e9.\n<\/p>\n<p>\n Mais \u00ab\u00a0les alli\u00e9s des Etats-Unis dans l&rsquo;Indo-Pacifique peuvent et doivent augmenter rapidement leurs propres moyens de d\u00e9fense\u00a0\u00bb, a-t-il soulign\u00e9.\n<\/p>\n<p>\n \u00ab\u00a0Gr\u00e2ce au pr\u00e9sident Trump, nos alli\u00e9s et partenaires asiatiques devraient s&rsquo;inspirer des pays europ\u00e9ens, un tout nouvel exemple\u00a0\u00bb en la mati\u00e8re, a-t-il d\u00e9clar\u00e9.\n<\/p>\n<p>        <img decoding=\"async\" src=\"https:\/\/www.europesays.com\/fr\/wp-content\/uploads\/2025\/05\/ebbbdd306a9eee26d8d2b9a6665377fc-760x507.jpg\" alt=\"la cheffe de la diplomatie europ\u00e9enne, Kaja Kallas, au forum Shangri-La Dialogue \u00e0 Singapour, le 31 mai 2025 ( AFP \/ MOHD RASFAN )\" loading=\"eager\" width=\"760\" height=\"507\" style=\"max-width: 100%!important; height: auto;\"\/><\/p>\n<p class=\"c-image-news__legend\">la cheffe de la diplomatie europ\u00e9enne, Kaja Kallas, au forum Shangri-La Dialogue \u00e0 Singapour, le 31 mai 2025 ( AFP \/ MOHD RASFAN )<\/p>\n<p>\n Plusieurs pays europ\u00e9ens, \u00e0 commencer par l&rsquo;Allemagne, ont annonc\u00e9 une hausse significative de leurs budgets militaires afin de les porter \u00e0 5% de leur PIB face \u00e0 la menace du pr\u00e9sident am\u00e9ricain de se d\u00e9sengager de la d\u00e9fense de l&rsquo;Europe via l&rsquo;Otan.\n<\/p>\n<p>\n Egalement pr\u00e9sente au forum, la cheffe de la diplomatie europ\u00e9enne, Kaja Kallas, a soulign\u00e9 que \u00ab\u00a0l&rsquo;Union europ\u00e9enne a chang\u00e9 de braquet et repens\u00e9 son paradigme pour en faire un projet de paix soutenu par une d\u00e9fense solide\u00a0\u00bb.\n<\/p>\n<p> &#8211; \u00ab\u00a0Nouvelles alliances\u00a0\u00bb &#8211;<\/p>\n<p>\n Les tensions entre les Etats-Unis et la Chine ont \u00e9t\u00e9 aviv\u00e9es par le retour au pouvoir de M. Trump, qui a notamment inflig\u00e9 \u00e0 P\u00e9kin des droits de douane record.\n<\/p>\n<p>        <img decoding=\"async\" src=\"https:\/\/www.europesays.com\/fr\/wp-content\/uploads\/2025\/05\/c7cbd2f9cb919fde6612ff8e155ea37f-760x507.jpg\" alt=\"Le pr\u00e9sident fran\u00e7ais Emmanuel Macron \u00e0 l'ouverture du forum Shangri-La Dialogue \u00e0 Singapour, le 30 mai 2025 ( AFP \/ Ludovic MARIN )\" loading=\"eager\" width=\"760\" height=\"507\" style=\"max-width: 100%!important; height: auto;\"\/><\/p>\n<p class=\"c-image-news__legend\">Le pr\u00e9sident fran\u00e7ais Emmanuel Macron \u00e0 l&rsquo;ouverture du forum Shangri-La Dialogue \u00e0 Singapour, le 30 mai 2025 ( AFP \/ Ludovic MARIN )<\/p>\n<p>\n Premier repr\u00e9sentant europ\u00e9en \u00e0 tenir le discours d&rsquo;ouverture du Shangri-La Dialogue, le pr\u00e9sident fran\u00e7ais Emmanuel Macron avait appel\u00e9 vendredi \u00e0 \u00ab\u00a0b\u00e2tir de nouvelles alliances\u00a0\u00bb avec ses partenaires asiatiques pour ne pas \u00eatre \u00ab\u00a0les victimes collat\u00e9rales\u00a0\u00bb des \u00ab\u00a0d\u00e9cisions prises par les superpuissances\u00a0\u00bb.\n<\/p>\n<p>\n Il a par ailleurs rappel\u00e9 les autorit\u00e9s chinoises \u00e0 ce qu&rsquo;il consid\u00e8re \u00eatre leur r\u00f4le dans la s\u00e9curit\u00e9 internationale.\n<\/p>\n<p>\n \u00ab\u00a0Si la Chine ne veut pas que l&rsquo;Otan soit impliqu\u00e9e en Asie du Sud-Est ou en Asie, elle doit emp\u00eacher clairement la Cor\u00e9e du Nord d&rsquo;\u00eatre impliqu\u00e9e sur le sol europ\u00e9en\u00a0\u00bb, o\u00f9 elle a d\u00e9ploy\u00e9 des soldats contre l&rsquo;Ukraine aux c\u00f4t\u00e9s de la Russie, a d\u00e9clar\u00e9 le dirigeant fran\u00e7ais.\n<\/p>\n<p>\n R\u00e9pondant \u00e0 M. Macron, qui avait \u00e9galement \u00e9tabli vendredi un parall\u00e8le entre la situation de l&rsquo;Ukraine et celle de Ta\u00efwan, la Chine a jug\u00e9 ces derniers propos \u00ab\u00a0inacceptables\u00a0\u00bb.\n<\/p>\n<p>\n \u00ab\u00a0Les deux sont de natures diff\u00e9rentes, et en aucun cas comparables\u00a0\u00bb, a r\u00e9agi l&rsquo;ambassade de Chine \u00e0 Singapour, soulignant que pour P\u00e9kin \u00ab\u00a0Ta\u00efwan est une partie inali\u00e9nable du territoire chinois\u00a0\u00bb.<\/p>\n","protected":false},"excerpt":{"rendered":"Le ministre am\u00e9ricain de la D\u00e9fense, Pete Hegseth, lors du forum Shangri-La Dialogue \u00e0 Singapour, le 31 mai&hellip;\n","protected":false},"author":2,"featured_media":141755,"comment_status":"","ping_status":"","sticky":false,"template":"","format":"standard","meta":{"footnotes":""},"categories":[5],"tags":[400,11,398,408,405,1011,27,403,14,402,399,404,12,401,406,407,28],"class_list":{"0":"post-141754","1":"post","2":"type-post","3":"status-publish","4":"format-standard","5":"has-post-thumbnail","7":"category-international","8":"tag-action-cac-40","9":"tag-actualites","10":"tag-bourse-de-paris","11":"tag-boursorama","12":"tag-cotations","13":"tag-fr","14":"tag-france","15":"tag-indices-devises","16":"tag-international","17":"tag-investir","18":"tag-investissement","19":"tag-marche-boursier","20":"tag-news","21":"tag-sicav","22":"tag-trackers","23":"tag-warrants","24":"tag-world"},"share_on_mastodon":{"url":"https:\/\/pubeurope.com\/@fr\/114602658019083557","error":""},"_links":{"self":[{"href":"https:\/\/www.europesays.com\/fr\/wp-json\/wp\/v2\/posts\/141754","targetHints":{"allow":["GET"]}}],"collection":[{"href":"https:\/\/www.europesays.com\/fr\/wp-json\/wp\/v2\/posts"}],"about":[{"href":"https:\/\/www.europesays.com\/fr\/wp-json\/wp\/v2\/types\/post"}],"author":[{"embeddable":true,"href":"https:\/\/www.europesays.com\/fr\/wp-json\/wp\/v2\/users\/2"}],"replies":[{"embeddable":true,"href":"https:\/\/www.europesays.com\/fr\/wp-json\/wp\/v2\/comments?post=141754"}],"version-history":[{"count":0,"href":"https:\/\/www.europesays.com\/fr\/wp-json\/wp\/v2\/posts\/141754\/revisions"}],"wp:featuredmedia":[{"embeddable":true,"href":"https:\/\/www.europesays.com\/fr\/wp-json\/wp\/v2\/media\/141755"}],"wp:attachment":[{"href":"https:\/\/www.europesays.com\/fr\/wp-json\/wp\/v2\/media?parent=141754"}],"wp:term":[{"taxonomy":"category","embeddable":true,"href":"https:\/\/www.europesays.com\/fr\/wp-json\/wp\/v2\/categories?post=141754"},{"taxonomy":"post_tag","embeddable":true,"href":"https:\/\/www.europesays.com\/fr\/wp-json\/wp\/v2\/tags?post=141754"}],"curies":[{"name":"wp","href":"https:\/\/api.w.org\/{rel}","templated":true}]}}