{"id":141758,"date":"2025-05-31T13:23:12","date_gmt":"2025-05-31T13:23:12","guid":{"rendered":"https:\/\/www.europesays.com\/fr\/141758\/"},"modified":"2025-05-31T13:23:12","modified_gmt":"2025-05-31T13:23:12","slug":"kiev-fait-evacuer-11-villages-de-la-region-de-soumy-moscou-revendique-une-nouvelle-prise","status":"publish","type":"post","link":"https:\/\/www.europesays.com\/fr\/141758\/","title":{"rendered":"Kiev fait \u00e9vacuer 11 villages de la r\u00e9gion de Soumy, Moscou revendique une nouvelle prise"},"content":{"rendered":"<p>La Russie a revendiqu\u00e9 la prise de plusieurs villages dans la r\u00e9gion ces derni\u00e8res semaines. Volodymyr Zelensky a accus\u00e9 Moscou de masser des soldats \u00e0 la fronti\u00e8re en vue d\u2019une offensive.<\/p>\n<p class=\"fig-paragraph\">Les autorit\u00e9s de\u00a0<a href=\"http:\/\/www.lefigaro.fr\/international\/ukraine-un-missile-balistique-russe-fait-trois-morts-et-sept-blesses-a-soumy-dans-le-nord-est-20250506\" target=\"_blank\" data-fig-type=\"NewsFlash\" rel=\"noopener nofollow\" data-gtm-custom-categorie=\"navigation\" data-gtm-custom-action=\"crossclick\" data-gtm-custom-label=\"Contextuel\" data-gtm-event=\"customEventSPE\" data-fig-domain=\"LEFIGARO\">Soumy<\/a>, r\u00e9gion du nord-est de l\u2019<a href=\"http:\/\/www.lefigaro.fr\/international\/guerre-en-ukraine-le-kremlin-ecarte-l-idee-d-une-rencontre-poutine-zelensky-trump-erdogan-20250530\" target=\"_blank\" data-fig-type=\"NewsFlash\" rel=\"noopener nofollow\" data-gtm-custom-categorie=\"navigation\" data-gtm-custom-action=\"crossclick\" data-gtm-custom-label=\"Contextuel\" data-gtm-event=\"customEventSPE\" data-fig-domain=\"LEFIGARO\">Ukraine<\/a>\u00a0frontali\u00e8re de la Russie, ont annonc\u00e9 samedi l\u2019\u00e9vacuation obligatoire de onze villages en raison des \u00abbombardements\u00bb, Kiev craignant une offensive russe dans la zone. \u00abCette d\u00e9cision a \u00e9t\u00e9 prise compte tenu de la menace constante qui p\u00e8se sur la vie des civils en raison des bombardements des localit\u00e9s frontali\u00e8res\u00bb, a indiqu\u00e9 l\u2019administration r\u00e9gionale de Soumy.<\/p>\n<p class=\"fig-paragraph\">La Russie a depuis revendiqu\u00e9 la prise d\u2019un nouveau village dans la r\u00e9gion. Le minist\u00e8re russe de la D\u00e9fense a annonc\u00e9 dans un communiqu\u00e9 avoir pris le village de Vodolagy, pr\u00e8s de la fronti\u00e8re russe dans la r\u00e9gion de Soumy (nord-est). Il a aussi indiqu\u00e9 s\u2019\u00eatre empar\u00e9 d\u2019un village de la r\u00e9gion de\u00a0<a href=\"http:\/\/www.lefigaro.fr\/international\/avec-la-110e-brigade-ukrainienne-de-chars-a-la-peine-face-a-la-poussee-ennemie-dans-la-region-de-donetsk-20240927\" target=\"_blank\" data-fig-type=\"Article\" rel=\"noopener nofollow\" data-gtm-custom-categorie=\"navigation\" data-gtm-custom-action=\"crossclick\" data-gtm-custom-label=\"Contextuel\" data-gtm-event=\"customEventSPE\" data-fig-domain=\"LEFIGARO\">Donetsk<\/a>, dans l\u2019est, Novopil.<\/p>\n<p class=\"fig-paragraph\">Tous les villages ukrainiens qui ont re\u00e7u un ordre d\u2019\u00e9vacuation sont proches de la fronti\u00e8re. Au total, 213 localit\u00e9s de la r\u00e9gion sont d\u00e9j\u00e0 plac\u00e9es sous ordre d\u2019\u00e9vacuation. Les autorit\u00e9s r\u00e9gionales n\u2019ont pas cit\u00e9 dans leur communiqu\u00e9 la crainte d\u2019un assaut russe, mais Moscou y a revendiqu\u00e9 la prise de villages ces derni\u00e8res semaines.<\/p>\n<p class=\"fig-paragraph\">Plus t\u00f4t cette semaine,\u00a0<a href=\"http:\/\/www.lefigaro.fr\/international\/volodymyr-zelensky-accuse-moscou-de-refuser-d-envoyer-son-memorandum-exposant-ses-exigences-pour-un-accord-de-paix-20250530\" target=\"_blank\" data-fig-type=\"NewsFlash\" rel=\"noopener nofollow\" data-gtm-custom-categorie=\"navigation\" data-gtm-custom-action=\"crossclick\" data-gtm-custom-label=\"Contextuel\" data-gtm-event=\"customEventSPE\" data-fig-domain=\"LEFIGARO\">Volodymyr Zelensky<\/a>\u00a0a affirm\u00e9 que Moscou amassait plus de 50.000 soldats pr\u00e8s de la r\u00e9gion de Soumy en vue d\u2019une possible offensive. L\u2019essentiel des combats se concentre pour l\u2019heure dans l\u2019est de l\u2019Ukraine, notamment dans la r\u00e9gion de Donetsk, m\u00eame si les soldats combattent aussi dans le sud et dans la r\u00e9gion de Kharkiv (nord-est). L\u2019arm\u00e9e ukrainienne, moins nombreuse et moins bien arm\u00e9e, craint un nouvel assaut d\u2019ampleur qui mettrait \u00e0 mal ses ressources.<\/p>\n<p>\u00abTenter une attaque\u00bb<\/p>\n<p class=\"fig-paragraph\">Le porte-parole du service d\u2019\u00c9tat des gardes-fronti\u00e8res, Andri\u00ef Demtchenko, a affirm\u00e9 jeudi \u00e0 la t\u00e9l\u00e9vision ukrainienne que la Russie avait mass\u00e9 assez de forces pr\u00e8s de Soumy pour \u00abtenter une attaque\u00bb. Selon lui, ce \u00abrenforcement\u00bb a commenc\u00e9 quand les forces de Moscou luttaient contre les soldats ukrainiens dans la r\u00e9gion russe de\u00a0<a href=\"http:\/\/www.lefigaro.fr\/international\/de-soudja-a-koursk-les-plaies-beantes-de-l-incursion-ukrainienne-en-russie-le-recit-de-l-envoye-special-du-figaro-20250327\" target=\"_blank\" data-fig-type=\"Article\" rel=\"noopener nofollow\" data-gtm-custom-categorie=\"navigation\" data-gtm-custom-action=\"crossclick\" data-gtm-custom-label=\"Contextuel\" data-gtm-event=\"customEventSPE\" data-fig-domain=\"LEFIGARO\">Koursk<\/a>, qui fait face \u00e0 celle de Soumy. L\u2019arm\u00e9e ukrainienne y avait lanc\u00e9 une offensive surprise en ao\u00fbt dernier, un \u00e9pisode embarrassant pour le Kremlin.<\/p>\n<p class=\"fig-paragraph\">Mais elle a perdu depuis la quasi-totalit\u00e9 du territoire qu\u2019elle contr\u00f4lait, et la Russie assure l\u2019en avoir chass\u00e9 compl\u00e8tement. La Russie a lanc\u00e9 en f\u00e9vrier 2022 ses troupes \u00e0 l\u2019assaut de l\u2019Ukraine, pays dont elle occupe actuellement environ 20% du territoire. Ce conflit a fait des dizaines de milliers de morts civils et militaires dans les deux camps. Les efforts diplomatiques pour mettre fin \u00e0 l\u2019invasion russe de l\u2019Ukraine s\u2019intensifient ces derni\u00e8res semaines, mais chaque camp accuse l\u2019autre de ne pas vouloir la paix.<\/p>\n<p class=\"fig-paragraph\">Moscou a propos\u00e9 \u00e0 Kiev de se retrouver pour de nouveaux pourparlers directs lundi \u00e0 Istanbul, apr\u00e8s un premier rendez-vous peu fructueux le 16 mai. L\u2019Ukraine n\u2019a pas encore dit si elle acceptait. Kiev, de son c\u00f4t\u00e9, exhorte Moscou \u00e0 accepter un cessez-le-feu imm\u00e9diat propos\u00e9 par Washington et soutenu par les Europ\u00e9ens. Mais le Kremlin s\u2019y refuse pour l\u2019instant.<\/p>\n","protected":false},"excerpt":{"rendered":"La Russie a revendiqu\u00e9 la prise de plusieurs villages dans la r\u00e9gion ces derni\u00e8res semaines. Volodymyr Zelensky a&hellip;\n","protected":false},"author":2,"featured_media":141759,"comment_status":"","ping_status":"","sticky":false,"template":"","format":"standard","meta":{"footnotes":""},"categories":[2],"tags":[259,11,260,1011,27,131,14,261,12,262],"class_list":{"0":"post-141758","1":"post","2":"type-post","3":"status-publish","4":"format-standard","5":"has-post-thumbnail","7":"category-actualites","8":"tag-actualite-internationale","9":"tag-actualites","10":"tag-affaires-etrangeres","11":"tag-fr","12":"tag-france","13":"tag-guerre-en-ukraine","14":"tag-international","15":"tag-ministere-des-affaires-etrangeres","16":"tag-news","17":"tag-politique-etrangere"},"share_on_mastodon":{"url":"https:\/\/pubeurope.com\/@fr\/114602665761102570","error":""},"_links":{"self":[{"href":"https:\/\/www.europesays.com\/fr\/wp-json\/wp\/v2\/posts\/141758","targetHints":{"allow":["GET"]}}],"collection":[{"href":"https:\/\/www.europesays.com\/fr\/wp-json\/wp\/v2\/posts"}],"about":[{"href":"https:\/\/www.europesays.com\/fr\/wp-json\/wp\/v2\/types\/post"}],"author":[{"embeddable":true,"href":"https:\/\/www.europesays.com\/fr\/wp-json\/wp\/v2\/users\/2"}],"replies":[{"embeddable":true,"href":"https:\/\/www.europesays.com\/fr\/wp-json\/wp\/v2\/comments?post=141758"}],"version-history":[{"count":0,"href":"https:\/\/www.europesays.com\/fr\/wp-json\/wp\/v2\/posts\/141758\/revisions"}],"wp:featuredmedia":[{"embeddable":true,"href":"https:\/\/www.europesays.com\/fr\/wp-json\/wp\/v2\/media\/141759"}],"wp:attachment":[{"href":"https:\/\/www.europesays.com\/fr\/wp-json\/wp\/v2\/media?parent=141758"}],"wp:term":[{"taxonomy":"category","embeddable":true,"href":"https:\/\/www.europesays.com\/fr\/wp-json\/wp\/v2\/categories?post=141758"},{"taxonomy":"post_tag","embeddable":true,"href":"https:\/\/www.europesays.com\/fr\/wp-json\/wp\/v2\/tags?post=141758"}],"curies":[{"name":"wp","href":"https:\/\/api.w.org\/{rel}","templated":true}]}}