{"id":141770,"date":"2025-05-31T13:32:17","date_gmt":"2025-05-31T13:32:17","guid":{"rendered":"https:\/\/www.europesays.com\/fr\/141770\/"},"modified":"2025-05-31T13:32:17","modified_gmt":"2025-05-31T13:32:17","slug":"millau-elio-verdonck-nouvel-en-finale-du-parkour-freestyle-au-fise-de-montpellier","status":"publish","type":"post","link":"https:\/\/www.europesays.com\/fr\/141770\/","title":{"rendered":"Millau. Elio Verdonck-Nouvel en finale du Parkour Freestyle au FISE de Montpellier"},"content":{"rendered":"<p>Vendredi 30 mai, dans une ambiance estivale, Montpellier accueillait la premi\u00e8re journ\u00e9e de qualifications de la Coupe du monde de parkour freestyle, dans le cadre du FISE (Festival International des Sports Extr\u00eames). Deux Fran\u00e7ais ont tir\u00e9 leur \u00e9pingle du jeu : <strong>Eloan Hitz<\/strong>, auteur d\u2019un run impressionnant, et <strong>Elio Verdonck-Nouvel<\/strong>, jeune Millavois prometteur qui participait \u00e0 sa toute premi\u00e8re comp\u00e9tition internationale.<\/p>\n<p><strong>LIRE AUSSI &gt;&gt; <a href=\"https:\/\/www.millavois.com\/2025\/03\/19\/millau-elio-verdonck-le-parkour-dun-futur-athlete-de-haut-niveau\/\" target=\"_blank\" rel=\"noopener\">Millau. Elio Verdonck, le \u00ab Parkour \u00bb d\u2019un futur athl\u00e8te de haut niveau<\/a><\/strong><\/p>\n<p>Pour sa grande premi\u00e8re \u00e0 ce niveau, <strong>Elio Verdonck-Nouvel<\/strong> a su r\u00e9pondre pr\u00e9sent. Concentr\u00e9 et d\u00e9termin\u00e9, il a r\u00e9alis\u00e9 un run solide et technique qui lui a permis de se hisser \u00e0 la 3e place provisoire lors des qualifications. Il termine finalement 6e avec un score de 25.60, d\u00e9crochant ainsi son ticket pour la grande finale pr\u00e9vue ce samedi soir.<\/p>\n<p>\u00ab Stress\u00e9 mais confiant \u00bb \u00e0 quelques heures de la finale,  le Millavois a ressenti une l\u00e9g\u00e8re douleur au genou la veille, mais qui a heureusement disparu, lui permettant d\u2019envisager une performance sans retenue. Elio a pr\u00e9vu de proposer un run proche de celui des demi-finales, misant sur la difficult\u00e9 des encha\u00eenements tout en soignant particuli\u00e8rement ses r\u00e9ceptions, \u00e9l\u00e9ment cl\u00e9 pour \u00e9viter les p\u00e9nalit\u00e9s en cas de chute.<\/p>\n<p>L\u2019objectif est clair pour le jeune athl\u00e8te millavois : viser un top 5, voire un podium, pour marquer les esprits d\u00e8s son entr\u00e9e sur la sc\u00e8ne internationale. Rendez-vous ce samedi pour la finale, o\u00f9 Elio Verdonck-Nouvel tentera de cr\u00e9er la surprise et de faire briller les couleurs de Millau sur la sc\u00e8ne mondiale.<\/p>\n","protected":false},"excerpt":{"rendered":"Vendredi 30 mai, dans une ambiance estivale, Montpellier accueillait la premi\u00e8re journ\u00e9e de qualifications de la Coupe du&hellip;\n","protected":false},"author":2,"featured_media":141771,"comment_status":"","ping_status":"","sticky":false,"template":"","format":"standard","meta":{"footnotes":""},"categories":[9599],"tags":[328,1111,11,26974,1777,674,1011,27,6209,2208,12,2680,25,96],"class_list":{"0":"post-141770","1":"post","2":"type-post","3":"status-publish","4":"format-standard","5":"has-post-thumbnail","7":"category-montpellier","8":"tag-a-la-une","9":"tag-actu","10":"tag-actualites","11":"tag-elio-verdonck","12":"tag-eu","13":"tag-europe","14":"tag-fr","15":"tag-france","16":"tag-millau","17":"tag-montpellier","18":"tag-news","19":"tag-occitanie","20":"tag-republique-francaise","21":"tag-une"},"share_on_mastodon":{"url":"https:\/\/pubeurope.com\/@fr\/114602701176973899","error":""},"_links":{"self":[{"href":"https:\/\/www.europesays.com\/fr\/wp-json\/wp\/v2\/posts\/141770","targetHints":{"allow":["GET"]}}],"collection":[{"href":"https:\/\/www.europesays.com\/fr\/wp-json\/wp\/v2\/posts"}],"about":[{"href":"https:\/\/www.europesays.com\/fr\/wp-json\/wp\/v2\/types\/post"}],"author":[{"embeddable":true,"href":"https:\/\/www.europesays.com\/fr\/wp-json\/wp\/v2\/users\/2"}],"replies":[{"embeddable":true,"href":"https:\/\/www.europesays.com\/fr\/wp-json\/wp\/v2\/comments?post=141770"}],"version-history":[{"count":0,"href":"https:\/\/www.europesays.com\/fr\/wp-json\/wp\/v2\/posts\/141770\/revisions"}],"wp:featuredmedia":[{"embeddable":true,"href":"https:\/\/www.europesays.com\/fr\/wp-json\/wp\/v2\/media\/141771"}],"wp:attachment":[{"href":"https:\/\/www.europesays.com\/fr\/wp-json\/wp\/v2\/media?parent=141770"}],"wp:term":[{"taxonomy":"category","embeddable":true,"href":"https:\/\/www.europesays.com\/fr\/wp-json\/wp\/v2\/categories?post=141770"},{"taxonomy":"post_tag","embeddable":true,"href":"https:\/\/www.europesays.com\/fr\/wp-json\/wp\/v2\/tags?post=141770"}],"curies":[{"name":"wp","href":"https:\/\/api.w.org\/{rel}","templated":true}]}}