{"id":141772,"date":"2025-05-31T13:35:10","date_gmt":"2025-05-31T13:35:10","guid":{"rendered":"https:\/\/www.europesays.com\/fr\/141772\/"},"modified":"2025-05-31T13:35:10","modified_gmt":"2025-05-31T13:35:10","slug":"meteo-en-isere-ces-lacs-et-plans-deau-pour-soffrir-une-pause-fraicheur","status":"publish","type":"post","link":"https:\/\/www.europesays.com\/fr\/141772\/","title":{"rendered":"M\u00e9t\u00e9o. En Is\u00e8re, ces lacs et plans d&rsquo;eau pour s&rsquo;offrir une pause fra\u00eecheur"},"content":{"rendered":"<p>Un pic de chaleur s&rsquo;est install\u00e9 en cette fin de semaine. Si vous \u00eates en qu\u00eate d&rsquo;un peu de fra\u00eecheur, l&rsquo;Is\u00e8re est riche de ses lacs et plans d&rsquo;eaux de proximit\u00e9. Petit tour d&rsquo;horizon pour en profiter <a href=\"https:\/\/www.ledauphine.com\/environnement\/2025\/05\/31\/depression-orageuse-grele-ce-qui-vous-attend-ce-week-end-apres-le-pic-de-chaleur\" target=\"_blank\" rel=\"noopener\">avant les orages annonc\u00e9s en cette fin de samedi<\/a>\u00a0ou plus tard cet \u00e9t\u00e9.\u00a0<\/p>\n<p>En Matheysine, <strong>le plan d&rsquo;eau du Valbonnais<\/strong> est un petit joyau dans un cadre magnifique et en acc\u00e8s libre.\u00a0Un sentier offre aussi la possibilit\u00e9 d&rsquo;une petite balade tr\u00e8s facile autour du plan d&rsquo;eau et le long de la rivi\u00e8re pour mieux revenir sur la plage.<\/p>\n<p>En terme de taille, l<strong>e lac de Monteynard-Avignonet<\/strong> domine avec ses\u00a0657 ha. Ses eaux turquoise s&rsquo;\u00e9tendent sur 20 Km et sont un spot incontournable <a href=\"https:\/\/www.ledauphine.com\/sport\/2024\/07\/29\/a-la-decouverte-de-la-voile-sur-le-lac-de-monteynard\" target=\"_blank\" rel=\"noopener\">des sports nautiques<\/a> (baignade interdite). L&rsquo;acc\u00e8s peut se faire c\u00f4t\u00e9 Treffort (Tri\u00e8ves) ou c\u00f4t\u00e9 Mayres-Savel (Matheysine).\u00a0<\/p>\n<p>Le Bois Fran\u00e7ais f\u00eate ses 40 ans<\/p>\n<p><strong>La base de loisirs du Bois Fran\u00e7ais<\/strong> entre Saint-Ismier et Le Versoud constitue le plus important site naturel p\u00e9riurbain de la r\u00e9gion. Quatre lacs dont l&rsquo;un d\u00e9di\u00e9 \u00e0 la baignade et surveill\u00e9 offrent de multiples activit\u00e9s (acc\u00e8s payant). A noter qu&rsquo;en 2025, le Bois Fran\u00e7ais f\u00eate ses 40 ans avec de nombreuses animations pr\u00e9vues.\u00a0<\/p>\n<p>Pris\u00e9 par les habitants de l&rsquo;agglom\u00e9ration grenobloise pour sa proximit\u00e9, <strong>le lac de Laffrey<\/strong> offre \u00e9galement un joli cadre avec une foule d&rsquo;activit\u00e9s possibles\u00a0: baignade, barques, voiles&#8230;. La plage de la Bergogne \u00e0 c\u00f4t\u00e9 d&rsquo;une base nautique est en acc\u00e8s gratuit. D&rsquo;autres choisiront plut\u00f4t le lac de Petichet (sur la commune de Saint-Th\u00e9offrey) et sa plage du Miradou.\u00a0<\/p>\n<p>Avec l&rsquo;Obiou en toile de fond et sa plage de galets, <strong>le lac du Sautet<\/strong> est d&rsquo;une nature sauvage. De nombreuses activit\u00e9s sont possibles et c&rsquo;est l&rsquo;unique spot en Matheysine \u00e0 proposer une baignade surveill\u00e9e.\u00a0<\/p>\n<p><strong><a href=\"https:\/\/www.ledauphine.com\/culture-loisirs\/2025\/05\/01\/isere-en-images-paddle-canoe-ou-petite-baignade-le-lac-de-paladru-a-fait-le-plein-en-ce-1er-mai\" target=\"_blank\" rel=\"noopener\">Le lac de Paladru<\/a><\/strong>, 5e lac naturel de France d&rsquo;origine glaciaire a \u00e9galement ses adeptes. Ouvert \u00e0 la p\u00eache et la navigation (selon la r\u00e9glementation) il compte quatre plages municipales \u00a0: une gratuite \u00e0 Charavines, les autres payantes (le Pin, Paladru et Montferrat).<\/p>\n<p><strong>Le lac de Roybon<\/strong>, ouvert \u00e0 la baignade (non surveill\u00e9e), est encore un espace de loisirs et de d\u00e9tente (acc\u00e8s gratuit).<\/p>\n<p>On gagne un peu de hauteur en se rendant au <strong>plan d&rsquo;eau de l&rsquo;Alpe du Grand Serre<\/strong>. Sur place, planches de paddle, transats sont en disposition libre et gratuite.L a baignade est autoris\u00e9e mais non surveill\u00e9e.<\/p>\n<p>Dans le Gr\u00e9sivaudan, la base intercommunale de <strong>la Terrasse<\/strong> est adapt\u00e9e aux petits et grands mais il faudra patienter jusqu&rsquo;au\u00a0 7 juin, date pr\u00e9visionnelle d&rsquo;ouverture (acc\u00e8s payant et baignade surveill\u00e9e).\u00a0<\/p>\n<p>A seulement 1 km d&rsquo;Allevard, <strong>le\u00a0lac de la Mirande\u00a0<\/strong>se pr\u00eate \u00e0 la d\u00e9tente sur la plage engazonn\u00e9e et aux balades sur ses abords (baignade interdite).\u00a0<\/p>\n<p>\u00a0Il faudra attendre encore un peu pour profiter de la base de loisirs <a href=\"https:\/\/www.ledauphine.com\/culture-loisirs\/2022\/08\/13\/isere-venerieu-baignade-et-jeux-dans-le-lac-de-la-base-de-loisirs\" target=\"_blank\" rel=\"noopener\">du<strong> lac de V\u00e9n\u00e9rieu<\/strong><\/a> dont l&rsquo;ouverture est pr\u00e9vu le 30 juin. L\u00e0 encore baignade surveill\u00e9e et activit\u00e9s sportives \u00e0 la cl\u00e9 (acc\u00e8s payant). Quant \u00e0 la base de loisirs O&rsquo;lac de Romagnieu, elle ouvrira ses portes ce 1er juin (acc\u00e8s payant)\u00a0 aux adpetes des ports de plein air et de baignade (surveill\u00e9e).<\/p>\n","protected":false},"excerpt":{"rendered":"Un pic de chaleur s&rsquo;est install\u00e9 en cette fin de semaine. Si vous \u00eates en qu\u00eate d&rsquo;un peu&hellip;\n","protected":false},"author":2,"featured_media":141773,"comment_status":"","ping_status":"","sticky":false,"template":"","format":"standard","meta":{"footnotes":""},"categories":[9566],"tags":[1111,11,26975,2430,26981,6725,1687,113,1777,674,107,1011,27,2731,108,26984,26979,26976,12203,26978,8423,26982,12,25,25802,26983,26980,26977,26985],"class_list":{"0":"post-141772","1":"post","2":"type-post","3":"status-publish","4":"format-standard","5":"has-post-thumbnail","7":"category-grenoble","8":"tag-actu","9":"tag-actualites","10":"tag-allevard","11":"tag-auvergne-rhone-alpes","12":"tag-charavines","13":"tag-corps","14":"tag-culture-loisirs","15":"tag-edition-gresivaudan-oisans","16":"tag-eu","17":"tag-europe","18":"tag-fil-info","19":"tag-fr","20":"tag-france","21":"tag-grenoble","22":"tag-isere","23":"tag-la-morte","24":"tag-la-terrasse","25":"tag-laffrey","26":"tag-le-versoud","27":"tag-mayres-savel","28":"tag-meteorologie-climat","29":"tag-montferrat","30":"tag-news","31":"tag-republique-francaise","32":"tag-romagnieu","33":"tag-roybon","34":"tag-saint-ismier","35":"tag-valbonnais","36":"tag-venerieu"},"share_on_mastodon":{"url":"https:\/\/pubeurope.com\/@fr\/114602713007130369","error":""},"_links":{"self":[{"href":"https:\/\/www.europesays.com\/fr\/wp-json\/wp\/v2\/posts\/141772","targetHints":{"allow":["GET"]}}],"collection":[{"href":"https:\/\/www.europesays.com\/fr\/wp-json\/wp\/v2\/posts"}],"about":[{"href":"https:\/\/www.europesays.com\/fr\/wp-json\/wp\/v2\/types\/post"}],"author":[{"embeddable":true,"href":"https:\/\/www.europesays.com\/fr\/wp-json\/wp\/v2\/users\/2"}],"replies":[{"embeddable":true,"href":"https:\/\/www.europesays.com\/fr\/wp-json\/wp\/v2\/comments?post=141772"}],"version-history":[{"count":0,"href":"https:\/\/www.europesays.com\/fr\/wp-json\/wp\/v2\/posts\/141772\/revisions"}],"wp:featuredmedia":[{"embeddable":true,"href":"https:\/\/www.europesays.com\/fr\/wp-json\/wp\/v2\/media\/141773"}],"wp:attachment":[{"href":"https:\/\/www.europesays.com\/fr\/wp-json\/wp\/v2\/media?parent=141772"}],"wp:term":[{"taxonomy":"category","embeddable":true,"href":"https:\/\/www.europesays.com\/fr\/wp-json\/wp\/v2\/categories?post=141772"},{"taxonomy":"post_tag","embeddable":true,"href":"https:\/\/www.europesays.com\/fr\/wp-json\/wp\/v2\/tags?post=141772"}],"curies":[{"name":"wp","href":"https:\/\/api.w.org\/{rel}","templated":true}]}}