{"id":141776,"date":"2025-05-31T13:39:10","date_gmt":"2025-05-31T13:39:10","guid":{"rendered":"https:\/\/www.europesays.com\/fr\/141776\/"},"modified":"2025-05-31T13:39:10","modified_gmt":"2025-05-31T13:39:10","slug":"strasbourg-le-reseau-des-villes-du-rhin-superieur-se-rassemble-pour-signer-une-declaration-2","status":"publish","type":"post","link":"https:\/\/www.europesays.com\/fr\/141776\/","title":{"rendered":"Strasbourg. Le r\u00e9seau des villes du Rhin Sup\u00e9rieur se rassemble pour signer une d\u00e9claration"},"content":{"rendered":"<p>Il y aura du monde \u00e0 l\u2019h\u00f4tel de ville de Strasbourg, ce lundi 2\u00a0juin, \u00e0 11\u00a0h\u00a015. Les repr\u00e9sentants des membres du r\u00e9seau des villes du Rhin sup\u00e9rieur y seront r\u00e9unis pour signer la d\u00e9claration intitul\u00e9e \u201c1945-2025, 80 ans de paix et de coop\u00e9ration transfrontali\u00e8re et 20 ans de collaboration entre les villes du Rhin sup\u00e9rieur\u201d.<\/p>\n<p>Signeront notamment cette d\u00e9claration\u00a0: la maire de Strasbourg <a href=\"http:\/\/www.dna.fr\/p\/jeanne-barseghian\" target=\"_blank\" rel=\"nofollow noopener\">Jeanne Barseghian<\/a>, le maire de Baden-Baden Dietmar Sp\u00e4th, le maire de Colmar <a href=\"http:\/\/www.dna.fr\/p\/eric-straumann\" target=\"_blank\" rel=\"nofollow noopener\">\u00c9ric Straumann<\/a>, le pr\u00e9sident du Conseil d\u2019\u00c9tat du canton de B\u00e2le-Ville Conradin Cramer, le maire de Fribourg-en-Brisgau Martin Horn, le maire de Karlsruhe Frank Mentrup, le maire de Lahr Markus Ibert, l\u2019adjointe au maire de Landau Lena D\u00fcrphold, le maire de L\u00f6rrach J\u00f6rg Lutz, la maire de Mulhouse <a href=\"http:\/\/www.dna.fr\/p\/michele-lutz\" target=\"_blank\" rel=\"nofollow noopener\">Mich\u00e8le Lutz<\/a>, le maire d\u2019Offenbourg Marco Steffens.<\/p>\n<p>Cette signature a pour but de r\u00e9affirmer l\u2019attachement des villes partenaires du r\u00e9seau \u00e0 la paix, \u00e0 la d\u00e9mocratie, \u00e0 la construction europ\u00e9enne. Ces collectivit\u00e9s locales veulent s\u2019inscrire dans la promotion de ces valeurs, comme porte-parole l\u00e9gitimes des enjeux urbains\u00a0: d\u00e9veloppement territorial, planification, protection du climat. Au-del\u00e0 des collectivit\u00e9s, il s\u2019agit aussi de mettre en r\u00e9seau les sites scientifiques, universit\u00e9s, \u00e9coles et sites \u00e9conomiques.<\/p>\n","protected":false},"excerpt":{"rendered":"Il y aura du monde \u00e0 l\u2019h\u00f4tel de ville de Strasbourg, ce lundi 2\u00a0juin, \u00e0 11\u00a0h\u00a015. Les repr\u00e9sentants&hellip;\n","protected":false},"author":2,"featured_media":141543,"comment_status":"","ping_status":"","sticky":false,"template":"","format":"standard","meta":{"footnotes":""},"categories":[2820],"tags":[1111,11,2389,2649,2880,1777,674,107,1011,27,775,12,316,25,640,2879],"class_list":{"0":"post-141776","1":"post","2":"type-post","3":"status-publish","4":"format-standard","5":"has-post-thumbnail","7":"category-strasbourg","8":"tag-actu","9":"tag-actualites","10":"tag-alsace","11":"tag-bas-rhin","12":"tag-edition-strasbourg","13":"tag-eu","14":"tag-europe","15":"tag-fil-info","16":"tag-fr","17":"tag-france","18":"tag-grand-est","19":"tag-news","20":"tag-politique","21":"tag-republique-francaise","22":"tag-strasbourg","23":"tag-strasbourg-ville"},"share_on_mastodon":{"url":"https:\/\/pubeurope.com\/@fr\/114602728679058420","error":""},"_links":{"self":[{"href":"https:\/\/www.europesays.com\/fr\/wp-json\/wp\/v2\/posts\/141776","targetHints":{"allow":["GET"]}}],"collection":[{"href":"https:\/\/www.europesays.com\/fr\/wp-json\/wp\/v2\/posts"}],"about":[{"href":"https:\/\/www.europesays.com\/fr\/wp-json\/wp\/v2\/types\/post"}],"author":[{"embeddable":true,"href":"https:\/\/www.europesays.com\/fr\/wp-json\/wp\/v2\/users\/2"}],"replies":[{"embeddable":true,"href":"https:\/\/www.europesays.com\/fr\/wp-json\/wp\/v2\/comments?post=141776"}],"version-history":[{"count":0,"href":"https:\/\/www.europesays.com\/fr\/wp-json\/wp\/v2\/posts\/141776\/revisions"}],"wp:featuredmedia":[{"embeddable":true,"href":"https:\/\/www.europesays.com\/fr\/wp-json\/wp\/v2\/media\/141543"}],"wp:attachment":[{"href":"https:\/\/www.europesays.com\/fr\/wp-json\/wp\/v2\/media?parent=141776"}],"wp:term":[{"taxonomy":"category","embeddable":true,"href":"https:\/\/www.europesays.com\/fr\/wp-json\/wp\/v2\/categories?post=141776"},{"taxonomy":"post_tag","embeddable":true,"href":"https:\/\/www.europesays.com\/fr\/wp-json\/wp\/v2\/tags?post=141776"}],"curies":[{"name":"wp","href":"https:\/\/api.w.org\/{rel}","templated":true}]}}