{"id":141781,"date":"2025-05-31T13:42:11","date_gmt":"2025-05-31T13:42:11","guid":{"rendered":"https:\/\/www.europesays.com\/fr\/141781\/"},"modified":"2025-05-31T13:42:11","modified_gmt":"2025-05-31T13:42:11","slug":"violent-home-jacking-a-nice-les-occupants-dune-villa-delestes-dun-million-deuros-en-bijoux-et-objets-de-luxe","status":"publish","type":"post","link":"https:\/\/www.europesays.com\/fr\/141781\/","title":{"rendered":"Violent home-jacking \u00e0 Nice : les occupants d&rsquo;une villa d\u00e9lest\u00e9s d&rsquo;un million d&rsquo;euros en bijoux et objets de luxe"},"content":{"rendered":"<p>Une villa de location de Nice a \u00e9t\u00e9 la cible d&rsquo;un violent cambriolage \u00e0 Nice dans la nuit du jeudi \u00e0 vendredi.Les touristes qui l&rsquo;occupaient ont \u00e9t\u00e9 menac\u00e9s et gaz\u00e9s.Le butin emport\u00e9 par les malfaiteurs est particuli\u00e8rement \u00e9lev\u00e9.<a href=\"https:\/\/www.tf1info.fr\/emissions\/tf1\/le-13h-10927\/\" rel=\"noopener\" class=\"jsx-3118104007 Link jsx-1428418400 jsx-640816507\" target=\"_blank\"><\/p>\n<p style=\"font-weight:400\" class=\"jsx-1837267516\">Suivez la couverture compl\u00e8te<\/p>\n<p style=\"font-weight:800\" class=\"jsx-1837267516\">Le 13H<\/p>\n<p><\/a><\/p>\n<p data-module=\"article-paragraph\" class=\"jsx-362436225 Paragraph\">C&rsquo;est une villa de location qui a \u00e9t\u00e9 la cible d&rsquo;un <a href=\"https:\/\/www.tf1info.fr\/justice-faits-divers\/info-tf1-cambriolages-482-cas-de-homejacking-recenses-en-france-l-an-dernier-2275004.html\" target=\"_blank\" rel=\"noopener\">violent cambriolage<\/a> dans la nuit du jeudi 29 au vendredi 30 mai 2025. Elle est install\u00e9e dans un quartier hupp\u00e9 et tr\u00e8s isol\u00e9, nich\u00e9 sur les hauteurs de Nice. Notre \u00e9quipe n&rsquo;a pas eu trop de peine \u00e0 la localiser, c&rsquo;est la seule qui soit propos\u00e9e \u00e0 la location dans le secteur, avec une forme de bateau assez singuli\u00e8re.\u00a0<\/p>\n<p data-module=\"article-paragraph\" class=\"jsx-362436225 Paragraph Paragraph__End\">Le design est moderne, la fa\u00e7ade immacul\u00e9e et presque futuriste, comme on le voit dans le reportage de TF1 ci-dessus. Et les abords de la villa pr\u00e9sente une faille \u00e9vidente dans la s\u00e9curit\u00e9 du lieu : \u00a0une br\u00e8che dans la cl\u00f4ture, \u00e0 l&rsquo;arri\u00e8re de la maison, qui a pu attirer l&rsquo;attention des malfaiteurs.\u00a0<\/p>\n<p>Un butin d&rsquo;un million d&rsquo;euros<\/p>\n<p data-module=\"article-paragraph\" class=\"jsx-362436225 Paragraph Paragraph__End\">Ce vendredi matin, juste avant le lever du soleil, aux alentours de 5h30 du matin, quatre individus cagoul\u00e9s et arm\u00e9s p\u00e9n\u00e8trent dans la villa, alors occup\u00e9e par quatre touristes endormis. Lorsqu&rsquo;ils arrivent dans l&rsquo;une des chambres, une femme se r\u00e9veille, elle est aussit\u00f4t gaz\u00e9e \u00e0 la bombe lacrymog\u00e8ne. Les braqueurs parviennent \u00e0 faire main basse sur plusieurs montres, bijoux et sacs de luxe. La valeur du butin qu&rsquo;ils ont emport\u00e9 d\u00e9passe le million d&rsquo;euros, <a href=\"https:\/\/www.nicematin.com\/faits-divers\/nice-nord-un-home-jacking-a-un-million-d-euros-988125\" target=\"_blank\" rel=\"nofollow noopener\">selon le journal Nice-Matin (nouvelle fen\u00eatre)<\/a>.\u00a0<\/p>\n<ul class=\"jsx-3657663356 ReadMoreArticle__List flex flex-column\">\n<li class=\"jsx-3657663356\"><a href=\"https:\/\/www.tf1info.fr\/justice-faits-divers\/video-cambriolage-violent-ils-detruisent-une-vie-entiere-le-traumatisme-des-victimes-de-homejacking-2275034.html\" rel=\"noopener\" class=\"jsx-4233824444 Link flex\" target=\"_blank\"><img decoding=\"async\" src=\"https:\/\/www.europesays.com\/fr\/wp-content\/uploads\/2025\/05\/capcambr-1-b38534-0@1x.jpeg\" alt=\"Lire aussi\" loading=\"lazy\" importance=\"low\" fetchpriority=\"low\" class=\"\"\/>\n<p class=\"jsx-3657663356 ReadMoreArticle__Title\">Lire aussi<\/p>\n<p class=\"jsx-3657663356\">T\u00c9MOIGNAGE &#8211; \u00ab\u00a0Je me suis vue mourir\u00a0\u00bb : le traumatisme des victimes de \u00ab\u00a0homejacking\u00a0\u00bb<\/p>\n<p><\/a><\/li>\n<\/ul>\n<p data-module=\"article-paragraph\" class=\"jsx-362436225 Paragraph Paragraph__End\">Les cambriolages en pr\u00e9sence des occupants de la maison, les \u00ab\u00a0home-jackings\u00a0\u00bb, souvent r\u00e9alis\u00e9s avec violence, constituent un mode op\u00e9ratoire de plus en plus fr\u00e9quent. L&rsquo;Office de lutte contre le crime organis\u00e9 fait \u00e9tat d&rsquo;une augmentation avoisinant les 8% sur un an. \u00ab\u00a0L&rsquo;arriv\u00e9e des touristes et de certaines personnes fortun\u00e9es accentue le ph\u00e9nom\u00e8ne sur les d\u00e9partements tr\u00e8s visit\u00e9s\u00a0\u00bb, estime Laurent Alcaraz, d\u00e9l\u00e9gu\u00e9 Alliance police nationale pour les Alpes-Maritimes. Une enqu\u00eate pour vol avec armes en bande organis\u00e9e a \u00e9t\u00e9 ouverte et confi\u00e9e au service interd\u00e9partemental de la police judiciaire.<\/p>\n<p>La r\u00e9daction de TF1info | Reportage : J. GARREL, B. TAIB, M. NEBOTH<\/p>\n","protected":false},"excerpt":{"rendered":"Une villa de location de Nice a \u00e9t\u00e9 la cible d&rsquo;un violent cambriolage \u00e0 Nice dans la nuit&hellip;\n","protected":false},"author":2,"featured_media":141782,"comment_status":"","ping_status":"","sticky":false,"template":"","format":"standard","meta":{"footnotes":""},"categories":[2819],"tags":[1111,11,1921,2951,2950,1777,674,6017,1011,27,1922,2954,5008,12,2401,882,25,133,2953,2949],"class_list":{"0":"post-141781","1":"post","2":"type-post","3":"status-publish","4":"format-standard","5":"has-post-thumbnail","7":"category-nice","8":"tag-actu","9":"tag-actualites","10":"tag-article-video","11":"tag-criminalite","12":"tag-delinquance","13":"tag-eu","14":"tag-europe","15":"tag-fait-divers","16":"tag-fr","17":"tag-france","18":"tag-info","19":"tag-justice-et-faits-divers","20":"tag-le-13h","21":"tag-news","22":"tag-nice","23":"tag-provence-alpes-cote-dazur","24":"tag-republique-francaise","25":"tag-video","26":"tag-video-police","27":"tag-violences"},"share_on_mastodon":{"url":"https:\/\/pubeurope.com\/@fr\/114602740472075090","error":""},"_links":{"self":[{"href":"https:\/\/www.europesays.com\/fr\/wp-json\/wp\/v2\/posts\/141781","targetHints":{"allow":["GET"]}}],"collection":[{"href":"https:\/\/www.europesays.com\/fr\/wp-json\/wp\/v2\/posts"}],"about":[{"href":"https:\/\/www.europesays.com\/fr\/wp-json\/wp\/v2\/types\/post"}],"author":[{"embeddable":true,"href":"https:\/\/www.europesays.com\/fr\/wp-json\/wp\/v2\/users\/2"}],"replies":[{"embeddable":true,"href":"https:\/\/www.europesays.com\/fr\/wp-json\/wp\/v2\/comments?post=141781"}],"version-history":[{"count":0,"href":"https:\/\/www.europesays.com\/fr\/wp-json\/wp\/v2\/posts\/141781\/revisions"}],"wp:featuredmedia":[{"embeddable":true,"href":"https:\/\/www.europesays.com\/fr\/wp-json\/wp\/v2\/media\/141782"}],"wp:attachment":[{"href":"https:\/\/www.europesays.com\/fr\/wp-json\/wp\/v2\/media?parent=141781"}],"wp:term":[{"taxonomy":"category","embeddable":true,"href":"https:\/\/www.europesays.com\/fr\/wp-json\/wp\/v2\/categories?post=141781"},{"taxonomy":"post_tag","embeddable":true,"href":"https:\/\/www.europesays.com\/fr\/wp-json\/wp\/v2\/tags?post=141781"}],"curies":[{"name":"wp","href":"https:\/\/api.w.org\/{rel}","templated":true}]}}