{"id":141785,"date":"2025-05-31T13:45:09","date_gmt":"2025-05-31T13:45:09","guid":{"rendered":"https:\/\/www.europesays.com\/fr\/141785\/"},"modified":"2025-05-31T13:45:09","modified_gmt":"2025-05-31T13:45:09","slug":"cette-plage-en-plein-coeur-de-la-metropole-de-bordeaux-rouvre-pour-lete-ce-quil-faut-savoir","status":"publish","type":"post","link":"https:\/\/www.europesays.com\/fr\/141785\/","title":{"rendered":"Cette plage en plein c\u0153ur de la m\u00e9tropole de Bordeaux rouvre pour l&rsquo;\u00e9t\u00e9 : ce qu&rsquo;il faut savoir"},"content":{"rendered":"<p>            Par<br \/>\n        <strong><br \/>\n            <a href=\"https:\/\/actu.fr\/auteur\/aurelien-cardot\" title=\"Consulter tous les articles de Aurelien Cardot\" target=\"_blank\" rel=\"noopener\">Aurelien Cardot<\/a><br \/>\n        <\/strong><\/p>\n<p>        Publi\u00e9 le<\/p>\n<p>            31 mai 2025 \u00e0 15h32        <\/p>\n<p>La plage de <a href=\"https:\/\/actu.fr\/bordeaux\/\" target=\"_blank\" rel=\"noopener\">Bordeaux<\/a> Lac <strong>rouvre cet \u00e9t\u00e9<\/strong>, \u00e0 partir du 1er juin 2025, pr\u00eate \u00e0 accueillir petits et grands sur 3 000 m\u00e8tres carr\u00e9s.<\/p>\n<p class=\" wall-content\">Facile d\u2019acc\u00e8s en transports en commun, tout le lac n\u2019est cependant pas accessible. On y retrouve un <strong>grand espace baignade<\/strong> et un petit bain, qui seront d\u00e9limit\u00e9s et surveill\u00e9s par des sauveteurs de 12h \u00e0 19h tous les jours de la semaine jusqu\u2019\u00e0 fin ao\u00fbt (uniquement les mercredis et les week-ends, entre le 1er et 21 septembre).<\/p>\n<p>Les animations sur place<\/p>\n<p class=\" wall-content\">Sur place, on peut profiter d\u2019<strong>am\u00e9nagements\u00a0sportifs vari\u00e9s<\/strong> : terrain multisport, beach-volley, tables de ping-pong, ainsi qu\u2019une aire de jeux pour <a href=\"https:\/\/actu.fr\/tag\/enfants\" target=\"_blank\" rel=\"noopener\">les enfants.<\/a> Les tables de pique-nique invitent \u00e0 la pause et au partage en plein air.<\/p>\n<p class=\" wall-content\">Durant tout l\u2019\u00e9t\u00e9, des <strong>animations gratuites<\/strong> sont <a href=\"https:\/\/www.bordeaux.fr\/agenda\/dimanche-1er-juin-reouverture-estivale-de-la-plage-du-lac\" target=\"_blank\" rel=\"noopener\">propos\u00e9es par la Ville<\/a> pour animer cet espace convivial. Par ailleurs, les amateurs de sports nautiques peuvent s\u2019adresser aux clubs de voile, kayak et aviron, install\u00e9s au bord du lac.<\/p>\n<p class=\" wall-content\">Attention, les animaux domestiques <strong>ne sont pas autoris\u00e9s<\/strong> sur la plage et \u00e0 la baignade, m\u00eame tenus en laisse.<\/p>\n<p>Vid\u00e9os : en ce moment sur Actu<\/p>\n<p>Plage de Bordeaux Lac, boulevard Jacques Chaban-Delmas. Acc\u00e8s par le tram C, arr\u00eat Les Aubiers, les bus 7, 15, 33 et 35.\u00a0<\/p>\n<p class=\" wall-content\">Suivez toute l\u2019actualit\u00e9 de vos villes et m\u00e9dias favoris en vous inscrivant \u00e0 <a href=\"https:\/\/moncompte.actu.fr\" title=\"D\u00e9couvez Mon Actu\" rel=\"nofollow noopener\" data-trk=\"{&quot;cta&quot;:{&quot;action&quot;:&quot;https:\\\/\\\/moncompte.actu.fr&quot;,&quot;category&quot;:&quot;mon compte&quot;,&quot;from&quot;:&quot;article footer&quot;,&quot;name&quot;:&quot;Mon actu&quot;,&quot;type&quot;:&quot;cta&quot;}}\" target=\"_blank\">Mon Actu<\/a>.<\/p>\n","protected":false},"excerpt":{"rendered":"Par Aurelien Cardot Publi\u00e9 le 31 mai 2025 \u00e0 15h32 La plage de Bordeaux Lac rouvre cet \u00e9t\u00e9,&hellip;\n","protected":false},"author":2,"featured_media":141786,"comment_status":"","ping_status":"","sticky":false,"template":"","format":"standard","meta":{"footnotes":""},"categories":[2817],"tags":[1111,11,1997,1777,674,1011,27,12,2219,8302,25,104],"class_list":{"0":"post-141785","1":"post","2":"type-post","3":"status-publish","4":"format-standard","5":"has-post-thumbnail","7":"category-bordeaux","8":"tag-actu","9":"tag-actualites","10":"tag-bordeaux","11":"tag-eu","12":"tag-europe","13":"tag-fr","14":"tag-france","15":"tag-news","16":"tag-nouvelle-aquitaine","17":"tag-plages","18":"tag-republique-francaise","19":"tag-societe"},"share_on_mastodon":{"url":"https:\/\/pubeurope.com\/@fr\/114602752264803960","error":""},"_links":{"self":[{"href":"https:\/\/www.europesays.com\/fr\/wp-json\/wp\/v2\/posts\/141785","targetHints":{"allow":["GET"]}}],"collection":[{"href":"https:\/\/www.europesays.com\/fr\/wp-json\/wp\/v2\/posts"}],"about":[{"href":"https:\/\/www.europesays.com\/fr\/wp-json\/wp\/v2\/types\/post"}],"author":[{"embeddable":true,"href":"https:\/\/www.europesays.com\/fr\/wp-json\/wp\/v2\/users\/2"}],"replies":[{"embeddable":true,"href":"https:\/\/www.europesays.com\/fr\/wp-json\/wp\/v2\/comments?post=141785"}],"version-history":[{"count":0,"href":"https:\/\/www.europesays.com\/fr\/wp-json\/wp\/v2\/posts\/141785\/revisions"}],"wp:featuredmedia":[{"embeddable":true,"href":"https:\/\/www.europesays.com\/fr\/wp-json\/wp\/v2\/media\/141786"}],"wp:attachment":[{"href":"https:\/\/www.europesays.com\/fr\/wp-json\/wp\/v2\/media?parent=141785"}],"wp:term":[{"taxonomy":"category","embeddable":true,"href":"https:\/\/www.europesays.com\/fr\/wp-json\/wp\/v2\/categories?post=141785"},{"taxonomy":"post_tag","embeddable":true,"href":"https:\/\/www.europesays.com\/fr\/wp-json\/wp\/v2\/tags?post=141785"}],"curies":[{"name":"wp","href":"https:\/\/api.w.org\/{rel}","templated":true}]}}