{"id":141789,"date":"2025-05-31T13:47:08","date_gmt":"2025-05-31T13:47:08","guid":{"rendered":"https:\/\/www.europesays.com\/fr\/141789\/"},"modified":"2025-05-31T13:47:08","modified_gmt":"2025-05-31T13:47:08","slug":"le-rappeur-soprano-bientot-de-passage-a-toulouse-et-il-sera-possible-de-le-rencontrer-on-vous-dit-ou","status":"publish","type":"post","link":"https:\/\/www.europesays.com\/fr\/141789\/","title":{"rendered":"Le rappeur Soprano bient\u00f4t de passage \u00e0 Toulouse, et il sera possible de le rencontrer : on vous dit o\u00f9"},"content":{"rendered":"<p>            Par<br \/>\n        <strong><br \/>\n            <a href=\"https:\/\/actu.fr\/auteur\/nina-hossein-zadeh\" title=\"Consulter tous les articles de Nina Hossein-Zadeh\" target=\"_blank\" rel=\"noopener\">Nina Hossein-Zadeh<\/a><br \/>\n        <\/strong><\/p>\n<p>        Publi\u00e9 le<\/p>\n<p>            31 mai 2025 \u00e0 15h00        <\/p>\n<p>Il met l\u2019ambiance sur la sc\u00e8ne\u2009: le rappeur <a href=\"https:\/\/actu.fr\/occitanie\/toulouse_31555\/soprano-en-concert-au-stadium-en-2022-comment-toulouse-a-laisse-passer-cette-opportunite_45161681.html\" target=\"_blank\" rel=\"noopener\"><strong>Soprano<\/strong><\/a> ne se pr\u00e9sente plus. Connu pour avoir \u00e9t\u00e9 membre <strong>du groupe Psy4 de la Rime<\/strong>, mais aussi pour ses titres embl\u00e9matiques comme Mon Everest ou En feu, il sera de passage \u00e0 <a href=\"https:\/\/actu.fr\/toulouse\/\" target=\"_blank\" rel=\"noopener\"><strong>Toulouse<\/strong><\/a> au mois de juin. Les Toulousains pourront \u00e9changer avec lui et ce ne sera pas \u00e0 l\u2019occasion d\u2019un \u00e9v\u00e9nement musical.<\/p>\n<p>Une avant-premi\u00e8re<\/p>\n<p class=\" wall-content\">C\u2019est<strong> au cin\u00e9ma Path\u00e9 Lab\u00e8ge<\/strong> que l\u2019artiste se pr\u00e9sentera le 20\u00a0juin 2025. Le rappeur y sera notamment pour l\u2019avant-premi\u00e8re exceptionnelle d\u2019un film.<\/p>\n<p class=\" wall-content\">Ce soir-l\u00e0, les cin\u00e9philes pourront d\u00e9couvrir <strong>Marius et les Gardiens de la Cit\u00e9 Phoc\u00e9enne<\/strong>. Deux s\u00e9ances, dont un \u00e9change avec l\u2019\u00e9quipe, sont programm\u00e9es\u2009: \u00e0 20h10 et \u00e0 20h30. Dans ce film de Tony Datis, Soprano y tient le r\u00f4le principal\u2026 Celui de Marius.<\/p>\n<p>Soprano dans le r\u00f4le d\u2019un guide touristique<\/p>\n<p class=\" wall-content\">Marius, qui s\u2019auto-proclame le \u00ab\u2009Roi de Marseille\u2009\u00bb, est un guide touristique exub\u00e9rant qui anime des visites de la ville \u00e0 bord de son bus panoramique. Mais le jour o\u00f9 son bus tombe en panne, son petit business est menac\u00e9.<\/p>\n<p class=\" wall-content\">C\u2019est alors qu\u2019il croise trois gamins du quartier, bien malins, qui affirment \u00eatre sur la piste d\u2019un tr\u00e9sor cach\u00e9. D\u2019abord sceptique, Marius finit par se laisser embarquer dans cette qu\u00eate improbable\u2026 qui va vite s\u2019av\u00e9rer bien plus p\u00e9rilleuse qu\u2019il ne l\u2019aurait imagin\u00e9.<\/p>\n<p>Vid\u00e9os : en ce moment sur Actu<\/p>\n<p class=\" wall-content\">Pour en savoir plus sur les coulisses de ce film et \u00e9changer avec l\u2019\u00e9quipe du tournage, pensez \u00e0 r\u00e9server votre cr\u00e9neau sur<a href=\"https:\/\/s.pathe.fr\/fr\/V3364S149720\/booking?_gl=1*19i6dxb*_gcl_au*MTY2NTQ0MDg2NC4xNzQ4NjA5Njc2*FPAU*MTY2NTQ0MDg2NC4xNzQ4NjA5Njc2&amp;pos=cHJpY2luZw%3D%3D\" target=\"_blank\" rel=\"noopener\"> le site en ligne<\/a>.<\/p>\n<p class=\" wall-content\">Suivez toute l\u2019actualit\u00e9 de vos villes et m\u00e9dias favoris en vous inscrivant \u00e0 <a href=\"https:\/\/moncompte.actu.fr\" title=\"D\u00e9couvez Mon Actu\" rel=\"nofollow noopener\" data-trk=\"{&quot;cta&quot;:{&quot;action&quot;:&quot;https:\\\/\\\/moncompte.actu.fr&quot;,&quot;category&quot;:&quot;mon compte&quot;,&quot;from&quot;:&quot;article footer&quot;,&quot;name&quot;:&quot;Mon actu&quot;,&quot;type&quot;:&quot;cta&quot;}}\" target=\"_blank\">Mon Actu<\/a>.<\/p>\n","protected":false},"excerpt":{"rendered":"Par Nina Hossein-Zadeh Publi\u00e9 le 31 mai 2025 \u00e0 15h00 Il met l\u2019ambiance sur la sc\u00e8ne\u2009: le rappeur&hellip;\n","protected":false},"author":2,"featured_media":141790,"comment_status":"","ping_status":"","sticky":false,"template":"","format":"standard","meta":{"footnotes":""},"categories":[2816],"tags":[1111,11,1777,674,1011,27,12,2680,25,104,10826,2312],"class_list":{"0":"post-141789","1":"post","2":"type-post","3":"status-publish","4":"format-standard","5":"has-post-thumbnail","7":"category-toulouse","8":"tag-actu","9":"tag-actualites","10":"tag-eu","11":"tag-europe","12":"tag-fr","13":"tag-france","14":"tag-news","15":"tag-occitanie","16":"tag-republique-francaise","17":"tag-societe","18":"tag-soprano","19":"tag-toulouse"},"share_on_mastodon":{"url":"https:\/\/pubeurope.com\/@fr\/114602760144052307","error":""},"_links":{"self":[{"href":"https:\/\/www.europesays.com\/fr\/wp-json\/wp\/v2\/posts\/141789","targetHints":{"allow":["GET"]}}],"collection":[{"href":"https:\/\/www.europesays.com\/fr\/wp-json\/wp\/v2\/posts"}],"about":[{"href":"https:\/\/www.europesays.com\/fr\/wp-json\/wp\/v2\/types\/post"}],"author":[{"embeddable":true,"href":"https:\/\/www.europesays.com\/fr\/wp-json\/wp\/v2\/users\/2"}],"replies":[{"embeddable":true,"href":"https:\/\/www.europesays.com\/fr\/wp-json\/wp\/v2\/comments?post=141789"}],"version-history":[{"count":0,"href":"https:\/\/www.europesays.com\/fr\/wp-json\/wp\/v2\/posts\/141789\/revisions"}],"wp:featuredmedia":[{"embeddable":true,"href":"https:\/\/www.europesays.com\/fr\/wp-json\/wp\/v2\/media\/141790"}],"wp:attachment":[{"href":"https:\/\/www.europesays.com\/fr\/wp-json\/wp\/v2\/media?parent=141789"}],"wp:term":[{"taxonomy":"category","embeddable":true,"href":"https:\/\/www.europesays.com\/fr\/wp-json\/wp\/v2\/categories?post=141789"},{"taxonomy":"post_tag","embeddable":true,"href":"https:\/\/www.europesays.com\/fr\/wp-json\/wp\/v2\/tags?post=141789"}],"curies":[{"name":"wp","href":"https:\/\/api.w.org\/{rel}","templated":true}]}}