{"id":141804,"date":"2025-05-31T13:56:09","date_gmt":"2025-05-31T13:56:09","guid":{"rendered":"https:\/\/www.europesays.com\/fr\/141804\/"},"modified":"2025-05-31T13:56:09","modified_gmt":"2025-05-31T13:56:09","slug":"immobilier-les-prix-repartent-a-la-hausse-sauf-en-ile-de-france","status":"publish","type":"post","link":"https:\/\/www.europesays.com\/fr\/141804\/","title":{"rendered":"Immobilier : les prix repartent \u00e0 la hausse&#8230; Sauf en \u00cele-de-France"},"content":{"rendered":"<p>Apr\u00e8s plus d&rsquo;un an de baisse et six mois de quasi-stabilit\u00e9, les prix de l&rsquo;immobilier repartent l\u00e9g\u00e8rement \u00e0 la hausse.L&rsquo;indice Notaires-Insee montre une hausse de 0,5% au premier trimestre 2025 des prix de vente des logements anciens en France.Une tendance nationale, mais la r\u00e9gion parisienne fait exception.<\/p>\n<p data-module=\"article-paragraph\" class=\"jsx-362436225 Paragraph\">Les prix des logements anciens fr\u00e9missent. Apr\u00e8s plus d&rsquo;un an de baisse et <a href=\"https:\/\/www.tf1info.fr\/immobilier\/immobilier-en-france-taux-en-hausse-prix-stables-le-marche-se-fige-en-ce-debut-de-printemps-2025-2368488.html\" target=\"_blank\" rel=\"noopener\">six mois de quasi-stabilit\u00e9<\/a>, l&rsquo;indice Notaires-Insee d\u00e9voile une l\u00e9g\u00e8re hausse au premier trimestre 2025 de 0,5 %, contre une baisse de 2,1% au quatri\u00e8me trimestre de 2024. Dans le d\u00e9tail, tous les logements ne sont pas touch\u00e9s de la m\u00eame mani\u00e8re. Les appartements, notamment, sont concern\u00e9s, avec une hausse de 0,7 % contre 0,3 % pour les maisons.\u00a0<\/p>\n<p data-module=\"article-paragraph\" class=\"jsx-362436225 Paragraph Paragraph__End\">Une fois encore, Paris et sa r\u00e9gion font exception dans l&rsquo;Hexagone. Les prix de l&rsquo;immobilier en \u00cele-de-France continuent de baisser de 0,3 %, un rythme toutefois moins soutenu qu&rsquo;au cours des p\u00e9riodes pr\u00e9c\u00e9dentes. Le volume de ventes a ainsi fortement rebondi en r\u00e9gion parisienne, avec une pouss\u00e9e de 21 % par rapport au 1\u1d49\u02b3 trimestre 2024, au cours duquel le niveau avait \u00e9t\u00e9 <a href=\"https:\/\/www.tf1info.fr\/immobilier\/immobilier-on-a-touche-le-fond-comment-expliquer-la-chute-des-ventes-a-paris-2356794.html\" target=\"_blank\" rel=\"noopener\">historiquement faible<\/a>.<\/p>\n<p data-module=\"article-paragraph\" class=\"jsx-362436225 Paragraph Paragraph__End\">Dans cette dynamique, les taux d&#8217;emprunt remontent \u00e9galement dans plusieurs banques. Des hausses qui ne devraient pas durer selon les experts. Cette situation trouble les acheteurs et les vendeurs et est susceptible de crisper le march\u00e9. Ainsi, pas de panique pour les acheteurs qui continuent de profiter de la forte concurrence entre les vendeurs apr\u00e8s des transactions en berne.\u00a0<\/p>\n<p>Emma ALLAMAND<\/p>\n","protected":false},"excerpt":{"rendered":"Apr\u00e8s plus d&rsquo;un an de baisse et six mois de quasi-stabilit\u00e9, les prix de l&rsquo;immobilier repartent l\u00e9g\u00e8rement \u00e0&hellip;\n","protected":false},"author":2,"featured_media":141805,"comment_status":"","ping_status":"","sticky":false,"template":"","format":"standard","meta":{"footnotes":""},"categories":[1592],"tags":[26986,1111,11,1921,1777,674,1011,27,662,1922,19910,12,626,25,133,26987],"class_list":{"0":"post-141804","1":"post","2":"type-post","3":"status-publish","4":"format-standard","5":"has-post-thumbnail","7":"category-ile-de-france","8":"tag-achat-et-location-marche-immobilier","9":"tag-actu","10":"tag-actualites","11":"tag-article-video","12":"tag-eu","13":"tag-europe","14":"tag-fr","15":"tag-france","16":"tag-ile-de-france","17":"tag-info","18":"tag-les-matins-lci-week-end","19":"tag-news","20":"tag-paris","21":"tag-republique-francaise","22":"tag-video","23":"tag-video-logement-et-immobilier"},"share_on_mastodon":{"url":"https:\/\/pubeurope.com\/@fr\/114602795541171826","error":""},"_links":{"self":[{"href":"https:\/\/www.europesays.com\/fr\/wp-json\/wp\/v2\/posts\/141804","targetHints":{"allow":["GET"]}}],"collection":[{"href":"https:\/\/www.europesays.com\/fr\/wp-json\/wp\/v2\/posts"}],"about":[{"href":"https:\/\/www.europesays.com\/fr\/wp-json\/wp\/v2\/types\/post"}],"author":[{"embeddable":true,"href":"https:\/\/www.europesays.com\/fr\/wp-json\/wp\/v2\/users\/2"}],"replies":[{"embeddable":true,"href":"https:\/\/www.europesays.com\/fr\/wp-json\/wp\/v2\/comments?post=141804"}],"version-history":[{"count":0,"href":"https:\/\/www.europesays.com\/fr\/wp-json\/wp\/v2\/posts\/141804\/revisions"}],"wp:featuredmedia":[{"embeddable":true,"href":"https:\/\/www.europesays.com\/fr\/wp-json\/wp\/v2\/media\/141805"}],"wp:attachment":[{"href":"https:\/\/www.europesays.com\/fr\/wp-json\/wp\/v2\/media?parent=141804"}],"wp:term":[{"taxonomy":"category","embeddable":true,"href":"https:\/\/www.europesays.com\/fr\/wp-json\/wp\/v2\/categories?post=141804"},{"taxonomy":"post_tag","embeddable":true,"href":"https:\/\/www.europesays.com\/fr\/wp-json\/wp\/v2\/tags?post=141804"}],"curies":[{"name":"wp","href":"https:\/\/api.w.org\/{rel}","templated":true}]}}