{"id":141806,"date":"2025-05-31T13:57:09","date_gmt":"2025-05-31T13:57:09","guid":{"rendered":"https:\/\/www.europesays.com\/fr\/141806\/"},"modified":"2025-05-31T13:57:09","modified_gmt":"2025-05-31T13:57:09","slug":"le-memorial-de-la-shoah-trois-synagogues-et-le-restaurant-chez-marianne-touches-par-des-jets-de-peinture-verte-a-paris","status":"publish","type":"post","link":"https:\/\/www.europesays.com\/fr\/141806\/","title":{"rendered":"Le m\u00e9morial de la Shoah, trois synagogues et le restaurant \u00abChez Marianne\u00bb touch\u00e9s par des jets de peinture verte \u00e0 Paris"},"content":{"rendered":"<p>Une enqu\u00eate a \u00e9t\u00e9 ouverte apr\u00e8s que cinq lieux fr\u00e9quent\u00e9s par la communaut\u00e9 juive ont \u00e9t\u00e9 asperg\u00e9s de peinture verte dans la nuit du samedi 31 mai dans le centre de Paris. Le ministre de l\u2019Int\u00e9rieur Bruno Retailleau d\u00e9nonce un \u00abacte odieux\u00bb.<\/p>\n<p class=\"fig-paragraph\">\u00abOn nous a demand\u00e9 si \u00e7a pouvait \u00eatre un r\u00e8glement de compte, mais c\u2019est impossible. On accueille tout le monde ici\u00bb. Depuis 5h45 ce matin, la g\u00e9rante du restaurant casher parisien \u00abChez Marianne\u00bb est \u00e0 pied d\u2019\u0153uvre pour effacer toute trace de d\u00e9gradation sur sa devanture.<\/p>\n<p class=\"fig-paragraph\">Dans la nuit de vendredi \u00e0 samedi 31 mai, le restaurant, le\u00a0<a href=\"http:\/\/www.lefigaro.fr\/vox\/societe\/camille-pascal-sur-le-mur-des-justes-du-memorial-de-la-shoah-le-rouge-de-la-honte-20240515\" target=\"_blank\" data-fig-type=\"Article\" rel=\"noopener\" data-gtm-custom-categorie=\"navigation\" data-gtm-custom-action=\"crossclick\" data-gtm-custom-label=\"Contextuel\" data-gtm-event=\"customEventSPE\" data-fig-domain=\"LEFIGARO\">M\u00e9morial de la Shoah<\/a>, la synagogue des Tournelles et la synagogue Agoudas Hakhelios (Paris IVe) ont \u00e9t\u00e9 asperg\u00e9s de peinture verte, selon des informations de RTL confirm\u00e9es au Figaro par des sources concordantes. \u00abLes faits ont \u00e9t\u00e9 constat\u00e9s par les policiers lors de leurs patrouilles vers 05h15 et une relecture sur le m\u00e9morial montre un individu v\u00eatu tout de noir taguer \u00e0 4h35\u00bb, pr\u00e9cise une source polici\u00e8re au Figaro.\u00a0<\/p>\n<p class=\"fig-paragraph\">Une troisi\u00e8me synagogue, situ\u00e9e dans le XX\u00e8me arrondissement de la capitale, a \u00e9galement \u00e9t\u00e9 touch\u00e9e, a appris Le Figaro de source polici\u00e8re cet apr\u00e8s-midi. Selon la m\u00eame source, des \u00abconstatations ont \u00e9t\u00e9 r\u00e9alis\u00e9es, et une enqu\u00eate est ouverte\u00bb. Sur X (ex-Twitter), le ministre de l\u2019Int\u00e9rieur\u00a0<a href=\"http:\/\/www.lefigaro.fr\/vox\/politique\/l-editorial-du-figaro-magazine-avec-bruno-retailleau-une-droite-qui-marche-20250523\" target=\"_blank\" data-fig-type=\"Article\" rel=\"noopener\" data-gtm-custom-categorie=\"navigation\" data-gtm-custom-action=\"crossclick\" data-gtm-custom-label=\"Contextuel\" data-gtm-event=\"customEventSPE\" data-fig-domain=\"LEFIGARO\">Bruno Retailleau<\/a>\u00a0a exprim\u00e9 son \u00abimmense d\u00e9go\u00fbt devant ces actes odieux qui visent la communaut\u00e9 juive\u00bb. Dans un t\u00e9l\u00e9gramme adress\u00e9 aux pr\u00e9fets vendredi, Bruno Retailleau avait demand\u00e9 un renforcement des mesures de s\u00e9curisation de la communaut\u00e9 juive \u00e0 l\u2019occasion de la f\u00eate de Chavouot, du dimanche 1er\u00a0juin au soir au mardi 3 juin au soir, selon les informations de l\u2019AFP.<\/p>\n<p class=\"fig-paragraph\">Il avait expliqu\u00e9 ces mesures par la\u00a0\u00ab\u00a0persistance des tensions au plan international, en particulier au Proche-Orient\u00a0\u00bb, qui\u00a0\u00ab\u00a0exige le maintien d\u2019une extr\u00eame vigilance, notamment vis-\u00e0-vis des manifestations et des lieux \u00e0 caract\u00e8re religieux\u00a0\u00bb. Le ministre avait relev\u00e9 en outre que\u00a0\u00ab\u00a0les actes antis\u00e9mites repr\u00e9sentant plus de 60\u00a0% des actes antireligieux, la communaut\u00e9 juive \u00e9tait particuli\u00e8rement expos\u00e9e\u00a0\u00bb.<\/p>\n<p>\u00abSentiment violent de stigmatisation\u00bb<\/p>\n<p class=\"fig-paragraph\">De son c\u00f4t\u00e9, la maire de Paris\u00a0<a href=\"http:\/\/www.lefigaro.fr\/flash-actu\/une-candidature-qui-a-du-sens-apres-paris-anne-hidalgo-lorgne-le-poste-de-haut-commissaire-de-l-onu-pour-les-refugies-20250420\" target=\"_blank\" data-fig-type=\"NewsFlash\" rel=\"noopener\" data-gtm-custom-categorie=\"navigation\" data-gtm-custom-action=\"crossclick\" data-gtm-custom-label=\"Contextuel\" data-gtm-event=\"customEventSPE\" data-fig-domain=\"LEFIGARO\">Anne Hidalgo<\/a>\u00a0a dit \u00abcondamner avec la plus grande force ces intimidations\u00bb. \u00abL\u2019antis\u00e9mitisme n\u2019a pas sa place dans notre ville et dans notre R\u00e9publique. J\u2019ai demand\u00e9 au service de la propret\u00e9 d\u2019intervenir en urgence. Nous porterons plainte\u00bb, a r\u00e9agi la maire PS de Paris, Anne Hidalgo, dans une d\u00e9claration transmise \u00e0 la presse. Plusieurs adjoints \u00e0 la mairie de Paris ont \u00e9galement d\u00e9nonc\u00e9 ces agissements sur le r\u00e9seau social. \u00abLes actes \u201cmilitants\u201d ont sait o\u00f9 \u00e7a commence, pas o\u00f9 \u00e7a finit\u00bb, a d\u00e9nonc\u00e9 le maire de Paris Centre Ariel Weil. \u00abCe n\u2019est pas un \u201cd\u00e9rapage\u201d, ce n\u2019est pas un \u201cacte isol\u00e9\u201d \u2014 c\u2019est une haine qui s\u2019exprime sans complexe\u00bb, a quant \u00e0 elle fustig\u00e9 Aur\u00e9lie Assouline, adjointe \u00e0 la mairie du XVIIe arrondissement de Paris.<\/p>\n<p class=\"fig-paragraph\">Le pr\u00e9sident du Conseil repr\u00e9sentatif des institutions juives de France (Crif), Yonathan Arfi, a fait part samedi \u00e0 l\u2019AFP de \u00abbeaucoup de tristesse et d\u2019indignation en voyant ce matin ces images de lieux juifs qui ont \u00e9t\u00e9 d\u00e9grad\u00e9s\u00bb. Quelles que soient les motivations, le geste vise \u00abdirectement la communaut\u00e9 juive de France et produit pour les juifs le sentiment de stigmatisation qui est toujours un sentiment violent\u00bb, a-t-il estim\u00e9.<\/p>\n<p class=\"fig-paragraph\">Aucune information quant aux motivations n\u2019a pour le moment \u00e9t\u00e9 communiqu\u00e9e. \u00abTout le monde ram\u00e8ne \u00e7a \u00e0 la Palestine, mais nous, on est neutres\u00bb, nous pr\u00e9cise la g\u00e9rante du restaurant \u00abChez Marianne\u00bb, qui indique recevoir dans son \u00e9tablissement &#8211; une institution du IVe arrondissement de Paris depuis 1976 &#8211; \u00e0 la fois des personnalit\u00e9s juives et musulmanes. Bien que la d\u00e9couverte des d\u00e9gradations soit \u00abchoquante\u00bb pour ses \u00e9quipes, ce midi, elle a d\u00e9cid\u00e9 d\u2019ouvrir quoi qu\u2019il arrive \u00e0 la client\u00e8le.<\/p>\n","protected":false},"excerpt":{"rendered":"Une enqu\u00eate a \u00e9t\u00e9 ouverte apr\u00e8s que cinq lieux fr\u00e9quent\u00e9s par la communaut\u00e9 juive ont \u00e9t\u00e9 asperg\u00e9s de&hellip;\n","protected":false},"author":2,"featured_media":141807,"comment_status":"","ping_status":"","sticky":false,"template":"","format":"standard","meta":{"footnotes":""},"categories":[1888],"tags":[1111,1928,47,1058,1054,1059,1060,1055,11,1927,1057,1777,674,118,1011,27,1061,303,17056,12,1926,626,1925,1062,25,656,104,1056,809],"class_list":{"0":"post-141806","1":"post","2":"type-post","3":"status-publish","4":"format-standard","5":"has-post-thumbnail","7":"category-paris","8":"tag-actu","9":"tag-actu-paris","10":"tag-actualite","11":"tag-actualite-education","12":"tag-actualite-france","13":"tag-actualite-justice","14":"tag-actualite-securite","15":"tag-actualite-societe","16":"tag-actualites","17":"tag-actualites-paris","18":"tag-education","19":"tag-eu","20":"tag-europe","21":"tag-faits-divers","22":"tag-fr","23":"tag-france","24":"tag-immigration","25":"tag-justice","26":"tag-memorial-de-la-shoah","27":"tag-news","28":"tag-news-paris","29":"tag-paris","30":"tag-paris-news","31":"tag-polemique","32":"tag-republique-francaise","33":"tag-securite","34":"tag-societe","35":"tag-societe-francaise","36":"tag-violence"},"share_on_mastodon":{"url":"https:\/\/pubeurope.com\/@fr\/114602799558908448","error":""},"_links":{"self":[{"href":"https:\/\/www.europesays.com\/fr\/wp-json\/wp\/v2\/posts\/141806","targetHints":{"allow":["GET"]}}],"collection":[{"href":"https:\/\/www.europesays.com\/fr\/wp-json\/wp\/v2\/posts"}],"about":[{"href":"https:\/\/www.europesays.com\/fr\/wp-json\/wp\/v2\/types\/post"}],"author":[{"embeddable":true,"href":"https:\/\/www.europesays.com\/fr\/wp-json\/wp\/v2\/users\/2"}],"replies":[{"embeddable":true,"href":"https:\/\/www.europesays.com\/fr\/wp-json\/wp\/v2\/comments?post=141806"}],"version-history":[{"count":0,"href":"https:\/\/www.europesays.com\/fr\/wp-json\/wp\/v2\/posts\/141806\/revisions"}],"wp:featuredmedia":[{"embeddable":true,"href":"https:\/\/www.europesays.com\/fr\/wp-json\/wp\/v2\/media\/141807"}],"wp:attachment":[{"href":"https:\/\/www.europesays.com\/fr\/wp-json\/wp\/v2\/media?parent=141806"}],"wp:term":[{"taxonomy":"category","embeddable":true,"href":"https:\/\/www.europesays.com\/fr\/wp-json\/wp\/v2\/categories?post=141806"},{"taxonomy":"post_tag","embeddable":true,"href":"https:\/\/www.europesays.com\/fr\/wp-json\/wp\/v2\/tags?post=141806"}],"curies":[{"name":"wp","href":"https:\/\/api.w.org\/{rel}","templated":true}]}}