{"id":141812,"date":"2025-05-31T14:00:09","date_gmt":"2025-05-31T14:00:09","guid":{"rendered":"https:\/\/www.europesays.com\/fr\/141812\/"},"modified":"2025-05-31T14:00:09","modified_gmt":"2025-05-31T14:00:09","slug":"la-grande-mosquee-de-paris-rappelle-une-regle-fondamentale-aux-musulmans-de-france","status":"publish","type":"post","link":"https:\/\/www.europesays.com\/fr\/141812\/","title":{"rendered":"la Grande mosqu\u00e9e de Paris rappelle une r\u00e8gle fondamentale aux musulmans de France"},"content":{"rendered":"<p>            Par<br \/>\n        <strong><br \/>\n            <a href=\"https:\/\/actu.fr\/auteur\/thomas-martin\" title=\"Consulter tous les articles de Thomas Martin\" rel=\"nofollow noopener\" target=\"_blank\">Thomas Martin<\/a><br \/>\n        <\/strong><\/p>\n<p>        Publi\u00e9 le<\/p>\n<p>            31 mai 2025 \u00e0 15h54        <\/p>\n<p>C\u00e9l\u00e9br\u00e9e le dixi\u00e8me jour de Dhou al Hijja, dernier mois du calendrier musulman, l\u2019A\u00efd el-K\u00e9bir aura lieu dimanche 6 juin 2025. Une date officialis\u00e9e par la <a href=\"https:\/\/actu.fr\/ile-de-france\/paris_75056\/la-date-de-l-aid-al-adha-devoilee-par-la-grande-mosquee-de-paris-deux-prieres-annoncees_62701327.html\" rel=\"nofollow noopener\" target=\"_blank\">Grande mosqu\u00e9e de Paris<\/a> qui pour l\u2019occasion organisera deux pri\u00e8res \u00e0 7h30 et 8h15.\u00a0<\/p>\n<p>100 000 moutons abattus pour l\u2019A\u00efd<\/p>\n<p class=\" wall-content\">L\u2019A\u00efd el-K\u00e9bir, ou A\u00efd al-Adha est la plus importante des f\u00eates musulmanes. Cette c\u00e9l\u00e9bration religieuse comm\u00e9more la volont\u00e9 d\u2019Abraham de sacrifier son fils. En souvenir de ce sacrifice, les musulmans pratiquent un abattage rituel de mouton, de ch\u00e8vre ou d\u2019agneau. Selon les chiffres officiels, l\u2019A\u00efd el-K\u00e9bir se traduit en France par l\u2019abattage de plus de 100\u2009000 moutons.<\/p>\n<p class=\" wall-content\">\u00ab\u00a0A cette occasion, nous prions les musulmans de France de respecter les r\u00e8gles et les lois relatives au sacrifice rituel des ovins qui doit \u00eatre accompli par d\u00e9l\u00e9gation dans des lieux appropri\u00e9s et agr\u00e9\u00e9s\u00a0\u00bb, pr\u00e9cise la Grande mosqu\u00e9e de Paris.\u00a0<\/p>\n<p class=\" wall-content\">\n<p class=\" wall-content\">Dans une <a href=\"https:\/\/www.hauts-de-seine.gouv.fr\/contenu\/telechargement\/24904\/176190\/file\/synthese_des_exigences_pour_les_particuliers_participants_a_la_fete_de_laid_el-kebir.pdf\" rel=\"nofollow noopener\" target=\"_blank\">notice d\u2019information<\/a> \u00e0 destination des musulmans, les services de l\u2019Etat rappellent que l\u2019abattage doit \u00eatre r\u00e9alis\u00e9 dans des abattoirs agr\u00e9\u00e9s par ses soins.\u00a0<\/p>\n<p class=\" wall-content\">A destination des particuliers, ils indiquent qu\u2019un mouton peut-\u00eatre achet\u00e9 uniquement\u00a0<br \/>chez un \u00e9leveur ; aupr\u00e8s d\u2019un n\u00e9gociant en bestiaux ; dans un march\u00e9 d\u2019animaux organis\u00e9 par un \u00e9leveur ou un n\u00e9gociant et contr\u00f4l\u00e9 par un v\u00e9t\u00e9rinaire. \u00ab\u00a0Le particulier ayant achet\u00e9 son mouton doit conduire l\u2019animal directement \u00e0 l\u2019abattoir pour le sacrifice\u00a0\u00bb, pr\u00e9cise la notice.\u00a0<\/p>\n<p>Vid\u00e9os : en ce moment sur ActuCe que l\u2019on risque<\/p>\n<p class=\" wall-content\">L\u2019animal doit \u00eatre en bonne sant\u00e9 et identifi\u00e9 par une boucle officielle \u00e0 chaque oreille. L\u2019administration compl\u00e8te : \u00ab\u00a0un particulier peut transporter un seul animal, \u00e0 condition de le faire dans de bonnes conditions : l\u2019animal peut se tenir debout ou se coucher ; il ne risque pas de se blesser ou d\u2019\u00eatre bless\u00e9 ; ses pattes ne sont pas li\u00e9es ou entrav\u00e9es\u00a0\u00bb.\u00a0<\/p>\n<p class=\" wall-content\">L\u2019abattage rituel hors d\u2019un abattoir agr\u00e9\u00e9 est formellement interdit. Tout abattage clandestin est s\u00e9v\u00e8rement puni : il constitue un d\u00e9lit passible de 6 mois d\u2019emprisonnement et 15 000 euros d\u2019amende.\u00a0<\/p>\n<p class=\" wall-content\">En Ile-de-France, trois abattoirs sont agr\u00e9\u00e9s : \u00e0 Ezanville (Val-d\u2019Oise), Jossigny et Meaux (Seine-et-Marne). Jeudi 22 mai, la pr\u00e9fecture de Seine-et-Marne a d\u00e9cid\u00e9 de suspendre l\u2019activit\u00e9 de l\u2019abattoir de Meaux. <a href=\"https:\/\/actu.fr\/ile-de-france\/meaux_77284\/apres-les-images-choquantes-devoilees-par-l214-lactivite-de-labattoir-de-meaux-et-son-agrement-suspendus_62683178.html\" rel=\"nofollow noopener\" target=\"_blank\">Son agr\u00e9ment<\/a> pour vendre de la viande halal lui a \u00e9galement \u00e9t\u00e9 retir\u00e9 \u00e0 la suite de la publication d\u2019une <a href=\"https:\/\/actu.fr\/ile-de-france\/meaux_77284\/seine-et-marne-decoupes-encore-vivants-une-video-choc-de-l214-cible-les-pratiques-de-labattoir-de-meaux_62670601.html\" rel=\"nofollow noopener\" target=\"_blank\">vid\u00e9o choc<\/a> sur les conditions dans lesquelles sont tu\u00e9s les moutons et bovins.\u00a0<\/p>\n<p class=\" wall-content\">Un approvisionnement en viande est \u00e9galement possible aupr\u00e8s des boucheries sp\u00e9cialis\u00e9es.\u00a0<\/p>\n<p class=\" wall-content\">Suivez toute l\u2019actualit\u00e9 de vos villes et m\u00e9dias favoris en vous inscrivant \u00e0 <a href=\"https:\/\/moncompte.actu.fr\" title=\"D\u00e9couvez Mon Actu\" rel=\"nofollow noopener\" data-trk=\"{&quot;cta&quot;:{&quot;action&quot;:&quot;https:\\\/\\\/moncompte.actu.fr&quot;,&quot;category&quot;:&quot;mon compte&quot;,&quot;from&quot;:&quot;article footer&quot;,&quot;name&quot;:&quot;Mon actu&quot;,&quot;type&quot;:&quot;cta&quot;}}\" target=\"_blank\">Mon Actu<\/a>.<\/p>\n","protected":false},"excerpt":{"rendered":"Par Thomas Martin Publi\u00e9 le 31 mai 2025 \u00e0 15h54 C\u00e9l\u00e9br\u00e9e le dixi\u00e8me jour de Dhou al Hijja,&hellip;\n","protected":false},"author":2,"featured_media":135859,"comment_status":"","ping_status":"","sticky":false,"template":"","format":"standard","meta":{"footnotes":""},"categories":[1888],"tags":[11,1777,674,1011,27,12,626,4020,25,104],"class_list":{"0":"post-141812","1":"post","2":"type-post","3":"status-publish","4":"format-standard","5":"has-post-thumbnail","7":"category-paris","8":"tag-actualites","9":"tag-eu","10":"tag-europe","11":"tag-fr","12":"tag-france","13":"tag-news","14":"tag-paris","15":"tag-religion","16":"tag-republique-francaise","17":"tag-societe"},"share_on_mastodon":{"url":"https:\/\/pubeurope.com\/@fr\/114602811589456664","error":""},"_links":{"self":[{"href":"https:\/\/www.europesays.com\/fr\/wp-json\/wp\/v2\/posts\/141812","targetHints":{"allow":["GET"]}}],"collection":[{"href":"https:\/\/www.europesays.com\/fr\/wp-json\/wp\/v2\/posts"}],"about":[{"href":"https:\/\/www.europesays.com\/fr\/wp-json\/wp\/v2\/types\/post"}],"author":[{"embeddable":true,"href":"https:\/\/www.europesays.com\/fr\/wp-json\/wp\/v2\/users\/2"}],"replies":[{"embeddable":true,"href":"https:\/\/www.europesays.com\/fr\/wp-json\/wp\/v2\/comments?post=141812"}],"version-history":[{"count":0,"href":"https:\/\/www.europesays.com\/fr\/wp-json\/wp\/v2\/posts\/141812\/revisions"}],"wp:featuredmedia":[{"embeddable":true,"href":"https:\/\/www.europesays.com\/fr\/wp-json\/wp\/v2\/media\/135859"}],"wp:attachment":[{"href":"https:\/\/www.europesays.com\/fr\/wp-json\/wp\/v2\/media?parent=141812"}],"wp:term":[{"taxonomy":"category","embeddable":true,"href":"https:\/\/www.europesays.com\/fr\/wp-json\/wp\/v2\/categories?post=141812"},{"taxonomy":"post_tag","embeddable":true,"href":"https:\/\/www.europesays.com\/fr\/wp-json\/wp\/v2\/tags?post=141812"}],"curies":[{"name":"wp","href":"https:\/\/api.w.org\/{rel}","templated":true}]}}