{"id":141817,"date":"2025-05-31T14:03:19","date_gmt":"2025-05-31T14:03:19","guid":{"rendered":"https:\/\/www.europesays.com\/fr\/141817\/"},"modified":"2025-05-31T14:03:19","modified_gmt":"2025-05-31T14:03:19","slug":"donald-trump-annonce-doubler-les-droits-de-douane-sur-lacier-et-laluminium-importes","status":"publish","type":"post","link":"https:\/\/www.europesays.com\/fr\/141817\/","title":{"rendered":"Donald Trump annonce doubler les droits de douane sur l&rsquo;acier et l&rsquo;aluminium import\u00e9s"},"content":{"rendered":"<p>25% de droits de douane en plus sur tout l\u2019acier et l\u2019aluminium entrant sur le territoire am\u00e9ricain pour passer la surtaxe \u00e0 50%. C\u2019est ce qu\u2019a annonc\u00e9 hier Donald Trump qui poursuit ainsi sa politique de taxes douani\u00e8res. Le pr\u00e9sident am\u00e9ricain promet ainsi de \u00ab d\u00e9fendre l\u2019industrie de l\u2019acier \u00bb de son pays alors que certaines taxes qu\u2019il a d\u00e9j\u00e0 mises en place sont au c\u0153ur d\u2019une bataille juridique.<\/p>\n<p>Avec notre correspondante \u00e0 New York, <strong>Loubna Anaki<\/strong><\/p>\n<p><strong><a href=\"https:\/\/www.rfi.fr\/fr\/tag\/donald-trump\/\" class=\"link \" rel=\"nofollow noopener\" target=\"_blank\" data-ylk=\"slk:Donald Trump;elm:context_link;itc:0;sec:content-canvas\">Donald Trump<\/a><\/strong> a fait ses annonces dans une usine du g\u00e9ant de la m\u00e9tallurgie US Steel, pr\u00e8s de Pittsburgh, capitale de l\u2019acier am\u00e9ricain. Devant une foule d\u2019ouvriers scandant souvent le fameux \u00ab USA, USA \u00bb, le pr\u00e9sident a annonc\u00e9 vouloir doubler les droits de douanes sur les importations d\u2019acier pour passer \u00e0 50%. \u00ab Nous allons redonner \u00e0 l\u2019acier am\u00e9ricain toute sa gloire \u00bb, a d\u00e9clar\u00e9 le pr\u00e9sident am\u00e9ricain sous les applaudissements. La mesure devrait entrer en vigueur d\u00e8s mercredi et s\u2019appliquera aussi aux importations d\u2019aluminium. \u00ab Personne ne pourra contourner \u00bb ces droits de douane, a assur\u00e9 Donald Trump \u00e0 la tribune.<\/p>\n<p>Ce vendredi 30 mai, le pr\u00e9sident am\u00e9ricain avait \u00e9galement une autre nouvelle \u00e0 annoncer, tr\u00e8s attendue celle-ci : l\u2019accord entre US Steel et le g\u00e9ant japonais Nippon Steel. Mais hormis le fait de pr\u00e9ciser que US Steel restait sous contr\u00f4le am\u00e9ricain et que les Japonais investiraient 14 milliards de dollars dans le futur, le r\u00e9publicain n\u2019a donn\u00e9 aucun d\u00e9tail.<\/p>\n<p>Un accord bloqu\u00e9 par Joe Biden<\/p>\n<p><a href=\"https:\/\/www.rfi.fr\/fr\/am%C3%A9riques\/20250531-%C3%A9tats-unis-donald-trump-annonce-doubler-les-droits-de-douane-sur-l-acier-et-l-aluminium-import%C3%A9s\" rel=\"nofollow noopener\" target=\"_blank\" data-ylk=\"slk:Lire la suite sur RFI;elm:context_link;itc:0;sec:content-canvas\" class=\"link \">Lire la suite sur RFI<\/a><\/p>\n","protected":false},"excerpt":{"rendered":"25% de droits de douane en plus sur tout l\u2019acier et l\u2019aluminium entrant sur le territoire am\u00e9ricain pour&hellip;\n","protected":false},"author":2,"featured_media":141818,"comment_status":"","ping_status":"","sticky":false,"template":"","format":"standard","meta":{"footnotes":""},"categories":[1589],"tags":[11,75,2388,73,1866,26988,12,7274,1864,1865,1863,308],"class_list":{"0":"post-141817","1":"post","2":"type-post","3":"status-publish","4":"format-standard","5":"has-post-thumbnail","7":"category-etats-unis","8":"tag-actualites","9":"tag-donald-trump","10":"tag-droits-de-douane","11":"tag-etats-unis","12":"tag-etats-unis-damerique","13":"tag-lacier","14":"tag-news","15":"tag-president-americain","16":"tag-united-states","17":"tag-united-states-of-america","18":"tag-us","19":"tag-usa"},"share_on_mastodon":{"url":"https:\/\/pubeurope.com\/@fr\/114602823141224633","error":""},"_links":{"self":[{"href":"https:\/\/www.europesays.com\/fr\/wp-json\/wp\/v2\/posts\/141817","targetHints":{"allow":["GET"]}}],"collection":[{"href":"https:\/\/www.europesays.com\/fr\/wp-json\/wp\/v2\/posts"}],"about":[{"href":"https:\/\/www.europesays.com\/fr\/wp-json\/wp\/v2\/types\/post"}],"author":[{"embeddable":true,"href":"https:\/\/www.europesays.com\/fr\/wp-json\/wp\/v2\/users\/2"}],"replies":[{"embeddable":true,"href":"https:\/\/www.europesays.com\/fr\/wp-json\/wp\/v2\/comments?post=141817"}],"version-history":[{"count":0,"href":"https:\/\/www.europesays.com\/fr\/wp-json\/wp\/v2\/posts\/141817\/revisions"}],"wp:featuredmedia":[{"embeddable":true,"href":"https:\/\/www.europesays.com\/fr\/wp-json\/wp\/v2\/media\/141818"}],"wp:attachment":[{"href":"https:\/\/www.europesays.com\/fr\/wp-json\/wp\/v2\/media?parent=141817"}],"wp:term":[{"taxonomy":"category","embeddable":true,"href":"https:\/\/www.europesays.com\/fr\/wp-json\/wp\/v2\/categories?post=141817"},{"taxonomy":"post_tag","embeddable":true,"href":"https:\/\/www.europesays.com\/fr\/wp-json\/wp\/v2\/tags?post=141817"}],"curies":[{"name":"wp","href":"https:\/\/api.w.org\/{rel}","templated":true}]}}