{"id":14182,"date":"2025-04-10T04:34:29","date_gmt":"2025-04-10T04:34:29","guid":{"rendered":"https:\/\/www.europesays.com\/fr\/14182\/"},"modified":"2025-04-10T04:34:29","modified_gmt":"2025-04-10T04:34:29","slug":"la-l2-est-fermee-en-direction-daix-en-raison-dun-vehicule-en-feu","status":"publish","type":"post","link":"https:\/\/www.europesays.com\/fr\/14182\/","title":{"rendered":"la L2 est ferm\u00e9e en direction d&rsquo;Aix en raison d&rsquo;un v\u00e9hicule en feu"},"content":{"rendered":"<p>La rocade L2 \u00e0 Marseille est rest\u00e9e ferm\u00e9e plus de deux heures au trafic de tous les v\u00e9hicules, \u00e0 hauteur de Montolivet et en direction de l\u2019autoroute A7 (sens Aubagne-Aix). La raison\u00a0: une voiture qui avait pris feu. Le v\u00e9hicule a \u00e9t\u00e9 \u00e9teint assez rapidement par les marins-pompiers mais des techniciens de la Dirmed ont d\u00fb v\u00e9rifier que tout \u00e9tait en s\u00e9curit\u00e9 pour la reprise du trafic. Aucun v\u00e9hicule n\u2019a pu rentrer sur la L2, depuis l\u2019A50 jusqu\u2019au tunnel des Tilleuls, en direction de Lyon.<\/p>\n<p>Un bouchon de plusieurs kilom\u00e8tres s\u2019est alors form\u00e9 dans cette voie de contournement du centre-ville de la cit\u00e9 phoc\u00e9enne. Provoquant des ralentissements, voir des bouchons sur l\u2019A50, sens Aubagne-Marseille.<\/p>\n<p>La circulation a \u00e9t\u00e9 aussi compliqu\u00e9e \u00e0 hauteur de saint-Loup (Urbain sud), qui avait en partie ferm\u00e9. Tout comme sur le boulevard Mireille Lauze o\u00f9 un embouteillage a eu lieu. En outre, le Jarret a \u00e9t\u00e9 satur\u00e9, en direction de la Rose\/Plombi\u00e8res, car de nombreux v\u00e9hicules se sont report\u00e9s sur cet axe.<\/p>\n","protected":false},"excerpt":{"rendered":"La rocade L2 \u00e0 Marseille est rest\u00e9e ferm\u00e9e plus de deux heures au trafic de tous les v\u00e9hicules,&hellip;\n","protected":false},"author":2,"featured_media":14183,"comment_status":"","ping_status":"","sticky":false,"template":"","format":"standard","meta":{"footnotes":""},"categories":[2814],"tags":[17,1111,11,4070,1777,674,274,4069,1011,27,6203,6201,884,12,6202,3762,882,25],"class_list":{"0":"post-14182","1":"post","2":"type-post","3":"status-publish","4":"format-standard","5":"has-post-thumbnail","7":"category-marseille","8":"tag-17","9":"tag-actu","10":"tag-actualites","11":"tag-deux","12":"tag-eu","13":"tag-europe","14":"tag-faits-divers-justice","15":"tag-fermee","16":"tag-fr","17":"tag-france","18":"tag-heures","19":"tag-l2","20":"tag-marseille","21":"tag-news","22":"tag-pendant","23":"tag-pres","24":"tag-provence-alpes-cote-dazur","25":"tag-republique-francaise"},"share_on_mastodon":{"url":"https:\/\/pubeurope.com\/@fr\/114311807868214559","error":""},"_links":{"self":[{"href":"https:\/\/www.europesays.com\/fr\/wp-json\/wp\/v2\/posts\/14182","targetHints":{"allow":["GET"]}}],"collection":[{"href":"https:\/\/www.europesays.com\/fr\/wp-json\/wp\/v2\/posts"}],"about":[{"href":"https:\/\/www.europesays.com\/fr\/wp-json\/wp\/v2\/types\/post"}],"author":[{"embeddable":true,"href":"https:\/\/www.europesays.com\/fr\/wp-json\/wp\/v2\/users\/2"}],"replies":[{"embeddable":true,"href":"https:\/\/www.europesays.com\/fr\/wp-json\/wp\/v2\/comments?post=14182"}],"version-history":[{"count":0,"href":"https:\/\/www.europesays.com\/fr\/wp-json\/wp\/v2\/posts\/14182\/revisions"}],"wp:featuredmedia":[{"embeddable":true,"href":"https:\/\/www.europesays.com\/fr\/wp-json\/wp\/v2\/media\/14183"}],"wp:attachment":[{"href":"https:\/\/www.europesays.com\/fr\/wp-json\/wp\/v2\/media?parent=14182"}],"wp:term":[{"taxonomy":"category","embeddable":true,"href":"https:\/\/www.europesays.com\/fr\/wp-json\/wp\/v2\/categories?post=14182"},{"taxonomy":"post_tag","embeddable":true,"href":"https:\/\/www.europesays.com\/fr\/wp-json\/wp\/v2\/tags?post=14182"}],"curies":[{"name":"wp","href":"https:\/\/api.w.org\/{rel}","templated":true}]}}