{"id":141823,"date":"2025-05-31T14:06:16","date_gmt":"2025-05-31T14:06:16","guid":{"rendered":"https:\/\/www.europesays.com\/fr\/141823\/"},"modified":"2025-05-31T14:06:16","modified_gmt":"2025-05-31T14:06:16","slug":"le-rearmement-de-leurope-une-opportunite-pour-la-suisse-rts-ch","status":"publish","type":"post","link":"https:\/\/www.europesays.com\/fr\/141823\/","title":{"rendered":"Le r\u00e9armement de l&rsquo;Europe, une opportunit\u00e9 pour la Suisse? &#8211; rts.ch"},"content":{"rendered":"<p>Et si la Suisse participait au programme de r\u00e9armement massif de l&rsquo;Union europ\u00e9enne? Une collaboration formelle semble encore loin, mais le plan suscite de l&rsquo;int\u00e9r\u00eat pour des questions \u00e9conomiques et s\u00e9curitaires. Sous la coupole f\u00e9d\u00e9rale en revanche, un tel rapprochement ne fait pas l&rsquo;unanimit\u00e9.<\/p>\n<p>L&rsquo;Union europ\u00e9enne se r\u00e9arme. Ses vingt-sept Etats-membres viennent d&rsquo;approuver la cr\u00e9ation d&rsquo;un programme d&rsquo;achats communs en mati\u00e8re de d\u00e9fense de 150 milliards d&rsquo;euros. Il y a deux mois, la pr\u00e9sidente de la Commission europ\u00e9enne Ursula von der Leyen annon\u00e7ait un plan de r\u00e9armement estim\u00e9 \u00e0 800 milliards d&rsquo;euros.<\/p>\n<p>Cet \u00e9lan pourrait profiter \u00e0 la Suisse, estime P\u00e4lvi Pulli, secr\u00e9taire d&rsquo;\u00c9tat adjointe pour la politique de s\u00e9curit\u00e9 (SEPOS) au D\u00e9partement f\u00e9d\u00e9ral de la d\u00e9fense (DDPS). Selon elle, une coop\u00e9ration avec l\u2019UE permettrait de garantir un approvisionnement en armes: \u00ab\u00a0Depuis le d\u00e9but de la guerre en Ukraine, il y a beaucoup de commandes et moins de capacit\u00e9 de l&rsquo;industrie europ\u00e9enne pour r\u00e9pondre \u00e0 cette demande. La Suisse a int\u00e9r\u00eat \u00e0 pouvoir faire partie des cha\u00eenes d&rsquo;approvisionnement pour pouvoir exporter, mais aussi importer quand elle a besoin de mat\u00e9riel.\u00a0\u00bb<\/p>\n<p>Des achats en commun avec l\u2019UE permettraient \u00e9galement d\u2019obtenir du mat\u00e9riel \u00e0 prix r\u00e9duit sur le principe des \u00e9conomies d\u2019\u00e9chelle, ajoute la responsable.<\/p>\n<p>Redynamiser l&rsquo;industrie suisse<\/p>\n<p>Il s&rsquo;agirait aussi de redynamiser le secteur de l\u2019armement suisse, en pleine difficult\u00e9. Les exportations d\u2019armes suisses sont en baisse depuis plusieurs ann\u00e9es: moins 27% en 2023, moins 5% l\u2019an dernier.<\/p>\n<p>Certains pays ne veulent plus travailler avec la Suisse, \u00e0 l&rsquo;instar des Pays-Bas et, surtout, de l\u2019Allemagne, premier acheteur de mat\u00e9riel de guerre helv\u00e9tique. En cause notamment: la politique restrictive de la Conf\u00e9d\u00e9ration en mati\u00e8re d\u2019exportation, avec l&rsquo;interdiction de la vente d\u2019armes dans les pays impliqu\u00e9s dans des conflits.<\/p>\n<blockquote class=\"rts-quote quote\">\n<p class=\"q-text\">Ce n&rsquo;est pas seulement une question de places de travail et de comp\u00e9titivit\u00e9, mais aussi de s\u00e9curit\u00e9<\/p>\n<p>  P\u00e4lvi Pulli, secr\u00e9taire d&rsquo;\u00c9tat adjointe pour la politique de s\u00e9curit\u00e9 (SEPOS) <\/p><\/blockquote>\n<p>Le r\u00e9armement de l\u2019Europe repr\u00e9sente d\u00e8s lors une opportunit\u00e9 \u00e9conomique, selon P\u00e4lvi Pulli: \u00ab\u00a0Il y a des suppressions de places de travail en Suisse, alors que certaines entreprises ont recours au temps partiel. Il y a \u00e9galement des compagnies qui quittent la Suisse. L&rsquo;enjeu pour nous est d&rsquo;avoir un acc\u00e8s au march\u00e9 pour l&rsquo;industrie suisse.\u00a0\u00bb<\/p>\n<p>Elle pr\u00e9cise: \u00ab\u00a0Ce n&rsquo;est pas seulement une question de places de travail et de comp\u00e9titivit\u00e9, mais aussi de s\u00e9curit\u00e9, parce que nous ne voulons pas devenir enti\u00e8rement d\u00e9pendants de partenaires qui, eux, ont peut-\u00eatre d&rsquo;autres priorit\u00e9s en cas de conflit que la Suisse.\u00a0\u00bb<\/p>\n<p>Une coop\u00e9ration qui reste floue<\/p>\n<p>Les contours d&rsquo;une \u00e9ventuelle coop\u00e9ration avec l&rsquo;UE doivent encore \u00eatre d\u00e9finis. L&rsquo;Union europ\u00e9enne doit encore pr\u00e9ciser son plan: \u00ab\u00a0On attend des d\u00e9cisions finales prochainement\u00a0\u00bb, rapporte la secr\u00e9taire du SEPOS.<\/p>\n<p>\u00ab\u00a0Ce sera l&rsquo;occasion pour la Suisse d&rsquo;examiner quelles sont les conditions que l&rsquo;Union europ\u00e9enne va d\u00e9finir et quels seraient les statuts de la Suisse comme Etat tiers. Ce processus politique pourra se faire une fois que nous aurons une clart\u00e9 sur les conditions cadre pour l&rsquo;\u00e9ventuelle participation d&rsquo;Etats tiers.\u00a0\u00bb<\/p>\n<p>Une coop\u00e9ration critiqu\u00e9e<\/p>\n<p>Un soutien politique semble possible en Suisse. En mars, le Conseil national a adopt\u00e9 une d\u00e9claration pour une coop\u00e9ration avec l\u2019Europe en mati\u00e8re de d\u00e9fense. Par ailleurs, une commission parlementaire a<b> <\/b>d\u00e9pos\u00e9 r\u00e9cemment un texte pour charger le Conseil f\u00e9d\u00e9ral de se mettre \u00e0 table avec ses voisins pour discuter d\u2019un accord en mati\u00e8re de d\u00e9fense.<\/p>\n<p>Sans surprise, l\u2019id\u00e9e d\u00e9plait du c\u00f4t\u00e9 de l&rsquo;UDC, oppos\u00e9e \u00e0 tout rapprochement avec l&rsquo;UE. A gauche, le conseiller national socialiste Pierre-Alain Fridez (PS\/JU), lui aussi est contre, mais pour d\u2019autres raisons: \u00ab\u00a0Cet armement doit d&rsquo;abord profiter aux pays en premi\u00e8re ligne, soit \u00e0 la Pologne ou \u00e0 l&rsquo;Allemagne. La guerre est aux confins de l&rsquo;Europe et, pour nous, elle ne repr\u00e9sente que des menaces \u00e0 distance. Il ne faut pas envisager un r\u00e9armement massif en lien avec une attaque \u00e0 nos fronti\u00e8res.\u00a0\u00bb<\/p>\n<p>Une coop\u00e9ration \u00ab\u00a0bienvenue\u00a0\u00bb<\/p>\n<p>Autre son de cloche c\u00f4t\u00e9 europ\u00e9en: \u00ab\u00a0L&rsquo;Union europ\u00e9enne souhaite \u00e9videmment que le plus grand nombre possible de pays voisins se joignent \u00e0 son effort de r\u00e9armement. La Suisse n&rsquo;est certainement pas, dans le domaine industriel, un partenaire n\u00e9gligeable\u00a0\u00bb, r\u00e9agit l\u2019eurod\u00e9put\u00e9 centriste fran\u00e7ais Bernard Guetta.<\/p>\n<p>La Suisse qui attend donc que l\u2019Union europ\u00e9enne pr\u00e9cise son plan, notamment en ce qui concerne la participation de pays tiers.<\/p>\n<p class=\"sources\">Mathieu Henderson<\/p>\n","protected":false},"excerpt":{"rendered":"Et si la Suisse participait au programme de r\u00e9armement massif de l&rsquo;Union europ\u00e9enne? Une collaboration formelle semble encore&hellip;\n","protected":false},"author":2,"featured_media":141824,"comment_status":"","ping_status":"","sticky":false,"template":"","format":"standard","meta":{"footnotes":""},"categories":[1586],"tags":[11,10268,1924,10463,554,33,6359,26989,1777,674,1011,27,418,26990,26991,12,26992,316,2543,25,656,3067,1778],"class_list":{"0":"post-141823","1":"post","2":"type-post","3":"status-publish","4":"format-standard","5":"has-post-thumbnail","7":"category-europe","8":"tag-actualites","9":"tag-arme","10":"tag-armement","11":"tag-cooperation","12":"tag-defense","13":"tag-economie","14":"tag-economie-et-finances","15":"tag-equipement-militaire","16":"tag-eu","17":"tag-europe","18":"tag-fr","19":"tag-france","20":"tag-gouvernement","21":"tag-industrie-de-larmement","22":"tag-macro-economie","23":"tag-news","24":"tag-palvi-pulli","25":"tag-politique","26":"tag-relations-internationales","27":"tag-republique-francaise","28":"tag-securite","29":"tag-suisse","30":"tag-ue"},"share_on_mastodon":{"url":"https:\/\/pubeurope.com\/@fr\/114602834844998160","error":""},"_links":{"self":[{"href":"https:\/\/www.europesays.com\/fr\/wp-json\/wp\/v2\/posts\/141823","targetHints":{"allow":["GET"]}}],"collection":[{"href":"https:\/\/www.europesays.com\/fr\/wp-json\/wp\/v2\/posts"}],"about":[{"href":"https:\/\/www.europesays.com\/fr\/wp-json\/wp\/v2\/types\/post"}],"author":[{"embeddable":true,"href":"https:\/\/www.europesays.com\/fr\/wp-json\/wp\/v2\/users\/2"}],"replies":[{"embeddable":true,"href":"https:\/\/www.europesays.com\/fr\/wp-json\/wp\/v2\/comments?post=141823"}],"version-history":[{"count":0,"href":"https:\/\/www.europesays.com\/fr\/wp-json\/wp\/v2\/posts\/141823\/revisions"}],"wp:featuredmedia":[{"embeddable":true,"href":"https:\/\/www.europesays.com\/fr\/wp-json\/wp\/v2\/media\/141824"}],"wp:attachment":[{"href":"https:\/\/www.europesays.com\/fr\/wp-json\/wp\/v2\/media?parent=141823"}],"wp:term":[{"taxonomy":"category","embeddable":true,"href":"https:\/\/www.europesays.com\/fr\/wp-json\/wp\/v2\/categories?post=141823"},{"taxonomy":"post_tag","embeddable":true,"href":"https:\/\/www.europesays.com\/fr\/wp-json\/wp\/v2\/tags?post=141823"}],"curies":[{"name":"wp","href":"https:\/\/api.w.org\/{rel}","templated":true}]}}