{"id":141833,"date":"2025-05-31T14:13:11","date_gmt":"2025-05-31T14:13:11","guid":{"rendered":"https:\/\/www.europesays.com\/fr\/141833\/"},"modified":"2025-05-31T14:13:11","modified_gmt":"2025-05-31T14:13:11","slug":"rugby-un-rugbyman-condamne-pour-avoir-mordu-un-coequipier-apres-une-soiree-arrosee","status":"publish","type":"post","link":"https:\/\/www.europesays.com\/fr\/141833\/","title":{"rendered":"Rugby. Un rugbyman condamn\u00e9 pour avoir mordu un co\u00e9quipier apr\u00e8s une soir\u00e9e arros\u00e9e"},"content":{"rendered":"<p><a href=\"https:\/\/www.ledauphine.com\/sport\/2025\/02\/03\/grave-morsure-au-visage-son-coequipier-defigure-nuit-de-chaos-a-biarritz\" target=\"_blank\" rel=\"nofollow noopener\">Apr\u00e8s avoir mordu Pierre Pag\u00e8s<\/a>, son co\u00e9quipier de l&rsquo;\u00e9poque \u00e0 Biarritz, fin janvier, Masivesi Dakuwaqa a \u00e9cop\u00e9 de huit mois de prison avec sursis et 300 euros d&rsquo;amende.<\/p>\n<p>Le troisi\u00e8me ligne fidjien \u00e9tait jug\u00e9 ce vendredi par le tribunal judiciaire de Bayonne pour violences avec deux circonstances aggravantes : une ITT (interruption temporaire de travail) de plus de huit jours et des faits commis sous un \u00e9tat alcoolique.\u00a0<\/p>\n<p>\u00c0 la barre, selon les propos rapport\u00e9s par <a href=\"https:\/\/www.francebleu.fr\/infos\/faits-divers-justice\/biarritz-olympique-masivesi-dakuwaqa-condamne-a-8-mois-avec-sursis-pour-avoir-mordu-pierre-pages-a-la-joue-3669480\" target=\"_blank\" rel=\"nofollow noopener\">Ici<\/a>\u00a0Pays Basque, Masivesi Dakuwaqa a r\u00e9p\u00e9t\u00e9 ce qu&rsquo;il a toujours dit\u00a0: \u00ab\u00a0Je ne me rendais pas compte de ce que je faisais, \u00e7a n\u2019aurait pas d\u00fb arriver. Je regrette ce que j\u2019ai fait. Je regrette tout.\u00a0J\u2019exprime mes excuses \u00e0 Pierre\u00a0\u00bb.<\/p>\n<p>Pag\u00e8s absent \u00e0 l&rsquo;audience<\/p>\n<p>Pierre Pag\u00e8s n&rsquo;\u00e9tait lui pas pr\u00e9sent \u00e0 l&rsquo;audience. Ma\u00eetre Philippe Saladin le repr\u00e9sentait\u00a0: \u00ab\u00a0Pierre Pag\u00e8s a subi un lourd pr\u00e9judice, c&rsquo;est un sportif professionnel qui vit aujourd&rsquo;hui avec des s\u00e9quelles psychologiques et qui a du mal \u00e0 surmonter ce qui s&rsquo;est pass\u00e9. Il voudrait comprendre pourquoi son co\u00e9quipier a pu commettre de tels actes.\u00a0\u00bb<\/p>\n","protected":false},"excerpt":{"rendered":"Apr\u00e8s avoir mordu Pierre Pag\u00e8s, son co\u00e9quipier de l&rsquo;\u00e9poque \u00e0 Biarritz, fin janvier, Masivesi Dakuwaqa a \u00e9cop\u00e9 de&hellip;\n","protected":false},"author":2,"featured_media":141834,"comment_status":"","ping_status":"","sticky":false,"template":"","format":"standard","meta":{"footnotes":""},"categories":[1416],"tags":[274,107,1701,1011,27,2308,479,1468,517,1947,60],"class_list":{"0":"post-141833","1":"post","2":"type-post","3":"status-publish","4":"format-standard","5":"has-post-thumbnail","7":"category-rugby","8":"tag-faits-divers-justice","9":"tag-fil-info","10":"tag-fil-info-sport","11":"tag-fr","12":"tag-france","13":"tag-pro-d2","14":"tag-rugby","15":"tag-rugby-football","16":"tag-sport","17":"tag-sport-national","18":"tag-sports"},"share_on_mastodon":{"url":"https:\/\/pubeurope.com\/@fr\/114602862441684523","error":""},"_links":{"self":[{"href":"https:\/\/www.europesays.com\/fr\/wp-json\/wp\/v2\/posts\/141833","targetHints":{"allow":["GET"]}}],"collection":[{"href":"https:\/\/www.europesays.com\/fr\/wp-json\/wp\/v2\/posts"}],"about":[{"href":"https:\/\/www.europesays.com\/fr\/wp-json\/wp\/v2\/types\/post"}],"author":[{"embeddable":true,"href":"https:\/\/www.europesays.com\/fr\/wp-json\/wp\/v2\/users\/2"}],"replies":[{"embeddable":true,"href":"https:\/\/www.europesays.com\/fr\/wp-json\/wp\/v2\/comments?post=141833"}],"version-history":[{"count":0,"href":"https:\/\/www.europesays.com\/fr\/wp-json\/wp\/v2\/posts\/141833\/revisions"}],"wp:featuredmedia":[{"embeddable":true,"href":"https:\/\/www.europesays.com\/fr\/wp-json\/wp\/v2\/media\/141834"}],"wp:attachment":[{"href":"https:\/\/www.europesays.com\/fr\/wp-json\/wp\/v2\/media?parent=141833"}],"wp:term":[{"taxonomy":"category","embeddable":true,"href":"https:\/\/www.europesays.com\/fr\/wp-json\/wp\/v2\/categories?post=141833"},{"taxonomy":"post_tag","embeddable":true,"href":"https:\/\/www.europesays.com\/fr\/wp-json\/wp\/v2\/tags?post=141833"}],"curies":[{"name":"wp","href":"https:\/\/api.w.org\/{rel}","templated":true}]}}