{"id":141844,"date":"2025-05-31T14:20:10","date_gmt":"2025-05-31T14:20:10","guid":{"rendered":"https:\/\/www.europesays.com\/fr\/141844\/"},"modified":"2025-05-31T14:20:10","modified_gmt":"2025-05-31T14:20:10","slug":"le-rappeur-damso-prend-sa-retraite-a-33-ans-avec-un-nouvel-album-liberation","status":"publish","type":"post","link":"https:\/\/www.europesays.com\/fr\/141844\/","title":{"rendered":"Le rappeur Damso prend sa retraite \u00e0 33\u00a0ans avec un nouvel album \u2013 Lib\u00e9ration"},"content":{"rendered":"<p class=\"sc-ksZaOG ehjQrN text-element\">Alors, \u00e7a y est ? C\u2019est vraiment le dernier album de <a href=\"https:\/\/www.liberation.fr\/musique\/2018\/06\/14\/damso-le-diable-noir_1659141\/\" target=\"_blank\" rel=\"noreferrer noopener\" title=\"https:\/\/www.liberation.fr\/musique\/2018\/06\/14\/damso-le-diable-noir_1659141\/\">Damso<\/a> ? Question barbante de prime abord tant la technique du faux d\u00e9part a \u00e9t\u00e9 mobilis\u00e9e par des artistes faisant leur retour, tout sourire, deux ou trois ans plus tard. Le probl\u00e8me avec ce musicien-l\u00e0, c\u2019est qu\u2019il serait bien capable de joindre la parole aux actes. Et que s\u2019il s\u2019agit r\u00e9ellement d\u2019une ultime mise en disposition de l\u2019autofiction publique, il devient alors impossible d\u2019\u00e9luder cette annonce et de consid\u00e9rer ce pot de d\u00e9part autrement que par le prisme impos\u00e9 par l\u2019artiste lui-m\u00eame. <\/p>\n<p class=\"sc-ksZaOG ehjQrN text-element\">B\u0112Y\u0100H, cinqui\u00e8me long format du rappeur belge, est donc automatiquement charg\u00e9 d\u2019une histoire et d\u2019une posture, d\u2019un paratonnerre aux critiques qui ne valent plus grand-chose puisque Damso a l\u2019air de se foutre de tout, d\u2019\u00eatre blas\u00e9 au point de s\u2019offrir le luxe de l\u2019auto-dissolution \u00e0 33 ans, et qu\u2019il n\u2019a de cesse de le r\u00e9p\u00e9ter au fil de ces quinze morceaux. Il y d\u00e9peint, par divers proc\u00e9d\u00e9s musicaux, habilement, une stature d\u2019intouchable et d\u2019incompris, de type dont le succ\u00e8s fut tel ces dix derni\u00e8res ann\u00e9es que plus rien ne l\u2019excite dans l\u2019id\u00e9e d\u2019un album, format qui fait pourtant, encore, pour un temps s\u00fbrement, office de juge de paix.<\/p>\n<p class=\"sc-ksZaOG ehjQrN text-element\">Mais le monde a bien compris Damso, et c\u2019est d\u2019ailleurs la raison pour laquelle beaucou<\/p>\n","protected":false},"excerpt":{"rendered":"Alors, \u00e7a y est ? C\u2019est vraiment le dernier album de Damso ? Question barbante de prime abord&hellip;\n","protected":false},"author":2,"featured_media":141845,"comment_status":"","ping_status":"","sticky":false,"template":"","format":"standard","meta":{"footnotes":""},"categories":[1359],"tags":[26994,251,58,59,1011,27,873,26995,973,9026,3616,6198],"class_list":{"0":"post-141844","1":"post","2":"type-post","3":"status-publish","4":"format-standard","5":"has-post-thumbnail","7":"category-people","8":"tag-colin-delfosse","9":"tag-culture","10":"tag-divertissement","11":"tag-entertainment","12":"tag-fr","13":"tag-france","14":"tag-musique","15":"tag-parutionlibe","16":"tag-people","17":"tag-portrait","18":"tag-rap","19":"tag-rappeur"},"share_on_mastodon":{"url":"https:\/\/pubeurope.com\/@fr\/114602889925752353","error":""},"_links":{"self":[{"href":"https:\/\/www.europesays.com\/fr\/wp-json\/wp\/v2\/posts\/141844","targetHints":{"allow":["GET"]}}],"collection":[{"href":"https:\/\/www.europesays.com\/fr\/wp-json\/wp\/v2\/posts"}],"about":[{"href":"https:\/\/www.europesays.com\/fr\/wp-json\/wp\/v2\/types\/post"}],"author":[{"embeddable":true,"href":"https:\/\/www.europesays.com\/fr\/wp-json\/wp\/v2\/users\/2"}],"replies":[{"embeddable":true,"href":"https:\/\/www.europesays.com\/fr\/wp-json\/wp\/v2\/comments?post=141844"}],"version-history":[{"count":0,"href":"https:\/\/www.europesays.com\/fr\/wp-json\/wp\/v2\/posts\/141844\/revisions"}],"wp:featuredmedia":[{"embeddable":true,"href":"https:\/\/www.europesays.com\/fr\/wp-json\/wp\/v2\/media\/141845"}],"wp:attachment":[{"href":"https:\/\/www.europesays.com\/fr\/wp-json\/wp\/v2\/media?parent=141844"}],"wp:term":[{"taxonomy":"category","embeddable":true,"href":"https:\/\/www.europesays.com\/fr\/wp-json\/wp\/v2\/categories?post=141844"},{"taxonomy":"post_tag","embeddable":true,"href":"https:\/\/www.europesays.com\/fr\/wp-json\/wp\/v2\/tags?post=141844"}],"curies":[{"name":"wp","href":"https:\/\/api.w.org\/{rel}","templated":true}]}}