{"id":14186,"date":"2025-04-10T04:36:33","date_gmt":"2025-04-10T04:36:33","guid":{"rendered":"https:\/\/www.europesays.com\/fr\/14186\/"},"modified":"2025-04-10T04:36:33","modified_gmt":"2025-04-10T04:36:33","slug":"les-vols-dargent-sur-les-cartes-de-fidelite-se-multiplient","status":"publish","type":"post","link":"https:\/\/www.europesays.com\/fr\/14186\/","title":{"rendered":"les vols d\u2019argent sur les cartes de fid\u00e9lit\u00e9 se multiplient"},"content":{"rendered":"<p>Dans la m\u00e9tropole de Lyon et plus largement en France, les plaintes pour des vols d\u2019argent sur les cartes de fid\u00e9lit\u00e9 de supermarch\u00e9s et magasins sont de plus en plus nombreuses. Un couple a r\u00e9cemment \u00e9t\u00e9 arr\u00eat\u00e9 en banlieue lyonnaise.<\/p>\n<p class=\"fig-paragraph\">Auchan, Carrefour, Super U&#8230; Depuis plusieurs semaines, les brigades de gendarmerie et les commissariats de police lyonnais re\u00e7oivent de nombreuses plaintes li\u00e9es \u00e0\u00a0<a href=\"http:\/\/www.lefigaro.fr\/conjoncture\/les-cartes-de-credit-et-de-fidelite-dematerialisees-gagnent-toujours-plus-de-terrain-20240718\" data-fig-type=\"NewsFlash\" data-gtm-custom-categorie=\"navigation\" data-gtm-custom-action=\"crossclick\" data-gtm-custom-label=\"Contextuel\" data-gtm-event=\"customEventSPE\" data-fig-domain=\"LEFIGARO\" target=\"_blank\" rel=\"noopener\">des donn\u00e9es de cartes de fid\u00e9lit\u00e9 vol\u00e9es<\/a>. R\u00e9cemment, les investigations des gendarmes ont permis d\u2019identifier un couple qui utilisait des\u00a0<a href=\"http:\/\/www.lefigaro.fr\/lyon\/lyon-la-gendarmerie-met-en-garde-contre-les-vols-de-cartes-bancaires-dans-les-centres-commerciaux-20250204\" data-fig-type=\"NewsFlash\" data-gtm-custom-categorie=\"navigation\" data-gtm-custom-action=\"crossclick\" data-gtm-custom-label=\"Contextuel\" data-gtm-event=\"customEventSPE\" data-fig-domain=\"LEFIGARO\" target=\"_blank\" rel=\"noopener\">cartes vol\u00e9es pour faire ses courses<\/a>. Plac\u00e9s en garde \u00e0 vue, les deux suspects ont reconnu les faits et ont \u00e9t\u00e9 mis en examen pour avoir d\u00e9tourn\u00e9 1600 euros.<\/p>\n<p class=\"fig-paragraph\">\u00abIl s\u2019agit d\u2019un montant important dans ce dossier mais en g\u00e9n\u00e9ral les sommes vol\u00e9es sont plut\u00f4t d\u2019une cinquantaine d\u2019euros\u00bb, indique une source s\u00e9curitaire. Un ph\u00e9nom\u00e8ne qui n\u2019est pas propre \u00e0 Lyon et qui touche l\u2019ensemble de l\u2019Hexagone. \u00abVia le darknet, des voleurs arrivent \u00e0 trouver les identifiants, noms et pr\u00e9noms des d\u00e9tenteurs de carte ainsi que les mots de passe puis les revendent sur Snapchat ou Telegram\u00bb, poursuit cette m\u00eame source.<\/p>\n<p>Jusqu\u2019\u00e0 5 ans de prison et 375.000\u00a0\u20ac d\u2019amende<\/p>\n<p class=\"fig-paragraph\">Une fois les codes r\u00e9cup\u00e9r\u00e9s, les escrocs revendent ces donn\u00e9es via des coupons PSC. Les acheteurs installent ensuite l\u2019application du magasin concern\u00e9 pour payer en caisse. \u00abL\u2019acheteur se dit qu\u2019il va faire 100 euros de courses pour 50 euros mais, souvent, l\u2019escroc a vendu les m\u00eames codes \u00e0 plusieurs personnes et c\u2019est le premier qui va faire les courses qui a l\u2019argent\u00bb, conclut cette source s\u00e9curitaire.<\/p>\n<p class=\"fig-paragraph\">Ces vols de cartes de fid\u00e9lit\u00e9 peuvent co\u00fbter cher, l\u2019escroquerie pouvant entra\u00eener une peine allant jusqu\u2019\u00e0 cinq ans de prison et 375.000 euros d\u2019amende.<\/p>\n","protected":false},"excerpt":{"rendered":"Dans la m\u00e9tropole de Lyon et plus largement en France, les plaintes pour des vols d\u2019argent sur les&hellip;\n","protected":false},"author":2,"featured_media":14187,"comment_status":"","ping_status":"","sticky":false,"template":"","format":"standard","meta":{"footnotes":""},"categories":[1889],"tags":[1111,11,5273,2430,5299,5272,6204,5312,5296,5285,3513,1777,674,5293,1011,27,5303,5311,5301,5279,5275,5313,5276,5300,5302,5280,5298,5281,5306,5305,5308,5309,5284,5294,5297,5269,5271,5268,5270,5267,2428,5295,5307,5277,5304,5283,12,978,5274,25,2431,5314,5288,5292,5289,5291,5290,5315,5282,5286,5310,5287,5278],"class_list":{"0":"post-14186","1":"post","2":"type-post","3":"status-publish","4":"format-standard","5":"has-post-thumbnail","7":"category-lyon","8":"tag-actu","9":"tag-actualites","10":"tag-ainay","11":"tag-auvergne-rhone-alpes","12":"tag-bellecombe","13":"tag-bellecour","14":"tag-carte-de-reduction","15":"tag-champvert-nord","16":"tag-champvert-sud","17":"tag-clos-jouve","18":"tag-escroquerie","19":"tag-eu","20":"tag-europe","21":"tag-fourviere","22":"tag-fr","23":"tag-france","24":"tag-gerland","25":"tag-gorge-de-loup","26":"tag-jean-mace","27":"tag-la-buire","28":"tag-la-confluence","29":"tag-la-duchere","30":"tag-la-guillotiere-nord-prefecture","31":"tag-la-guillotiere-sud","32":"tag-la-mouche","33":"tag-la-part-dieu","34":"tag-la-tete-dor","35":"tag-la-villette","36":"tag-laennec","37":"tag-le-bachut","38":"tag-le-grand-trou","39":"tag-le-moulin-a-vent","40":"tag-le-plateau-de-la-croix-rousse","41":"tag-le-point-du-jour","42":"tag-les-brotteaux","43":"tag-les-chartreux","44":"tag-les-cordeliers","45":"tag-les-pentes-de-la-croix-rousse","46":"tag-les-terreaux","47":"tag-les-traboules","48":"tag-lyon","49":"tag-menival","50":"tag-mermoz","51":"tag-moncey","52":"tag-monplaisir","53":"tag-montchat","54":"tag-news","55":"tag-olympique-lyonnais","56":"tag-perrache","57":"tag-republique-francaise","58":"tag-rhone-alpes","59":"tag-rochecardon-industrie","60":"tag-saint-georges","61":"tag-saint-irenee","62":"tag-saint-jean","63":"tag-saint-just","64":"tag-saint-paul","65":"tag-saint-rambert-lile-barbe","66":"tag-sans-souci-dauphine","67":"tag-serin-saint-charles","68":"tag-vaise","69":"tag-vieux-lyon","70":"tag-voltaire"},"share_on_mastodon":{"url":"","error":"Validation failed: Text character limit of 500 exceeded"},"_links":{"self":[{"href":"https:\/\/www.europesays.com\/fr\/wp-json\/wp\/v2\/posts\/14186","targetHints":{"allow":["GET"]}}],"collection":[{"href":"https:\/\/www.europesays.com\/fr\/wp-json\/wp\/v2\/posts"}],"about":[{"href":"https:\/\/www.europesays.com\/fr\/wp-json\/wp\/v2\/types\/post"}],"author":[{"embeddable":true,"href":"https:\/\/www.europesays.com\/fr\/wp-json\/wp\/v2\/users\/2"}],"replies":[{"embeddable":true,"href":"https:\/\/www.europesays.com\/fr\/wp-json\/wp\/v2\/comments?post=14186"}],"version-history":[{"count":0,"href":"https:\/\/www.europesays.com\/fr\/wp-json\/wp\/v2\/posts\/14186\/revisions"}],"wp:featuredmedia":[{"embeddable":true,"href":"https:\/\/www.europesays.com\/fr\/wp-json\/wp\/v2\/media\/14187"}],"wp:attachment":[{"href":"https:\/\/www.europesays.com\/fr\/wp-json\/wp\/v2\/media?parent=14186"}],"wp:term":[{"taxonomy":"category","embeddable":true,"href":"https:\/\/www.europesays.com\/fr\/wp-json\/wp\/v2\/categories?post=14186"},{"taxonomy":"post_tag","embeddable":true,"href":"https:\/\/www.europesays.com\/fr\/wp-json\/wp\/v2\/tags?post=14186"}],"curies":[{"name":"wp","href":"https:\/\/api.w.org\/{rel}","templated":true}]}}