{"id":141880,"date":"2025-05-31T14:43:15","date_gmt":"2025-05-31T14:43:15","guid":{"rendered":"https:\/\/www.europesays.com\/fr\/141880\/"},"modified":"2025-05-31T14:43:15","modified_gmt":"2025-05-31T14:43:15","slug":"le-veteran-du-bmx-alex-jumelin-face-a-notre-tu-preferes-special-fise","status":"publish","type":"post","link":"https:\/\/www.europesays.com\/fr\/141880\/","title":{"rendered":"le v\u00e9t\u00e9ran du BMX Alex Jumelin face \u00e0 notre \u00ab\u00a0Tu pr\u00e9f\u00e8res\u00a0\u00bb sp\u00e9cial FISE"},"content":{"rendered":"<p>            Par<br \/>\n        <strong><br \/>\n            <a href=\"https:\/\/actu.fr\/auteur\/lea-pippinato\" title=\"Consulter tous les articles de L\u00e9a Pippinato\" rel=\"nofollow noopener\" target=\"_blank\">L\u00e9a Pippinato<\/a><br \/>\n        <\/strong><\/p>\n<p>        Publi\u00e9 le<\/p>\n<p>            31 mai 2025 \u00e0 16h26        <\/p>\n<p>Quatre titres de champion du monde, trois victoires \u00e0 Montpellier (1999, 2014, 2015), et une fid\u00e9lit\u00e9 sans faille au <strong>FISE<\/strong> depuis sa cr\u00e9ation. <strong>Ce dimanche 1er juin 2025<\/strong>, de 18 h \u00e0 19 h 20, Alex Jumelin vivra sa premi\u00e8re finale depuis 2019.<\/p>\n<p>    <a href=\"https:\/\/www.google.com\/maps\/embed?pb=!1m18!1m12!1m3!1d23106.53565652367!2d3.8731775999999996!3d43.620761599999994!2m3!1f0!2f0!3f0!3m2!1i1024!2i768!4f13.1!3m3!1m2!1s0x12b6afdaa3d55c1d%3A0x7de1e521ab504206!2sFISE%20World%20Montpellier!5e0!3m2!1sen!2sfr!4v1748674305149!5m2!1sen!2sfr\" title=\"Ouvrie le lien\" rel=\"nofollow noopener\" target=\"_blank\">Cliquez ici pour visualiser le contenu<\/a><\/p>\n<p class=\" wall-content\">\u00c0 47 ans, il signe sa meilleure performance depuis six ans. Une long\u00e9vit\u00e9 rare dans une discipline exigeante, marqu\u00e9e par la technique, l\u2019audace et la constance. Entre deux entra\u00eenements, il a r\u00e9pondu \u00e0 une s\u00e9rie de \u00ab\u00a0Tu pr\u00e9f\u00e8res\u00a0\u00bb, version BMX.<\/p>\n<p class=\" wall-content\"><strong>Retrouvez la vid\u00e9o compl\u00e8te de ce \u00ab\u00a0Tu pr\u00e9f\u00e8res\u00a0\u00bb avec Alex Jumelin <a href=\"https:\/\/www.instagram.com\/metropolitainfr\/?hl=en\" rel=\"nofollow noopener\" target=\"_blank\">sur notre compte Instagram<\/a><\/strong><\/p>\n<p class=\" wall-content\"><a href=\"https:\/\/www.instagram.com\/reel\/DKUUFegMAjw\/embed\" title=\"Ouvrir le lien sur Instagram\" rel=\"nofollow noopener\" target=\"_blank\">Visualiser le contenu sur Instagram<\/a><\/p>\n<p>Tu pr\u00e9f\u00e8res rouler avec une musique que t\u2019aimes pas ou en silence total devant du monde ?<\/p>\n<p class=\" wall-content\">Je pr\u00e9f\u00e8re le silence. J\u2019ai besoin d\u2019entendre mon v\u00e9lo. M\u00eame si y\u2019a du monde autour, \u00e7a me g\u00eane pas. Je me concentre mieux comme \u00e7a. Une musique que j\u2019aime pas, \u00e7a me sort de ma bulle.<\/p>\n<p>Tu pr\u00e9f\u00e8res t\u2019entra\u00eener \u00e0 6h du matin ou \u00e0 minuit ?<\/p>\n<p class=\" wall-content\">6h du matin, mais minuit pourquoi pas !<\/p>\n<p>Tu pr\u00e9f\u00e8res avoir un super v\u00e9lo offert mais moche ou garder ton vieux v\u00e9lo un peu cass\u00e9 ?<\/p>\n<p class=\" wall-content\">Je garde le mien. M\u00eame s\u2019il est us\u00e9, m\u00eame s\u2019il grince. Je le connais par c\u0153ur. Il fait partie de moi. Ce que je veux, ce n\u2019est pas juste un v\u00e9lo neuf, c\u2019est un v\u00e9lo qui me ressemble.<\/p>\n<p>Vid\u00e9os : en ce moment sur ActuTu pr\u00e9f\u00e8res rouler tous les jours \u00e0 Montpellier avec plein de monde ou sur un spot priv\u00e9 au calme ?<\/p>\n<p class=\" wall-content\">Un spot priv\u00e9, au calme, \u00e0 l\u2019\u00e9cart du monde. Loin du bruit, c\u2019est l\u00e0 que je me sens le mieux. J\u2019ai besoin de cette tranquillit\u00e9 pour vraiment me concentrer et donner le meilleur de moi-m\u00eame.<\/p>\n<p>Tu pr\u00e9f\u00e8res faire une figure que tout le monde attend ou en tenter une nouvelle au risque de chuter ?<\/p>\n<p class=\" wall-content\">Je pr\u00e9f\u00e8re innover. Tenter quelque chose de nouveau, m\u00eame si je tombe. Si je reste sur les figures que je ma\u00eetrise, je n\u2019avance plus. J\u2019aime cr\u00e9er, surprendre, me challenger.<\/p>\n<p>Tu pr\u00e9f\u00e8res rater une figure devant tes potes ou en gros plan \u00e0 la cam\u00e9ra ?<\/p>\n<p class=\" wall-content\">Je pr\u00e9f\u00e8re que personne ne filme. Quand je rate, j\u2019ai pas envie de revoir \u00e7a. \u00c7a m\u2019\u00e9nerve. Je veux passer \u00e0 autre chose.\u00a0<\/p>\n<p>Tu pr\u00e9f\u00e8res \u00eatre sur l\u2019affiche du FISE avec une vieille photo ou ne pas y \u00eatre du tout ?<\/p>\n<p class=\" wall-content\">Je pr\u00e9f\u00e8re ne pas y \u00eatre. Une vieille photo, mal choisie, c\u2019est pas moi. Si je suis sur l\u2019affiche, je veux que ce soit juste. Sinon, non merci.<\/p>\n<p>Tu pr\u00e9f\u00e8res faire le FISE sous la pluie avec une ambiance folle ou sous le soleil sans public ?<\/p>\n<p class=\" wall-content\">Le soleil, avec l\u2019ambiance. Les deux sont importants. Mais sans public, le FISE perd son \u00e2me. Ici, \u00e0 Montpellier, le public fait partie de la f\u00eate. On se retrouve tous les ans. C\u2019est une famille.<\/p>\n<p>Tu pr\u00e9f\u00e8res gagner avec une run moyenne ou perdre avec ta meilleure run de l\u2019ann\u00e9e ?<\/p>\n<p class=\" wall-content\">Je pr\u00e9f\u00e8re gagner. Peu importe si ma run est moyenne. Je viens pour gagner. C\u2019est mon objectif. Je donne tout pour \u00e7a.<\/p>\n<p>Tu pr\u00e9f\u00e8res un FISE tous les mois mais moyen ou un FISE tous les cinq ans mais \u00e9norme ?<\/p>\n<p class=\" wall-content\">Un FISE tous les cinq ans. Je veux que ce soit un vrai grand \u00e9v\u00e9nement. Une f\u00eate. Un moment marquant. Le FISE, \u00e7a doit rester sp\u00e9cial. Pas banal.<\/p>\n<p>Tu pr\u00e9f\u00e8res revivre ton tout premier FISE ou voir ton fils gagner le sien ?<\/p>\n<p class=\" wall-content\">Voir mon fils gagner. C\u2019est ce qu\u2019il y a de plus fort. Hier, il faisait une d\u00e9mo au O\u2019Sullivans. Moi, je faisais \u00e7a en 1997. Maintenant, ce sont mes deux fils qui prennent la suite. C\u2019est beau.<\/p>\n<p>Tu pr\u00e9f\u00e8res rider encore 20 ans au haut niveau ou te consacrer \u00e0 100 % au coaching ?<\/p>\n<p class=\" wall-content\">\u00a0Je pr\u00e9f\u00e8re rider. Tant que mon corps suit, je veux rester sur la planche. Le coaching me pla\u00eet aussi, c\u2019est gratifiant de transmettre ce que j\u2019ai mis des ann\u00e9es \u00e0 comprendre : un geste, un d\u00e9tail, une position. Mais si je dois choisir, je ride encore 20 ans sans h\u00e9siter.<\/p>\n<p>Tu pr\u00e9f\u00e8res faire ton dernier run seul ou entour\u00e9 de tes potes ?<\/p>\n<p class=\" wall-content\">Je veux \u00eatre entour\u00e9. Ici, \u00e0 Montpellier. Avec mes amis. Je veux que le FISE dure plus longtemps que moi. Que \u00e7a continue, m\u00eame apr\u00e8s moi.<\/p>\n<p class=\" wall-content\">Suivez toute l\u2019actualit\u00e9 de vos villes et m\u00e9dias favoris en vous inscrivant \u00e0 <a href=\"https:\/\/moncompte.actu.fr\" title=\"D\u00e9couvez Mon Actu\" rel=\"nofollow noopener\" data-trk=\"{&quot;cta&quot;:{&quot;action&quot;:&quot;https:\\\/\\\/moncompte.actu.fr&quot;,&quot;category&quot;:&quot;mon compte&quot;,&quot;from&quot;:&quot;article footer&quot;,&quot;name&quot;:&quot;Mon actu&quot;,&quot;type&quot;:&quot;cta&quot;}}\" target=\"_blank\">Mon Actu<\/a>.<\/p>\n<p>                    <script async src=\"\/\/www.instagram.com\/embed.js\"><\/script><\/p>\n","protected":false},"excerpt":{"rendered":"Par L\u00e9a Pippinato Publi\u00e9 le 31 mai 2025 \u00e0 16h26 Quatre titres de champion du monde, trois victoires&hellip;\n","protected":false},"author":2,"featured_media":141881,"comment_status":"","ping_status":"","sticky":false,"template":"","format":"standard","meta":{"footnotes":""},"categories":[9599],"tags":[1111,11,1777,674,1011,27,2208,12,2680,25,938,517,60],"class_list":{"0":"post-141880","1":"post","2":"type-post","3":"status-publish","4":"format-standard","5":"has-post-thumbnail","7":"category-montpellier","8":"tag-actu","9":"tag-actualites","10":"tag-eu","11":"tag-europe","12":"tag-fr","13":"tag-france","14":"tag-montpellier","15":"tag-news","16":"tag-occitanie","17":"tag-republique-francaise","18":"tag-reseaux-sociaux","19":"tag-sport","20":"tag-sports"},"share_on_mastodon":{"url":"","error":""},"_links":{"self":[{"href":"https:\/\/www.europesays.com\/fr\/wp-json\/wp\/v2\/posts\/141880","targetHints":{"allow":["GET"]}}],"collection":[{"href":"https:\/\/www.europesays.com\/fr\/wp-json\/wp\/v2\/posts"}],"about":[{"href":"https:\/\/www.europesays.com\/fr\/wp-json\/wp\/v2\/types\/post"}],"author":[{"embeddable":true,"href":"https:\/\/www.europesays.com\/fr\/wp-json\/wp\/v2\/users\/2"}],"replies":[{"embeddable":true,"href":"https:\/\/www.europesays.com\/fr\/wp-json\/wp\/v2\/comments?post=141880"}],"version-history":[{"count":0,"href":"https:\/\/www.europesays.com\/fr\/wp-json\/wp\/v2\/posts\/141880\/revisions"}],"wp:featuredmedia":[{"embeddable":true,"href":"https:\/\/www.europesays.com\/fr\/wp-json\/wp\/v2\/media\/141881"}],"wp:attachment":[{"href":"https:\/\/www.europesays.com\/fr\/wp-json\/wp\/v2\/media?parent=141880"}],"wp:term":[{"taxonomy":"category","embeddable":true,"href":"https:\/\/www.europesays.com\/fr\/wp-json\/wp\/v2\/categories?post=141880"},{"taxonomy":"post_tag","embeddable":true,"href":"https:\/\/www.europesays.com\/fr\/wp-json\/wp\/v2\/tags?post=141880"}],"curies":[{"name":"wp","href":"https:\/\/api.w.org\/{rel}","templated":true}]}}