{"id":141882,"date":"2025-05-31T14:46:10","date_gmt":"2025-05-31T14:46:10","guid":{"rendered":"https:\/\/www.europesays.com\/fr\/141882\/"},"modified":"2025-05-31T14:46:10","modified_gmt":"2025-05-31T14:46:10","slug":"isere-un-chene-centenaire-sest-casse-en-deux-dans-un-parc-dechirolles","status":"publish","type":"post","link":"https:\/\/www.europesays.com\/fr\/141882\/","title":{"rendered":"Is\u00e8re. Un ch\u00eane centenaire s\u2019est cass\u00e9 en deux dans un parc d&rsquo;\u00c9chirolles"},"content":{"rendered":"<p>Les jardiniers de la Ville ont eu la surprise cette semaine de trouver le gros ch\u00eane centenaire implant\u00e9 dans le parc ouest cass\u00e9 en deux.<\/p>\n<p>Son tronc en mauvais \u00e9tat laissait pr\u00e9sager de cette issue \u00e0 plus ou moins long terme sans forc\u00e9ment attendre de fortes pluies ou de grosses rafales de vent. Il faut dire aussi que le feu avait \u00e9t\u00e9 mis \u00e0 l\u2019int\u00e9rieur du tronc voici quelques ann\u00e9es en arri\u00e8re par des personnes peu respectueuses de la nature.<\/p>\n<p>Pour anticiper sur le d\u00e9clin de ce vieux ch\u00eane avec d\u2019\u00e9ventuelles chutes de branches, et donc assurer la s\u00e9curit\u00e9 des usagers, les jardiniers des espaces verts l\u2019avaient isol\u00e9 en l\u2019entourant d\u2019autres v\u00e9g\u00e9taux et notamment de rosiers, rendant ainsi difficile son approche.<\/p>\n","protected":false},"excerpt":{"rendered":"Les jardiniers de la Ville ont eu la surprise cette semaine de trouver le gros ch\u00eane centenaire implant\u00e9&hellip;\n","protected":false},"author":2,"featured_media":141883,"comment_status":"","ping_status":"","sticky":false,"template":"","format":"standard","meta":{"footnotes":""},"categories":[9566],"tags":[1111,11,2430,9852,9853,112,436,1777,674,1011,27,2731,2732,108,12,25],"class_list":{"0":"post-141882","1":"post","2":"type-post","3":"status-publish","4":"format-standard","5":"has-post-thumbnail","7":"category-grenoble","8":"tag-actu","9":"tag-actualites","10":"tag-auvergne-rhone-alpes","11":"tag-echirolles","12":"tag-echirolles-bassin","13":"tag-edition-grenoble-agglomeration","14":"tag-environnement","15":"tag-eu","16":"tag-europe","17":"tag-fr","18":"tag-france","19":"tag-grenoble","20":"tag-grenoble-bassin","21":"tag-isere","22":"tag-news","23":"tag-republique-francaise"},"share_on_mastodon":{"url":"https:\/\/pubeurope.com\/@fr\/114602992116563632","error":""},"_links":{"self":[{"href":"https:\/\/www.europesays.com\/fr\/wp-json\/wp\/v2\/posts\/141882","targetHints":{"allow":["GET"]}}],"collection":[{"href":"https:\/\/www.europesays.com\/fr\/wp-json\/wp\/v2\/posts"}],"about":[{"href":"https:\/\/www.europesays.com\/fr\/wp-json\/wp\/v2\/types\/post"}],"author":[{"embeddable":true,"href":"https:\/\/www.europesays.com\/fr\/wp-json\/wp\/v2\/users\/2"}],"replies":[{"embeddable":true,"href":"https:\/\/www.europesays.com\/fr\/wp-json\/wp\/v2\/comments?post=141882"}],"version-history":[{"count":0,"href":"https:\/\/www.europesays.com\/fr\/wp-json\/wp\/v2\/posts\/141882\/revisions"}],"wp:featuredmedia":[{"embeddable":true,"href":"https:\/\/www.europesays.com\/fr\/wp-json\/wp\/v2\/media\/141883"}],"wp:attachment":[{"href":"https:\/\/www.europesays.com\/fr\/wp-json\/wp\/v2\/media?parent=141882"}],"wp:term":[{"taxonomy":"category","embeddable":true,"href":"https:\/\/www.europesays.com\/fr\/wp-json\/wp\/v2\/categories?post=141882"},{"taxonomy":"post_tag","embeddable":true,"href":"https:\/\/www.europesays.com\/fr\/wp-json\/wp\/v2\/tags?post=141882"}],"curies":[{"name":"wp","href":"https:\/\/api.w.org\/{rel}","templated":true}]}}