{"id":141907,"date":"2025-05-31T15:02:09","date_gmt":"2025-05-31T15:02:09","guid":{"rendered":"https:\/\/www.europesays.com\/fr\/141907\/"},"modified":"2025-05-31T15:02:09","modified_gmt":"2025-05-31T15:02:09","slug":"marseille-confidentiels-un-an-apres-avoir-brandi-le-drapeau-palestinien-delogu-du-bon-cote-de-lhistoire","status":"publish","type":"post","link":"https:\/\/www.europesays.com\/fr\/141907\/","title":{"rendered":"Marseille confidentiels. Un an apr\u00e8s avoir brandi le drapeau palestinien, Delogu \u00ab\u00a0du bon c\u00f4t\u00e9 de l&rsquo;Histoire\u00a0\u00bb"},"content":{"rendered":"<p>Un apr\u00e8s avoir brandi le drapeau palestinien, Delogu \u00ab\u00a0toujours du mauvais c\u00f4t\u00e9 du r\u00e8glement (de l&rsquo;Assembl\u00e9e) mais du bon c\u00f4t\u00e9 de l&rsquo;Histoire\u00a0\u00bb<\/p>\n<p>Il y a tout juste un an, le 28 mai 2024, <a href=\"https:\/\/www.laprovence.com\/article\/politique\/43634238502203\/le-depute-marseillais-sebastien-delogu-exclu-15-jours-de-lassemblee-apres-avoir-brandi-un-drapeau-palestinien\" target=\"_blank\" rel=\"nofollow noopener\">S\u00e9bastien Delogu brandissait un drapeau palestinien<\/a> dans l&rsquo;h\u00e9micycle de l&rsquo;Assembl\u00e9e nationale pour d\u00e9noncer la situation dans la bande de Gaza et les milliers de morts civils caus\u00e9es par la guerre que m\u00e8ne Isra\u00ebl contre le Hamas. Le d\u00e9put\u00e9 LFI des Bouches-du-Rh\u00f4ne avait \u00e9cop\u00e9 de la sanction la plus lourde au palais Bourbon, une exclusion de 15\u00a0jours.<\/p>\n","protected":false},"excerpt":{"rendered":"Un apr\u00e8s avoir brandi le drapeau palestinien, Delogu \u00ab\u00a0toujours du mauvais c\u00f4t\u00e9 du r\u00e8glement (de l&rsquo;Assembl\u00e9e) mais du&hellip;\n","protected":false},"author":2,"featured_media":141908,"comment_status":"","ping_status":"","sticky":false,"template":"","format":"standard","meta":{"footnotes":""},"categories":[2814],"tags":[17,1111,11,150,6661,27000,2826,12159,1777,674,1011,27,884,12,13539,882,16,25],"class_list":{"0":"post-141907","1":"post","2":"type-post","3":"status-publish","4":"format-standard","5":"has-post-thumbnail","7":"category-marseille","8":"tag-17","9":"tag-actu","10":"tag-actualites","11":"tag-apres","12":"tag-avoir","13":"tag-brandi","14":"tag-confidentiels","15":"tag-drapeau","16":"tag-eu","17":"tag-europe","18":"tag-fr","19":"tag-france","20":"tag-marseille","21":"tag-news","22":"tag-palestinien","23":"tag-provence-alpes-cote-dazur","24":"tag-region","25":"tag-republique-francaise"},"share_on_mastodon":{"url":"https:\/\/pubeurope.com\/@fr\/114603055088900717","error":""},"_links":{"self":[{"href":"https:\/\/www.europesays.com\/fr\/wp-json\/wp\/v2\/posts\/141907","targetHints":{"allow":["GET"]}}],"collection":[{"href":"https:\/\/www.europesays.com\/fr\/wp-json\/wp\/v2\/posts"}],"about":[{"href":"https:\/\/www.europesays.com\/fr\/wp-json\/wp\/v2\/types\/post"}],"author":[{"embeddable":true,"href":"https:\/\/www.europesays.com\/fr\/wp-json\/wp\/v2\/users\/2"}],"replies":[{"embeddable":true,"href":"https:\/\/www.europesays.com\/fr\/wp-json\/wp\/v2\/comments?post=141907"}],"version-history":[{"count":0,"href":"https:\/\/www.europesays.com\/fr\/wp-json\/wp\/v2\/posts\/141907\/revisions"}],"wp:featuredmedia":[{"embeddable":true,"href":"https:\/\/www.europesays.com\/fr\/wp-json\/wp\/v2\/media\/141908"}],"wp:attachment":[{"href":"https:\/\/www.europesays.com\/fr\/wp-json\/wp\/v2\/media?parent=141907"}],"wp:term":[{"taxonomy":"category","embeddable":true,"href":"https:\/\/www.europesays.com\/fr\/wp-json\/wp\/v2\/categories?post=141907"},{"taxonomy":"post_tag","embeddable":true,"href":"https:\/\/www.europesays.com\/fr\/wp-json\/wp\/v2\/tags?post=141907"}],"curies":[{"name":"wp","href":"https:\/\/api.w.org\/{rel}","templated":true}]}}