{"id":141915,"date":"2025-05-31T15:07:08","date_gmt":"2025-05-31T15:07:08","guid":{"rendered":"https:\/\/www.europesays.com\/fr\/141915\/"},"modified":"2025-05-31T15:07:08","modified_gmt":"2025-05-31T15:07:08","slug":"voici-ou-ils-pourraient-frapper-avec-peut-etre-de-la-grele","status":"publish","type":"post","link":"https:\/\/www.europesays.com\/fr\/141915\/","title":{"rendered":"voici o\u00f9 ils pourraient frapper avec peut-\u00eatre de la gr\u00eale"},"content":{"rendered":"<p>            Par<br \/>\n        <strong><br \/>\n            <a href=\"https:\/\/actu.fr\/auteur\/thomas-martin\" title=\"Consulter tous les articles de Thomas Martin\" target=\"_blank\" rel=\"noopener\">Thomas Martin<\/a><br \/>\n        <\/strong><\/p>\n<p>        Publi\u00e9 le<\/p>\n<p>            31 mai 2025 \u00e0 15h07        <\/p>\n<p><strong>L\u2019\u00cele-de-France et Paris ne devraient pas \u00eatre \u00e9pargn\u00e9es.<\/strong> Les <a href=\"https:\/\/actu.fr\/meteo\/une-meteo-electrique-les-30-c-depasses-et-des-orages-annonces-a-paris-et-en-ile-de-france_62711134.html\" target=\"_blank\" rel=\"noopener\">orages<\/a> arrivent dans la r\u00e9gion ce samedi 31 mai mais reste \u00e0 savoir avec quelle intensit\u00e9 ils vont frapper. Selon les pr\u00e9visions de <a href=\"https:\/\/actu.fr\/tag\/meteo-france\" target=\"_blank\" rel=\"noopener\">M\u00e9t\u00e9o-France<\/a>, dans une ambiance chaude et lourde, ils se d\u00e9veloppent sur l\u2019est du pays, notamment du Massif Central vers le nord de Rh\u00f4ne-Alpes et la Bourgogne Franche-Comt\u00e9, et des collines normandes et de l\u2019Ile-de-France \u00e0 l\u2019est des Hauts-de-France et au Grand Est.<\/p>\n<p>Un risque de gr\u00eale en Seine-et-Marne<\/p>\n<p class=\" wall-content\">Selon les derni\u00e8res cartes de M\u00e9t\u00e9o-France, les orages devraient concerner tous les d\u00e9partements franciliens. Ces orages peuvent s\u2019accompagner de pluies marqu\u00e9es, de rafales de vent et de gr\u00eale, en particulier en Seine-et-Marne.\u00a0<\/p>\n<p class=\" wall-content\">La <a href=\"https:\/\/actu.fr\/meteo\/meteo-vigilance-aux-orages-activee-apres-le-pic-de-chaleur-a-paris-et-en-ile-de-france-de-ce-vendredi_62705779.html\" target=\"_blank\" rel=\"noopener\">vigilance jaune<\/a> aux orages est toujours de mise sur l\u2019ensemble de la r\u00e9gion. Elle est active depuis le d\u00e9but de l\u2019apr\u00e8s-midi jusqu\u2019\u00e0 21h30.\u00a0<\/p>\n<p class=\" wall-content\">Esp\u00e9rons que ces orages ne viendront pas perturber la soir\u00e9e de Ligue des Champions que les supporters du <a href=\"https:\/\/actu.fr\/tag\/paris-saint-germain-psg\" target=\"_blank\" rel=\"noopener\">PSG<\/a> comptent suivre, parfois en ext\u00e9rieur sur \u00e9cran g\u00e9ant. Une ambiance \u00e9lectrique dont il faudra se m\u00e9fier dans la capitale mais \u00e9galement dans les autres d\u00e9partements.\u00a0<\/p>\n<p class=\" wall-content\">Dimanche, la m\u00e9t\u00e9o devrait \u00eatre moins agit\u00e9e avec un ciel tr\u00e8s nuageux avant l\u2019apparition d\u2019\u00e9claircies dans la journ\u00e9e.\u00a0<\/p>\n<p>Vid\u00e9os : en ce moment sur Actu<\/p>\n<p class=\" wall-content\">Suivez toute l\u2019actualit\u00e9 de vos villes et m\u00e9dias favoris en vous inscrivant \u00e0 <a href=\"https:\/\/moncompte.actu.fr\" title=\"D\u00e9couvez Mon Actu\" rel=\"nofollow noopener\" data-trk=\"{&quot;cta&quot;:{&quot;action&quot;:&quot;https:\\\/\\\/moncompte.actu.fr&quot;,&quot;category&quot;:&quot;mon compte&quot;,&quot;from&quot;:&quot;article footer&quot;,&quot;name&quot;:&quot;Mon actu&quot;,&quot;type&quot;:&quot;cta&quot;}}\" target=\"_blank\">Mon Actu<\/a>.<\/p>\n","protected":false},"excerpt":{"rendered":"Par Thomas Martin Publi\u00e9 le 31 mai 2025 \u00e0 15h07 L\u2019\u00cele-de-France et Paris ne devraient pas \u00eatre \u00e9pargn\u00e9es.&hellip;\n","protected":false},"author":2,"featured_media":141916,"comment_status":"","ping_status":"","sticky":false,"template":"","format":"standard","meta":{"footnotes":""},"categories":[1592],"tags":[1111,11,1777,674,1011,27,662,2487,2357,12,4594,626,25],"class_list":{"0":"post-141915","1":"post","2":"type-post","3":"status-publish","4":"format-standard","5":"has-post-thumbnail","7":"category-ile-de-france","8":"tag-actu","9":"tag-actualites","10":"tag-eu","11":"tag-europe","12":"tag-fr","13":"tag-france","14":"tag-ile-de-france","15":"tag-meteo","16":"tag-meteo-france","17":"tag-news","18":"tag-orages","19":"tag-paris","20":"tag-republique-francaise"},"share_on_mastodon":{"url":"https:\/\/pubeurope.com\/@fr\/114603074822191629","error":""},"_links":{"self":[{"href":"https:\/\/www.europesays.com\/fr\/wp-json\/wp\/v2\/posts\/141915","targetHints":{"allow":["GET"]}}],"collection":[{"href":"https:\/\/www.europesays.com\/fr\/wp-json\/wp\/v2\/posts"}],"about":[{"href":"https:\/\/www.europesays.com\/fr\/wp-json\/wp\/v2\/types\/post"}],"author":[{"embeddable":true,"href":"https:\/\/www.europesays.com\/fr\/wp-json\/wp\/v2\/users\/2"}],"replies":[{"embeddable":true,"href":"https:\/\/www.europesays.com\/fr\/wp-json\/wp\/v2\/comments?post=141915"}],"version-history":[{"count":0,"href":"https:\/\/www.europesays.com\/fr\/wp-json\/wp\/v2\/posts\/141915\/revisions"}],"wp:featuredmedia":[{"embeddable":true,"href":"https:\/\/www.europesays.com\/fr\/wp-json\/wp\/v2\/media\/141916"}],"wp:attachment":[{"href":"https:\/\/www.europesays.com\/fr\/wp-json\/wp\/v2\/media?parent=141915"}],"wp:term":[{"taxonomy":"category","embeddable":true,"href":"https:\/\/www.europesays.com\/fr\/wp-json\/wp\/v2\/categories?post=141915"},{"taxonomy":"post_tag","embeddable":true,"href":"https:\/\/www.europesays.com\/fr\/wp-json\/wp\/v2\/tags?post=141915"}],"curies":[{"name":"wp","href":"https:\/\/api.w.org\/{rel}","templated":true}]}}