{"id":141921,"date":"2025-05-31T15:10:10","date_gmt":"2025-05-31T15:10:10","guid":{"rendered":"https:\/\/www.europesays.com\/fr\/141921\/"},"modified":"2025-05-31T15:10:10","modified_gmt":"2025-05-31T15:10:10","slug":"info-va-une-plainte-deposee-contre-assa-traore-pour-violences-aggravees","status":"publish","type":"post","link":"https:\/\/www.europesays.com\/fr\/141921\/","title":{"rendered":"[Info VA] Une plainte d\u00e9pos\u00e9e contre Assa Traor\u00e9 pour violences aggrav\u00e9es"},"content":{"rendered":"<p>\t[Info VA] Une plainte d\u00e9pos\u00e9e contre Assa Traor\u00e9 pour violences aggrav\u00e9es &#8211; Valeurs actuelles<\/p>\n<p><a href=\"https:\/\/www.valeursactuelles.com\/\" target=\"_blank\" rel=\"noopener\">Accueil<\/a> \u00bb <a href=\"https:\/\/www.valeursactuelles.com\/faits-divers\" target=\"_blank\" rel=\"noopener\">Faits divers<\/a> \u00bb [Info VA] Une plainte d\u00e9pos\u00e9e contre Assa Traor\u00e9 pour violences aggrav\u00e9es<\/p>\n","protected":false},"excerpt":{"rendered":"[Info VA] Une plainte d\u00e9pos\u00e9e contre Assa Traor\u00e9 pour violences aggrav\u00e9es &#8211; Valeurs actuelles Accueil \u00bb Faits divers&hellip;\n","protected":false},"author":2,"featured_media":141922,"comment_status":"","ping_status":"","sticky":false,"template":"","format":"standard","meta":{"footnotes":""},"categories":[1888],"tags":[11,1120,27003,1777,674,9384,1011,27,12648,12,626,25,2949],"class_list":{"0":"post-141921","1":"post","2":"type-post","3":"status-publish","4":"format-standard","5":"has-post-thumbnail","7":"category-paris","8":"tag-actualites","9":"tag-agression","10":"tag-assa-traore","11":"tag-eu","12":"tag-europe","13":"tag-extreme-gauche","14":"tag-fr","15":"tag-france","16":"tag-ivry-sur-seine","17":"tag-news","18":"tag-paris","19":"tag-republique-francaise","20":"tag-violences"},"share_on_mastodon":{"url":"https:\/\/pubeurope.com\/@fr\/114603086550583228","error":""},"_links":{"self":[{"href":"https:\/\/www.europesays.com\/fr\/wp-json\/wp\/v2\/posts\/141921","targetHints":{"allow":["GET"]}}],"collection":[{"href":"https:\/\/www.europesays.com\/fr\/wp-json\/wp\/v2\/posts"}],"about":[{"href":"https:\/\/www.europesays.com\/fr\/wp-json\/wp\/v2\/types\/post"}],"author":[{"embeddable":true,"href":"https:\/\/www.europesays.com\/fr\/wp-json\/wp\/v2\/users\/2"}],"replies":[{"embeddable":true,"href":"https:\/\/www.europesays.com\/fr\/wp-json\/wp\/v2\/comments?post=141921"}],"version-history":[{"count":0,"href":"https:\/\/www.europesays.com\/fr\/wp-json\/wp\/v2\/posts\/141921\/revisions"}],"wp:featuredmedia":[{"embeddable":true,"href":"https:\/\/www.europesays.com\/fr\/wp-json\/wp\/v2\/media\/141922"}],"wp:attachment":[{"href":"https:\/\/www.europesays.com\/fr\/wp-json\/wp\/v2\/media?parent=141921"}],"wp:term":[{"taxonomy":"category","embeddable":true,"href":"https:\/\/www.europesays.com\/fr\/wp-json\/wp\/v2\/categories?post=141921"},{"taxonomy":"post_tag","embeddable":true,"href":"https:\/\/www.europesays.com\/fr\/wp-json\/wp\/v2\/tags?post=141921"}],"curies":[{"name":"wp","href":"https:\/\/api.w.org\/{rel}","templated":true}]}}