{"id":141933,"date":"2025-05-31T15:16:10","date_gmt":"2025-05-31T15:16:10","guid":{"rendered":"https:\/\/www.europesays.com\/fr\/141933\/"},"modified":"2025-05-31T15:16:10","modified_gmt":"2025-05-31T15:16:10","slug":"google-maps-indique-par-erreur-des-autoroutes-fermees-et-seme-la-pagaille-dans-tout-le-pays","status":"publish","type":"post","link":"https:\/\/www.europesays.com\/fr\/141933\/","title":{"rendered":"Google Maps indique par erreur des autoroutes ferm\u00e9es\u2026 et s\u00e8me la pagaille dans tout le pays"},"content":{"rendered":"<p>Des probl\u00e8mes de signalisation ont sem\u00e9 le chaos ce jeudi sur les routes d\u2019<a href=\"https:\/\/www.20minutes.fr\/dossier\/allemagne\" class=\"color-ultramarine c-link\" target=\"_blank\" rel=\"noopener\">Allemagne<\/a>. Les automobilistes, nombreux \u00e0 circuler pour le week-end de l\u2019Ascension, ont \u00e9t\u00e9 perturb\u00e9s par des indications erron\u00e9es de <a href=\"https:\/\/www.20minutes.fr\/dossier\/google_maps\" class=\"color-ultramarine c-link\" target=\"_blank\" rel=\"noopener\">Google Maps<\/a>, ont rapport\u00e9 plusieurs m\u00e9dias.<\/p>\n<p>La plateforme indiquait \u00e0 tort que plusieurs autoroutes du pays \u00e9taient ferm\u00e9es, notamment \u00e0 Berlin, Hambourg, Francfort ou D\u00fcsseldorf, rapporte le journal <a href=\"https:\/\/www.spiegel.de\/panorama\/google-maps-falsche-sperrungen-von-autobahnen-sorgen-fuer-verwirrung-a-d232e6db-ef96-4bd5-b242-1c06d2c91e57\" target=\"_blank\" class=\"color-ultramarine c-link\" rel=\"noopener\">Der Spiegel.<\/a> Se fiant aux signalements erron\u00e9s de l\u2019application de navigation, de nombreux usagers se sont alors rabattus sur des itin\u00e9raires alternatifs, encombrant inutilement le r\u00e9seau de routes secondaires.<\/p>\n<p class=\"mb-m@xs text-l@xs\">En cliquant sur\u00ab J\u2019accepte \u00bb, vous acceptez le d\u00e9p\u00f4t de cookies par des services externes et aurez ainsi acc\u00e8s aux contenus de nos partenaires.<\/p>\n<p class=\"mb-xl@xs text-s@xs\">Plus d\u2019informations sur la page<a href=\"https:\/\/www.20minutes.fr\/gestion-cookies\" class=\"mx-xxs@xs color-ultramarine\" target=\"_blank\" rel=\"noopener\">Politique de gestion des cookies<\/a><\/p>\n<p>J\u2019accepte\u00ab\u00a0C\u2019est comme si le r\u00e9seau routier \u00e9tait touch\u00e9 par une pouss\u00e9e d\u2019acn\u00e9\u00a0\u00bb<\/p>\n<p>Certaines agglom\u00e9rations de grandes villes comme <a href=\"https:\/\/www.20minutes.fr\/dossier\/berlin\" class=\"color-ultramarine c-link\" target=\"_blank\" rel=\"noopener\">Berlin<\/a>, <a href=\"https:\/\/www.20minutes.fr\/dossier\/francfort\" class=\"color-ultramarine c-link\" target=\"_blank\" rel=\"noopener\">Francfort<\/a> et <a href=\"https:\/\/www.20minutes.fr\/dossier\/hambourg\" class=\"color-ultramarine c-link\" target=\"_blank\" rel=\"noopener\">Hambourg<\/a> ont ainsi \u00e9t\u00e9 submerg\u00e9es par une affluence inhabituelle, provoquant d\u2019immenses embouteillages. \u00ab\u00a0Ils n\u2019ont pas pu fermer toutes les autoroutes. D\u2019autant plus que les informations routi\u00e8res ne disent rien\u00a0\u00bb, avait notamment fait remarquer un utilisateur de <a href=\"https:\/\/www.20minutes.fr\/high-tech\/facebook\/\" class=\"color-ultramarine c-link\" target=\"_blank\" rel=\"noopener\">Facebook<\/a>. \u00ab\u00a0C\u2019est comme si le r\u00e9seau routier \u00e9tait touch\u00e9 par une pouss\u00e9e d\u2019acn\u00e9\u00a0\u00bb, avait ironis\u00e9 un autre internaute sur les r\u00e9seaux sociaux.<\/p>\n<p>Les autres applications de <a href=\"https:\/\/www.20minutes.fr\/dossier\/gps\" class=\"color-ultramarine c-link\" target=\"_blank\" rel=\"noopener\">GPS<\/a> telles que <a href=\"https:\/\/www.20minutes.fr\/faits_divers\/4153858-20250516-waze-comment-escrocs-utilisent-appli-arnaque-faux-depanneurs\" class=\"color-ultramarine c-link\" target=\"_blank\" rel=\"noopener\">Waze<\/a> ou Apple Maps n\u2019affichaient pas cette information. De m\u00eame, la radio et les autorit\u00e9s locales ne mentionnaient aucune fermeture.<\/p>\n<p>Une enqu\u00eate interne pour identifier la cause de cette erreur<\/p>\n<p>Interrog\u00e9 par le m\u00e9dia allemand <a href=\"https:\/\/www.bild.de\/news\/inland\/google-maps-zeigt-falsche-sperrungen-fast-alle-bundeslaender-betroffen-68381a6bcc8cef6abc4e8948\" target=\"_blank\" class=\"color-ultramarine c-link\" rel=\"noopener\">Bild<\/a>, le g\u00e9ant am\u00e9ricain a affirm\u00e9 avoir corrig\u00e9 cette erreur d\u00e8s que ses \u00e9quipes en ont pris connaissance. Une enqu\u00eate interne a \u00e9galement \u00e9t\u00e9 lanc\u00e9e pour identifier la cause de cette erreur.<\/p>\n<p>L\u2019entreprise a rappel\u00e9 que \u00ab\u00a0l\u2019information sur Google Maps provient d\u2019une vari\u00e9t\u00e9 de sources\u00a0\u00bb, dont des agences publiques dont les informations sur <a href=\"https:\/\/www.20minutes.fr\/dossier\/trafic\" class=\"color-ultramarine c-link\" target=\"_blank\" rel=\"noopener\">l\u2019\u00e9tat du trafic<\/a> et les fermetures de routes sont r\u00e9utilis\u00e9es, mais aussi d\u2019utilisateurs pouvant envoyer leurs contributions \u00e0 la plateforme.<\/p>\n","protected":false},"excerpt":{"rendered":"Des probl\u00e8mes de signalisation ont sem\u00e9 le chaos ce jeudi sur les routes d\u2019Allemagne. Les automobilistes, nombreux \u00e0&hellip;\n","protected":false},"author":2,"featured_media":141934,"comment_status":"","ping_status":"","sticky":false,"template":"","format":"standard","meta":{"footnotes":""},"categories":[1587],"tags":[11,672,6955,1804,7904,1805,1803,7063,1777,674,1801,14470,10768,12,1802,938,209,26636],"class_list":{"0":"post-141933","1":"post","2":"type-post","3":"status-publish","4":"format-standard","5":"has-post-thumbnail","7":"category-allemagne","8":"tag-actualites","9":"tag-allemagne","10":"tag-autoroute","11":"tag-bundesrepublik-deutschland","12":"tag-by-the-web","13":"tag-de","14":"tag-deutschland","15":"tag-embouteillages","16":"tag-eu","17":"tag-europe","18":"tag-germany","19":"tag-google-maps","20":"tag-gps","21":"tag-news","22":"tag-republique-federale-dallemagne","23":"tag-reseaux-sociaux","24":"tag-route","25":"tag-trafic-routier"},"share_on_mastodon":{"url":"https:\/\/pubeurope.com\/@fr\/114603110195058023","error":""},"_links":{"self":[{"href":"https:\/\/www.europesays.com\/fr\/wp-json\/wp\/v2\/posts\/141933","targetHints":{"allow":["GET"]}}],"collection":[{"href":"https:\/\/www.europesays.com\/fr\/wp-json\/wp\/v2\/posts"}],"about":[{"href":"https:\/\/www.europesays.com\/fr\/wp-json\/wp\/v2\/types\/post"}],"author":[{"embeddable":true,"href":"https:\/\/www.europesays.com\/fr\/wp-json\/wp\/v2\/users\/2"}],"replies":[{"embeddable":true,"href":"https:\/\/www.europesays.com\/fr\/wp-json\/wp\/v2\/comments?post=141933"}],"version-history":[{"count":0,"href":"https:\/\/www.europesays.com\/fr\/wp-json\/wp\/v2\/posts\/141933\/revisions"}],"wp:featuredmedia":[{"embeddable":true,"href":"https:\/\/www.europesays.com\/fr\/wp-json\/wp\/v2\/media\/141934"}],"wp:attachment":[{"href":"https:\/\/www.europesays.com\/fr\/wp-json\/wp\/v2\/media?parent=141933"}],"wp:term":[{"taxonomy":"category","embeddable":true,"href":"https:\/\/www.europesays.com\/fr\/wp-json\/wp\/v2\/categories?post=141933"},{"taxonomy":"post_tag","embeddable":true,"href":"https:\/\/www.europesays.com\/fr\/wp-json\/wp\/v2\/tags?post=141933"}],"curies":[{"name":"wp","href":"https:\/\/api.w.org\/{rel}","templated":true}]}}