{"id":141948,"date":"2025-05-31T15:25:09","date_gmt":"2025-05-31T15:25:09","guid":{"rendered":"https:\/\/www.europesays.com\/fr\/141948\/"},"modified":"2025-05-31T15:25:09","modified_gmt":"2025-05-31T15:25:09","slug":"en-demonstration-jannik-sinner-file-a-toute-vitesse-en-8es-de-finale","status":"publish","type":"post","link":"https:\/\/www.europesays.com\/fr\/141948\/","title":{"rendered":"en d\u00e9monstration, Jannik Sinner file \u00e0 toute vitesse en 8es de finale"},"content":{"rendered":"<p>Tr\u00e8s facile, le num\u00e9ro un mondial a \u00e9cras\u00e9 le Tch\u00e8que Jiri Lehecka lors du 3e tour.<\/p>\n<p class=\"fig-paragraph\">Vite fait, tr\u00e8s bien fait. Le N.1 mondial\u00a0<a href=\"http:\/\/www.lefigaro.fr\/sports\/tennis\/roland-garros\/roland-garros-vous-avez-le-meilleur-gardien-a-paris-jannik-sinner-rend-hommage-a-gianluigi-donnarumma-avant-la-finale-20250527\" target=\"_blank\" data-fig-type=\"NewsFlash\" rel=\"noopener\" data-gtm-custom-categorie=\"navigation\" data-gtm-custom-action=\"crossclick\" data-gtm-custom-label=\"Contextuel\" data-gtm-event=\"customEventSPE\" data-fig-domain=\"LEFIGARO\">Jannik Sinner<\/a>\u00a0a obtenu son ticket pour les huiti\u00e8mes de finale de Roland-Garros en exp\u00e9diant samedi le Tch\u00e8que Jiri Lehecka (34e) 6-0, 6-1, 6-2, en 1h35 de jeu.<\/p>\n<p class=\"fig-paragraph\">Sur le court Suzanne-Lenglen, l&rsquo;Italien de 23 ans a commenc\u00e9 par une bulle en 25 minutes, montrant qu&rsquo;il \u00e9tait bien en forme apr\u00e8s sa suspension de trois mois \u00e0 la suite de contr\u00f4les positifs \u00e0 un anabolisant. La punition a \u00e9t\u00e9 un peu moins s\u00e9v\u00e8re dans les deux manches suivantes, au cours desquelles Sinner a laiss\u00e9 le Tch\u00e8que conserver trois jeux de service.<\/p>\n<p class=\"fig-body-link\">\n            \u00c0 lire aussi<br \/>\n        <a class=\"fig-body-link__link\" href=\"http:\/\/www.lefigaro.fr\/sports\/tennis\/roland-garros\/roland-garros-en-video-la-tres-belle-ovation-du-public-pour-lehecka-apres-le-gain-de-son-premier-jeu-face-a-l-ogre-sinner-20250531\" target=\"_blank\" data-fig-type=\"NewsFlash\" rel=\"noopener\" data-gtm-custom-categorie=\"navigation\" data-gtm-custom-action=\"crossclick\" data-gtm-custom-label=\"Contextuel\" data-gtm-event=\"customEventSPE\" data-fig-domain=\"LEFIGARO\">Roland-Garros\u00a0: en vid\u00e9o, la tr\u00e8s belle ovation du public pour Lehe\u010dka apr\u00e8s le gain de son premier jeu face \u00e0 l\u2019ogre Sinner<br \/>\n    <\/a>\n<\/p>\n<p class=\"fig-paragraph\">Le triple laur\u00e9at en Grand Chelem, qui n&rsquo;a c\u00e9d\u00e9 aucun set depuis le d\u00e9but du tournoi, sera confront\u00e9 en huiti\u00e8mes de finale au Russe Andrey Rublev (17e), d\u00e9j\u00e0 qualifi\u00e9 apr\u00e8s le forfait du N.1 Fran\u00e7ais Arthur Fils pour une blessure dans le bas du dos.<\/p>\n","protected":false},"excerpt":{"rendered":"Tr\u00e8s facile, le num\u00e9ro un mondial a \u00e9cras\u00e9 le Tch\u00e8que Jiri Lehecka lors du 3e tour. Vite fait,&hellip;\n","protected":false},"author":2,"featured_media":141949,"comment_status":"","ping_status":"","sticky":false,"template":"","format":"standard","meta":{"footnotes":""},"categories":[1415],"tags":[4169,105,2199,1011,27,24473,20859,1960,24472,4171,60,1467,4170],"class_list":{"0":"post-141948","1":"post","2":"type-post","3":"status-publish","4":"format-standard","5":"has-post-thumbnail","7":"category-tennis","8":"tag-atp","9":"tag-djokovic","10":"tag-federer","11":"tag-fr","12":"tag-france","13":"tag-internationaux-de-france","14":"tag-jannik-sinner","15":"tag-nadal","16":"tag-rg","17":"tag-roland-garros","18":"tag-sports","19":"tag-tennis","20":"tag-wta"},"share_on_mastodon":{"url":"https:\/\/pubeurope.com\/@fr\/114603145465154415","error":""},"_links":{"self":[{"href":"https:\/\/www.europesays.com\/fr\/wp-json\/wp\/v2\/posts\/141948","targetHints":{"allow":["GET"]}}],"collection":[{"href":"https:\/\/www.europesays.com\/fr\/wp-json\/wp\/v2\/posts"}],"about":[{"href":"https:\/\/www.europesays.com\/fr\/wp-json\/wp\/v2\/types\/post"}],"author":[{"embeddable":true,"href":"https:\/\/www.europesays.com\/fr\/wp-json\/wp\/v2\/users\/2"}],"replies":[{"embeddable":true,"href":"https:\/\/www.europesays.com\/fr\/wp-json\/wp\/v2\/comments?post=141948"}],"version-history":[{"count":0,"href":"https:\/\/www.europesays.com\/fr\/wp-json\/wp\/v2\/posts\/141948\/revisions"}],"wp:featuredmedia":[{"embeddable":true,"href":"https:\/\/www.europesays.com\/fr\/wp-json\/wp\/v2\/media\/141949"}],"wp:attachment":[{"href":"https:\/\/www.europesays.com\/fr\/wp-json\/wp\/v2\/media?parent=141948"}],"wp:term":[{"taxonomy":"category","embeddable":true,"href":"https:\/\/www.europesays.com\/fr\/wp-json\/wp\/v2\/categories?post=141948"},{"taxonomy":"post_tag","embeddable":true,"href":"https:\/\/www.europesays.com\/fr\/wp-json\/wp\/v2\/tags?post=141948"}],"curies":[{"name":"wp","href":"https:\/\/api.w.org\/{rel}","templated":true}]}}