{"id":141950,"date":"2025-05-31T15:27:11","date_gmt":"2025-05-31T15:27:11","guid":{"rendered":"https:\/\/www.europesays.com\/fr\/141950\/"},"modified":"2025-05-31T15:27:11","modified_gmt":"2025-05-31T15:27:11","slug":"les-pilotes-honda-en-desaccord-sur-ce-qui-fait-la-force-de-zarco","status":"publish","type":"post","link":"https:\/\/www.europesays.com\/fr\/141950\/","title":{"rendered":"Les pilotes Honda en d\u00e9saccord sur ce qui fait la force de Zarco"},"content":{"rendered":"<p>Les pilotes Honda ont tous progress\u00e9 cette ann\u00e9e, en pouvant lutter avec un top 10 qui leur \u00e9tait inatteignable en 2024. <a href=\"https:\/\/fr.motorsport.com\/driver\/johann-zarco\/96107\/\" target=\"_blank\" rel=\"noopener\">Johann Zarco<\/a> a fait encore mieux, avec une sixi\u00e8me place \u00e0 Termas de R\u00edo Hondo puis une quatri\u00e8me \u00e0 Losail, et surtout sa victoire inattendue au Mans suivie d&rsquo;un nouveau podium \u00e0 Silverstone, en prenant la deuxi\u00e8me position.<\/p>\n<p>Actuellement, les autres repr\u00e9sentants de la marque ne sont pas en mesure de faire aussi bien et selon <a href=\"https:\/\/fr.motorsport.com\/driver\/aleix-espargaro\/90382\/\" target=\"_blank\" rel=\"noopener\">Aleix Espargar\u00f3<\/a>, engag\u00e9 en wild-card sur deux des trois derni\u00e8res courses, cela vient d&rsquo;une capacit\u00e9 de Zarco \u00e0 composer avec les vibrations de la Honda.<\/p>\n<p>\u00ab\u00a0Il arrive \u00e0 rouler avec beaucoup de chattering\u00a0\u00bb, a expliqu\u00e9 le pilote d&rsquo;essais du constructeur. \u00ab\u00a0Les autres, on n&rsquo;y arrive pas. Quand on a un pneu neuf et qu&rsquo;il faut vraiment \u00eatre \u00e0 la limite, il arrive \u00e0 rouler avec ces vibrations, sans les ressentir.\u00a0\u00bb<\/p>\n<p>\u00ab\u00a0C&rsquo;est tr\u00e8s difficile parce qu&rsquo;au niveau du corps, quand on sent ces vibrations, on veut redresser la moto, moins tourner&#8230; Et ce n&rsquo;est pas ce qu&rsquo;il fait. Il arrive \u00e0 garder de la vitesse \u00e0 la corde donc il pilote \u00e0 un niveau vraiment, vraiment \u00e9lev\u00e9.\u00a0\u00bb<\/p>\n<p><a href=\"https:\/\/fr.motorsport.com\/driver\/luca-marini\/201098\/\" target=\"_blank\" rel=\"noopener\">Luca Marini<\/a> pense plut\u00f4t que Johann Zarco a fait la diff\u00e9rence gr\u00e2ce \u00e0 une Honda dans une configuration diff\u00e9rente le dimanche \u00e0 Silverstone. \u00ab\u00a0Je ne pense pas que Johann \u00e9tait plus rapide gr\u00e2ce \u00e0 [sa gestion des vibrations]\u00a0\u00bb, a assur\u00e9 l&rsquo;Italien, sans donner de plus amples pr\u00e9cision\u00a0: \u00ab\u00a0Je sais tr\u00e8s bien ce qu&rsquo;il avait et qui favorisait ses performances sur cette piste.\u00a0\u00bb<\/p>\n<p>   <img decoding=\"async\" draggable=\"false\" src=\"https:\/\/www.europesays.com\/fr\/wp-content\/uploads\/2025\/05\/1748705230_114_luca-marini-honda-hrc.jpg\" alt=\"Luca Marini, Honda HRC\" width=\"1200\" height=\"800\" loading=\"lazy\"\/> <\/p>\n<p class=\"title\">Luca Marini<\/p>\n<p class=\"photographer\">Photo de: Mirco Lazzari GP &#8211; Getty Images<\/p>\n<p>\u00ab\u00a0Je ne sais pas si c&rsquo;est une chose que l&rsquo;on pourra essayer sur une autre piste parce que [Silverstone] est assez particuli\u00e8re, surtout avec ces temp\u00e9ratures fra\u00eeches, qui permettent d&rsquo;utiliser le pneu tendre et de jouer un peu plus.\u00a0\u00bb<\/p>\n<p>Marini consid\u00e8re n\u00e9anmoins que les vibrations sont une composante importante dans le comportement de la Honda\u00a0: \u00ab\u00a0C&rsquo;est une chose \u00e0 laquelle on doit s&rsquo;adapter. Je pense que le pilotage aide beaucoup pour \u00e7a, si on arrive \u00e0 g\u00e9rer la phase d&rsquo;entr\u00e9e du virage, on peut \u00e9viter les vibrations. Mais c&rsquo;est toujours l\u00e0 si on fait une man\u0153uvre agressive.\u00a0\u00bb<\/p>\n<blockquote>\n<p>Je sais que je peux \u00eatre \u00e0 ce niveau.<\/p>\n<\/blockquote>\n<p>Sur la seconde Honda officielle, <a href=\"https:\/\/fr.motorsport.com\/driver\/joan-mir\/289392\/\" target=\"_blank\" rel=\"noopener\">Joan Mir<\/a> est convaincu que Johann Zarco ne fait rien de radicalement mieux que les autres pilotes Honda, mais surtout qu&rsquo;il a r\u00e9ussi \u00e0 se mettre dans une position favorable en d\u00e9but de course, s&rsquo;offrant la possibilit\u00e9 de rouler \u00e0 son rythme. L&rsquo;Espagnol est justement certain de pouvoir adopter un rythme similaire si les plan\u00e8tes s&rsquo;alignent.<\/p>\n<p>\u00ab\u00a0Si on regarde les chronos de Johann et les miens, ils ne sont pas diff\u00e9rents\u00a0\u00bb, a assur\u00e9 Mir, qui a vu l&rsquo;arriv\u00e9e 6&Prime;232 derri\u00e8re Zarco, et a r\u00e9alis\u00e9 un meilleur tour \u00e0 0&Prime;167 de la meilleure performance du pilote LCR. \u00ab\u00a0C&rsquo;est juste qu&rsquo;il arrive \u00e0 les faire depuis une autre position.\u00a0\u00bb<\/p>\n<p>\u00ab\u00a0Au premier d\u00e9part, il a pris un mauvais d\u00e9part, il \u00e9tait derri\u00e8re et je suis certain que cela aurait compl\u00e8tement chang\u00e9 sa course, parce qu&rsquo;on commence \u00e0 se battre avec les autres et c&rsquo;est ce qu&rsquo;il m&rsquo;est arriv\u00e9.\u00a0\u00bb<\/p>\n<p>\u00ab\u00a0De l&rsquo;autre c\u00f4t\u00e9, si on regarde son rythme pendant les essais, quand tout le monde est dans la m\u00eame position, son rythme n&rsquo;est pas meilleur que les autres Honda. C&rsquo;est juste qu&rsquo;il arrive un peu \u00e0 faire la diff\u00e9rence avec sa position [en piste]. Avec l&rsquo;exp\u00e9rience, la fa\u00e7on dont il arrive \u00e0 trouver ses r\u00e9glages, il a tout sous contr\u00f4le et il n&rsquo;a pas eu la d\u00e9gradation que j&rsquo;ai eue.\u00a0\u00bb<\/p>\n<p>   <img decoding=\"async\" draggable=\"false\" src=\"https:\/\/www.europesays.com\/fr\/wp-content\/uploads\/2025\/05\/1748705231_924_joan-mir-honda-hrc.jpg\" alt=\"Joan Mir, Honda HRC\" width=\"1200\" height=\"800\" loading=\"lazy\"\/> <\/p>\n<p class=\"title\">Joan Mir<\/p>\n<p class=\"photographer\">Photo de: Gold and Goose Photography \/ LAT Images \/ via Getty Images<\/p>\n<p>Tr\u00e8s <a href=\"https:\/\/fr.motorsport.com\/motogp\/news\/mir-colere-perdu-sprint-honda-explication\/10726405\/\" target=\"_blank\" rel=\"noopener\">m\u00e9content apr\u00e8s le sprint<\/a>, Joan Mir a retrouv\u00e9 son optimisme le dimanche mais a justement souffert d&rsquo;une d\u00e9gradation excessive de ses pneus, selon lui accentu\u00e9e par ses luttes en c\u0153ur de classement. Dixi\u00e8me \u00e0 l&rsquo;arriv\u00e9e, il estime que le sc\u00e9nario aurait pu \u00eatre \u00eatre invers\u00e9 avec Zarco sans le drapeau rouge, qui a rebattu les cartes.<\/p>\n<p>\u00ab\u00a0Je pense que Johann a eu la chance que je n&rsquo;ai pas eue, surtout au d\u00e9part. Au premier d\u00e9part, j&rsquo;ai \u00e9t\u00e9 tr\u00e8s surpris parce que je pouvais \u00eatre dans le groupe que je voulais, puis j&rsquo;ai pu contr\u00f4ler avec l&rsquo;acc\u00e9l\u00e9rateur pour \u00eatre doux. Mais au deuxi\u00e8me d\u00e9part, ce n&rsquo;\u00e9tait pas comme \u00e7a parce que j&rsquo;ai d\u00fb me d\u00e9fendre face aux autres pilotes, qui \u00e9taient derri\u00e8re.\u00a0\u00bb<\/p>\n<p>\u00ab\u00a0Si on n&rsquo;attaque pas \u00e0 100% en ligne droite et qu&rsquo;on n&rsquo;acc\u00e9l\u00e8re pas, qu&rsquo;on met la moiti\u00e9 des gaz, on perd l&rsquo;avantage et ils nous doublent. Ce que Johann a fait, c&rsquo;\u00e9tait trouver de l&rsquo;air frais. Quand on a commenc\u00e9 \u00e0 se battre, il s&rsquo;est un peu \u00e9chapp\u00e9 et il pouvait bien contr\u00f4ler. En fin de course, c&rsquo;est payant et il a pu avoir un rythme constant tout au long de la course.\u00a0\u00bb<\/p>\n<p>\u00ab\u00a0J&rsquo;esp\u00e8re avoir retrouv\u00e9 le rythme que je pouvais montrer pendant les essais, qui \u00e9taient constants, mais je ne m&rsquo;attendais pas \u00e0 cette d\u00e9gradation. C&rsquo;est ce qui se passe quand on se bat avec les autres. Une meilleure position de d\u00e9part aidera, c&rsquo;est s\u00fbr, mais je sais que je peux \u00eatre \u00e0 ce niveau.\u00a0\u00bb<\/p>\n<p>Lire aussi :<\/p>\n<p>Dans cet article<\/p>\n<p>    Vincent Lalanne-Sicaud\n<\/p>\n<p>    MotoGP\n<\/p>\n<p>    Aleix Espargar\u00f3\n<\/p>\n<p>    Johann Zarco\n<\/p>\n<p>    Luca Marini\n<\/p>\n<p>    Joan Mir\n<\/p>\n<p>    Honda HRC\n<\/p>\n<p>    Team LCR\n<\/p>\n<p>Soyez le premier inform\u00e9 et souscrivez aux alertes mails pour recevoir les infos en temps r\u00e9el<\/p>\n<p>    S&rsquo;abonner aux alertes de news<\/p>\n","protected":false},"excerpt":{"rendered":"Les pilotes Honda ont tous progress\u00e9 cette ann\u00e9e, en pouvant lutter avec un top 10 qui leur \u00e9tait&hellip;\n","protected":false},"author":2,"featured_media":141951,"comment_status":"","ping_status":"","sticky":false,"template":"","format":"standard","meta":{"footnotes":""},"categories":[1413],"tags":[16819,1011,27,23124,3345,3346,1741,15966,1457,1456,1458,23125,60,3771],"class_list":{"0":"post-141950","1":"post","2":"type-post","3":"status-publish","4":"format-standard","5":"has-post-thumbnail","7":"category-moto","8":"tag-aleix-espargaru00f3","9":"tag-fr","10":"tag-france","11":"tag-gp-de-grande-bretagne","12":"tag-honda-hrc","13":"tag-joan-mir","14":"tag-johann-zarco","15":"tag-luca-marini","16":"tag-moto","17":"tag-motocycle","18":"tag-motogp","19":"tag-silverstone","20":"tag-sports","21":"tag-team-lcr"},"share_on_mastodon":{"url":"https:\/\/pubeurope.com\/@fr\/114603153553701691","error":""},"_links":{"self":[{"href":"https:\/\/www.europesays.com\/fr\/wp-json\/wp\/v2\/posts\/141950","targetHints":{"allow":["GET"]}}],"collection":[{"href":"https:\/\/www.europesays.com\/fr\/wp-json\/wp\/v2\/posts"}],"about":[{"href":"https:\/\/www.europesays.com\/fr\/wp-json\/wp\/v2\/types\/post"}],"author":[{"embeddable":true,"href":"https:\/\/www.europesays.com\/fr\/wp-json\/wp\/v2\/users\/2"}],"replies":[{"embeddable":true,"href":"https:\/\/www.europesays.com\/fr\/wp-json\/wp\/v2\/comments?post=141950"}],"version-history":[{"count":0,"href":"https:\/\/www.europesays.com\/fr\/wp-json\/wp\/v2\/posts\/141950\/revisions"}],"wp:featuredmedia":[{"embeddable":true,"href":"https:\/\/www.europesays.com\/fr\/wp-json\/wp\/v2\/media\/141951"}],"wp:attachment":[{"href":"https:\/\/www.europesays.com\/fr\/wp-json\/wp\/v2\/media?parent=141950"}],"wp:term":[{"taxonomy":"category","embeddable":true,"href":"https:\/\/www.europesays.com\/fr\/wp-json\/wp\/v2\/categories?post=141950"},{"taxonomy":"post_tag","embeddable":true,"href":"https:\/\/www.europesays.com\/fr\/wp-json\/wp\/v2\/tags?post=141950"}],"curies":[{"name":"wp","href":"https:\/\/api.w.org\/{rel}","templated":true}]}}