{"id":141954,"date":"2025-05-31T15:29:10","date_gmt":"2025-05-31T15:29:10","guid":{"rendered":"https:\/\/www.europesays.com\/fr\/141954\/"},"modified":"2025-05-31T15:29:10","modified_gmt":"2025-05-31T15:29:10","slug":"cyclisme-transfert-gianmarco-garofoli-prolonge-avec-la-soudal-quick-step","status":"publish","type":"post","link":"https:\/\/www.europesays.com\/fr\/141954\/","title":{"rendered":"Cyclisme. Transfert &#8211; Gianmarco Garofoli prolonge avec la Soudal Quick-Step"},"content":{"rendered":"<p><strong>Gianmarco Garofoli<\/strong> va prolonger son aventure chez <strong>Soudal Quick-Step<\/strong>. Apr\u00e8s deux ans au sein de la formation <strong>Astana<\/strong>, l&rsquo;Italien de 22 ans a rejoint l&rsquo;\u00e9quipe Belge en cette saison 2025. Auteur de belles prestations en ce d\u00e9but d&rsquo;ann\u00e9e, notamment avec plusieurs \u00e9chapp\u00e9s sur le <strong><a href=\"https:\/\/www.cyclismactu.net\/..\/news-giro-route-tour-d-italie-la-20e-etape-du-giro-avec-colle-delle-finestre-parcours-profil-88128.html\" target=\"_blank\" rel=\"nofollow noopener\">Giro d&rsquo;Italia<\/a><\/strong>, <strong>Garofoli <\/strong>a donc prolong\u00e9 son contrat avec le Wolfpack ! Il restera au sein de la formation de <strong>Jurgen For\u00e9<\/strong> jusqu&rsquo;en 2027.<\/p>\n<p>Vid\u00e9o &#8211; Jorgen For\u00e9, nouveau manager de la Soudal Quick-Step Lire la suite de l&rsquo;article&#13;<\/p>\n<p>\u00a0<\/p>\n<p>&#13;<br \/>\n\u00ab\u00a0Aider cette \u00e9quipe \u00e0 rester l\u2019une des meilleures au monde\u00a0\u00bb&#13;<\/p>\n<p>\u00ab\u00a0Je suis ravi de signer un nouvel accord avec Soudal Quick-Step. D\u00e8s mon arriv\u00e9e ici, bien avant ma premi\u00e8re course, je me suis senti chez moi dans l\u2019\u00e9quipe. Tout le monde a \u00e9t\u00e9 tellement gentil et m\u2019a r\u00e9serv\u00e9 un accueil chaleureux, et en plus de cela, j\u2019ai trouv\u00e9 l\u2019environnement dont j\u2019avais besoin pour me d\u00e9velopper et devenir un meilleur coureur. J\u2019ai vraiment h\u00e2te de performer avec ce maillot\u00a0\u00bb, a d\u00e9clar\u00e9 <strong>Garofoli<\/strong>. \u00ab\u00a0La mentalit\u00e9 de l\u2019\u00e9quipe et son esprit de gagnant sont deux autres choses qui m\u2019ont marqu\u00e9. On voit cette \u00e9quipe de l\u2019ext\u00e9rieur, mais ce n\u2019est que lorsqu\u2019on en fait partie qu\u2019on comprend \u00e0 quel point tout le monde travaille dur et avec tant de professionnalisme, des coureurs au staff. Je suis heureux de continuer avec Soudal Quick-Step et de donner le meilleur de moi-m\u00eame pour aider cette \u00e9quipe \u00e0 rester l\u2019une des meilleures au monde.\u00a0\u00bb<\/p>\n<p>&#13;<\/p>\n<p>\u00ab\u00a0Gianmarco a imm\u00e9diatement trouv\u00e9 sa place dans l\u2019\u00e9quipe, il s\u2019est int\u00e9gr\u00e9 \u00e0 notre culture et a montr\u00e9 qu\u2019il poss\u00e9dait les m\u00eames qualit\u00e9s et principes qui nous guident\u00a0\u00bb, a ajout\u00e9 <strong>Jurgen For\u00e9<\/strong>, nouveau manager g\u00e9n\u00e9ral de la <strong>Soudal Quick-Step<\/strong>. \u00ab\u00a0En plus de cela, il a montr\u00e9 \u00e0 de nombreuses reprises \u00e0 quel point il est fort, non seulement sur le Giro, mais aussi dans les autres courses qu\u2019il a disput\u00e9es. C\u2019est un coureur jeune et ambitieux, avec une marge de progression, et nous sommes ravis qu\u2019il le fasse avec nous au cours des deux prochaines ann\u00e9es.\u00a0\u00bb<\/p>\n","protected":false},"excerpt":{"rendered":"Gianmarco Garofoli va prolonger son aventure chez Soudal Quick-Step. Apr\u00e8s deux ans au sein de la formation Astana,&hellip;\n","protected":false},"author":2,"featured_media":141955,"comment_status":"","ping_status":"","sticky":false,"template":"","format":"standard","meta":{"footnotes":""},"categories":[1411],"tags":[1154,207,211,1011,27,209,60,210,969,212,208,213],"class_list":{"0":"post-141954","1":"post","2":"type-post","3":"status-publish","4":"format-standard","5":"has-post-thumbnail","7":"category-cyclisme","8":"tag-cycling","9":"tag-cyclisme","10":"tag-ffc","11":"tag-fr","12":"tag-france","13":"tag-route","14":"tag-sports","15":"tag-tour-de-france","16":"tag-transfert","17":"tag-uci","18":"tag-velo","19":"tag-world-tour"},"share_on_mastodon":{"url":"https:\/\/pubeurope.com\/@fr\/114603161229395033","error":""},"_links":{"self":[{"href":"https:\/\/www.europesays.com\/fr\/wp-json\/wp\/v2\/posts\/141954","targetHints":{"allow":["GET"]}}],"collection":[{"href":"https:\/\/www.europesays.com\/fr\/wp-json\/wp\/v2\/posts"}],"about":[{"href":"https:\/\/www.europesays.com\/fr\/wp-json\/wp\/v2\/types\/post"}],"author":[{"embeddable":true,"href":"https:\/\/www.europesays.com\/fr\/wp-json\/wp\/v2\/users\/2"}],"replies":[{"embeddable":true,"href":"https:\/\/www.europesays.com\/fr\/wp-json\/wp\/v2\/comments?post=141954"}],"version-history":[{"count":0,"href":"https:\/\/www.europesays.com\/fr\/wp-json\/wp\/v2\/posts\/141954\/revisions"}],"wp:featuredmedia":[{"embeddable":true,"href":"https:\/\/www.europesays.com\/fr\/wp-json\/wp\/v2\/media\/141955"}],"wp:attachment":[{"href":"https:\/\/www.europesays.com\/fr\/wp-json\/wp\/v2\/media?parent=141954"}],"wp:term":[{"taxonomy":"category","embeddable":true,"href":"https:\/\/www.europesays.com\/fr\/wp-json\/wp\/v2\/categories?post=141954"},{"taxonomy":"post_tag","embeddable":true,"href":"https:\/\/www.europesays.com\/fr\/wp-json\/wp\/v2\/tags?post=141954"}],"curies":[{"name":"wp","href":"https:\/\/api.w.org\/{rel}","templated":true}]}}