{"id":141958,"date":"2025-05-31T15:31:09","date_gmt":"2025-05-31T15:31:09","guid":{"rendered":"https:\/\/www.europesays.com\/fr\/141958\/"},"modified":"2025-05-31T15:31:09","modified_gmt":"2025-05-31T15:31:09","slug":"young-sheldon-mort-a-71-ans-dune-star-de-la-serie-des-suites-de-sa-lourde-maladie","status":"publish","type":"post","link":"https:\/\/www.europesays.com\/fr\/141958\/","title":{"rendered":"Young Sheldon : mort \u00e0 71 ans d&rsquo;une star de la s\u00e9rie des suites de sa lourde maladie"},"content":{"rendered":"<p><a href=\"https:\/\/www.public.fr\/the-young-sheldon-la-saison-2-est-confirmee\" rel=\"nofollow noopener\" target=\"_blank\">Valerie Mahaffey<\/a> s\u2019est \u00e9teinte le 30 mai 2025 \u00e0 Los Angeles, <strong>apr\u00e8s avoir lutt\u00e9 contre un cancer<\/strong>. La maladie, qu\u2019elle n\u2019avait jamais m\u00e9diatis\u00e9e, l\u2019a emport\u00e9e \u00e0 l\u2019\u00e2ge de 71 ans. <strong>C\u2019est son mari, l\u2019acteur Joseph Kell, qui a confirm\u00e9 la triste nouvelle <\/strong>dans un communiqu\u00e9 sobre et poignant : \u00ab\u00a0J\u2019ai perdu l\u2019amour de ma vie et l\u2019Am\u00e9rique a perdu l\u2019une de ses actrices les plus attachantes\u00a0\u00bb.<\/p>\n<p>Valerie Mahaffey : une femme discr\u00e8te et polyvalente<\/p>\n<p>Contrairement \u00e0 d\u2019autres figures publiques comme<a href=\"https:\/\/www.public.fr\/kate-middleton-illumine-en-robe-jaune-cette-nouvelle-apparition-qui-fait-le-buzz\" rel=\"nofollow noopener\" target=\"_blank\"> Kate Middleton<\/a> ou <a href=\"https:\/\/www.public.fr\/je-ne-serai-pas-la-florent-pagny-lache-une-information-de-taille-sur-son-avenir-dans-the-voice\" rel=\"nofollow noopener\" target=\"_blank\">Florent Pagny <\/a>qui s&rsquo;en sortent tant bien que mal face \u00e0 la maladie, Valerie Mahaffey n\u2019a pas eu cette chance. Son attach\u00e9e de presse a confirm\u00e9 que <strong>l\u2019actrice luttait contre un cancer, qui l\u2019a finalement emport\u00e9e \u00e0 Los Angeles<\/strong>. <\/p>\n<p>Dans un communiqu\u00e9 bouleversant, <strong>son mari Joseph Kell a exprim\u00e9 sa douleur<\/strong> : \u00a0\u00bb J\u2019ai perdu l\u2019amour de ma vie et l\u2019Am\u00e9rique a perdu l\u2019une de ses actrices les plus attachantes\u00a0\u00bb a t-il d\u00e9clar\u00e9 au magazine am\u00e9ricain \u00ab\u00a0Variety\u00a0\u00bb.<\/p>\n<p>Ensemble, ils formaient un couple discret, loin des projecteurs, mais uni et <strong>parents d\u2019une fille pr\u00e9nomm\u00e9e Alice.<\/strong><\/p>\n<p>Valerie Mahaffey : une carri\u00e8re discr\u00e8te, mais r\u00e9compens\u00e9e<\/p>\n<p>Avec son regard intense et son sourire \u00e9nigmatique, elle a marqu\u00e9 les \u00e9crans en incarnant des personnages ambigus, souvent tiraill\u00e9s entre charme et noirceur. Parmi ses r\u00f4les les plus m\u00e9morables, celui d\u2019<strong>Alma Hodge dans <\/strong><strong>\u00ab\u00a0Desperate Housewives<\/strong>\u00ab\u00a0, qu&rsquo;elle interpr\u00e8te de 2006 \u00e0 2007, reste sans doute grav\u00e9 dans la m\u00e9moire des t\u00e9l\u00e9spectateurs. Elle a \u00e9galement incarn\u00e9 <strong>l&rsquo;enseignante Victoria MacElroy dans \u00ab\u00a0Young Sheldon\u00a0\u00bb de 2017 \u00e0 2020<\/strong> et Lorna Harding dans \u00ab\u00a0Dead to Me\u00a0\u00bb sur Netflix, entre 2019 et 2022.<\/p>\n<p>En 1992, <strong>elle d\u00e9croche un Emmy Award  gr\u00e2ce \u00e0 son r\u00f4le dans \u00ab\u00a0Bienvenue en Alaska\u00a0\u00bb<\/strong>. Elle y campe Eve, une femme \u00e0 la fois hypocondriaque et fantasque, un type de personnage qu\u2019elle savait rendre attachant. <\/p>\n<p><strong>Ces r\u00f4les, souvent d\u00e9cal\u00e9s, ont marqu\u00e9 son parcours et forg\u00e9 son identit\u00e9 d\u2019actrice<\/strong>. Sa disparition laisse un vide chez les amateurs de s\u00e9ries comme chez ceux qui suivaient sa carri\u00e8re sur grand et petit \u00e9cran.<\/p>\n<p>      Mentionn\u00e9s dans cet article<\/p>\n","protected":false},"excerpt":{"rendered":"Valerie Mahaffey s\u2019est \u00e9teinte le 30 mai 2025 \u00e0 Los Angeles, apr\u00e8s avoir lutt\u00e9 contre un cancer. La&hellip;\n","protected":false},"author":2,"featured_media":141959,"comment_status":"","ping_status":"","sticky":false,"template":"","format":"standard","meta":{"footnotes":""},"categories":[1359],"tags":[58,59,1011,27,973,17398,27004],"class_list":{"0":"post-141958","1":"post","2":"type-post","3":"status-publish","4":"format-standard","5":"has-post-thumbnail","7":"category-people","8":"tag-divertissement","9":"tag-entertainment","10":"tag-fr","11":"tag-france","12":"tag-people","13":"tag-serie-televisee","14":"tag-young-sheldon"},"share_on_mastodon":{"url":"https:\/\/pubeurope.com\/@fr\/114603169094473577","error":""},"_links":{"self":[{"href":"https:\/\/www.europesays.com\/fr\/wp-json\/wp\/v2\/posts\/141958","targetHints":{"allow":["GET"]}}],"collection":[{"href":"https:\/\/www.europesays.com\/fr\/wp-json\/wp\/v2\/posts"}],"about":[{"href":"https:\/\/www.europesays.com\/fr\/wp-json\/wp\/v2\/types\/post"}],"author":[{"embeddable":true,"href":"https:\/\/www.europesays.com\/fr\/wp-json\/wp\/v2\/users\/2"}],"replies":[{"embeddable":true,"href":"https:\/\/www.europesays.com\/fr\/wp-json\/wp\/v2\/comments?post=141958"}],"version-history":[{"count":0,"href":"https:\/\/www.europesays.com\/fr\/wp-json\/wp\/v2\/posts\/141958\/revisions"}],"wp:featuredmedia":[{"embeddable":true,"href":"https:\/\/www.europesays.com\/fr\/wp-json\/wp\/v2\/media\/141959"}],"wp:attachment":[{"href":"https:\/\/www.europesays.com\/fr\/wp-json\/wp\/v2\/media?parent=141958"}],"wp:term":[{"taxonomy":"category","embeddable":true,"href":"https:\/\/www.europesays.com\/fr\/wp-json\/wp\/v2\/categories?post=141958"},{"taxonomy":"post_tag","embeddable":true,"href":"https:\/\/www.europesays.com\/fr\/wp-json\/wp\/v2\/tags?post=141958"}],"curies":[{"name":"wp","href":"https:\/\/api.w.org\/{rel}","templated":true}]}}