{"id":141960,"date":"2025-05-31T15:32:09","date_gmt":"2025-05-31T15:32:09","guid":{"rendered":"https:\/\/www.europesays.com\/fr\/141960\/"},"modified":"2025-05-31T15:32:09","modified_gmt":"2025-05-31T15:32:09","slug":"christine-clochet-de-dange-saint-romain-passionnee-de-photographie","status":"publish","type":"post","link":"https:\/\/www.europesays.com\/fr\/141960\/","title":{"rendered":"Christine Clochet, de Dang\u00e9-Saint-Romain, passionn\u00e9e de photographie"},"content":{"rendered":"<p>Le week-end du 28 au 29\u00a0juin 2025, l\u2019association <a target=\"_self\" href=\"https:\/\/www.lanouvellerepublique.fr\/chatellerault\/chatellerault-vingt-photographes-presentent-leurs-meilleurs-cliches-a-photexpo\" rel=\"noopener\">Ch\u00e2tellerault Plein Cadre<\/a> proposera son exposition annuelle, Photexpo, \u00e0 la salle du Verger \u00e0 Ch\u00e2tellerault. Christine Clochet, domicili\u00e9e \u00e0 La Fayette \u00e0 Dang\u00e9-Saint-Romain et membre du club, y participera.<\/p>\n<p>Toute jeune, cette passionn\u00e9e de photographie a \u00e9t\u00e9 amen\u00e9e \u00e0 suivre ses parents qui sillonnaient les terrains de motocross de la r\u00e9gion. \u00ab\u00a0Mon p\u00e8re et ma m\u00e8re \u00e9taient partis tous les week-ends en tant que marchands ambulants. Afin de ne pas m\u2019ennuyer, ils m\u2019avaient achet\u00e9\u00a0un appareil photo Instamatic \u00e0 clapet. C\u2019est comme \u00e7a que j\u2019ai pris l\u2019habitude des clich\u00e9s. \u00c0 l\u2019\u00e9poque, les pellicules \u00e9taient argentiques et il n\u2019\u00e9tait pas question de g\u00e2cher une prise de vue. Il fallait faire preuve de patience avant de d\u00e9clencher l\u2019appareil\u00a0\u00bb, raconte-t-elle.<\/p>\n<p>Il y a quelques ann\u00e9es, \u00e0 l\u2019occasion d\u2019une exposition, Christine Clochet a rencontr\u00e9 des responsables de l\u2019association Plein Cadre de Ch\u00e2tellerault. Depuis deux ans, elle fait partie du club.<\/p>\n<p>\u00ab\u00a0\u00catre l\u00e0 au bon moment\u00a0\u00bb<\/p>\n<p>Aujourd\u2019hui, il n\u2019est plus question d\u2019argentique. \u00ab\u00a0J\u2019ai naturellement investi dans un appareil photo num\u00e9rique reflex et r\u00e9cemment, je me suis fait plaisir en m\u2019offrant un objectif 70&#215;200. J\u2019ai ainsi agrandi mon amplitude de prise de vue ce qui s\u2019est vite av\u00e9r\u00e9 indispensable dans le monde du sport.\u00a0\u00bb<\/p>\n<p>Car, la Dang\u00e9enne aime le milieu sportif, surtout associatif. Gr\u00e2ce au motocross de Dang\u00e9, elle a pu revenir \u00e0 ses premiers amours. La qualit\u00e9 de ses clich\u00e9s lui a permis d\u2019exposer, toujours au Verger, l\u2019ann\u00e9e derni\u00e8re.<\/p>\n<p>\u00ab\u00a0Certes, la prise de vue est primordiale. Il faut \u00eatre l\u00e0 au bon moment pour immortaliser une sc\u00e8ne, un geste ou une \u00e9motion mais le num\u00e9rique nous permet de mitrailler, ce qui \u00e9tait plus difficile avant.\u00a0\u00bb<\/p>\n<p>Arrive ensuite le lourd travail de choix et de retouche. \u00ab\u00a0Une fois les vues sur ordinateur, il faut effectuer un tri. Au d\u00e9but, je ne voulais\u00a0en jeter aucune. J\u2019ai vite compris l\u2019ineptie d\u2019une telle d\u00e9marche. Et puis, afin d\u2019attirer l\u2019\u0153il du visiteur, il faut optimiser le cadrage, arranger le contraste. Bref, il faut sublimer la photo et susciter l\u2019effet \u00ab\u00a0waouh\u00a0\u00bb de la personne qui va regarder vos clich\u00e9s pour la premi\u00e8re fois.\u00a0\u00bb<\/p>\n<p>Depuis, Christine Clochet s\u2019est fait un nom parmi les associations dang\u00e9ennes. Sa derni\u00e8re apparition remarqu\u00e9e a \u00e9t\u00e9 le tournoi de tennis de table qui s\u2019est d\u00e9roul\u00e9 \u00e0 Dang\u00e9-Saint-Romain. Avec une vingtaine de coll\u00e8gues de Ch\u00e2tellerault Plein Cadre, elle exposera ses \u0153uvres photographiques le dernier week-end de juin au Verger \u00e0 Ch\u00e2tellerault. L\u2019entr\u00e9e est libre.<\/p>\n","protected":false},"excerpt":{"rendered":"Le week-end du 28 au 29\u00a0juin 2025, l\u2019association Ch\u00e2tellerault Plein Cadre proposera son exposition annuelle, Photexpo, \u00e0 la&hellip;\n","protected":false},"author":2,"featured_media":141961,"comment_status":"","ping_status":"","sticky":false,"template":"","format":"standard","meta":{"footnotes":""},"categories":[1358],"tags":[1392,1348,1384,1385,19489,1674,27005,1386,58,59,1011,27,1393],"class_list":{"0":"post-141960","1":"post","2":"type-post","3":"status-publish","4":"format-standard","5":"has-post-thumbnail","7":"category-arts-et-design","8":"tag-a-la-une-local","9":"tag-arts","10":"tag-arts-and-design","11":"tag-arts-et-design","12":"tag-chatellerault","13":"tag-communes","14":"tag-dange-saint-romain","15":"tag-design","16":"tag-divertissement","17":"tag-entertainment","18":"tag-fr","19":"tag-france","20":"tag-loisirs"},"share_on_mastodon":{"url":"https:\/\/pubeurope.com\/@fr\/114603173033100239","error":""},"_links":{"self":[{"href":"https:\/\/www.europesays.com\/fr\/wp-json\/wp\/v2\/posts\/141960","targetHints":{"allow":["GET"]}}],"collection":[{"href":"https:\/\/www.europesays.com\/fr\/wp-json\/wp\/v2\/posts"}],"about":[{"href":"https:\/\/www.europesays.com\/fr\/wp-json\/wp\/v2\/types\/post"}],"author":[{"embeddable":true,"href":"https:\/\/www.europesays.com\/fr\/wp-json\/wp\/v2\/users\/2"}],"replies":[{"embeddable":true,"href":"https:\/\/www.europesays.com\/fr\/wp-json\/wp\/v2\/comments?post=141960"}],"version-history":[{"count":0,"href":"https:\/\/www.europesays.com\/fr\/wp-json\/wp\/v2\/posts\/141960\/revisions"}],"wp:featuredmedia":[{"embeddable":true,"href":"https:\/\/www.europesays.com\/fr\/wp-json\/wp\/v2\/media\/141961"}],"wp:attachment":[{"href":"https:\/\/www.europesays.com\/fr\/wp-json\/wp\/v2\/media?parent=141960"}],"wp:term":[{"taxonomy":"category","embeddable":true,"href":"https:\/\/www.europesays.com\/fr\/wp-json\/wp\/v2\/categories?post=141960"},{"taxonomy":"post_tag","embeddable":true,"href":"https:\/\/www.europesays.com\/fr\/wp-json\/wp\/v2\/tags?post=141960"}],"curies":[{"name":"wp","href":"https:\/\/api.w.org\/{rel}","templated":true}]}}