{"id":141964,"date":"2025-05-31T15:34:10","date_gmt":"2025-05-31T15:34:10","guid":{"rendered":"https:\/\/www.europesays.com\/fr\/141964\/"},"modified":"2025-05-31T15:34:10","modified_gmt":"2025-05-31T15:34:10","slug":"cest-degueulasse-laurent-ruquier-condamne-a-rembourser-15-ans-don-nest-pas-couche-a-catherine-barma","status":"publish","type":"post","link":"https:\/\/www.europesays.com\/fr\/141964\/","title":{"rendered":"\u00ab\u00a0C&rsquo;est d\u00e9gueulasse\u00a0\u00bb, Laurent Ruquier condamn\u00e9 \u00e0 rembourser 15 ans d'\u00a0\u00bbOn n\u2019est pas couch\u00e9\u00a0\u00bb \u00e0 Catherine Barma"},"content":{"rendered":"<p>      R\u00e9sum\u00e9<\/p>\n<p>Laurent Ruquier a \u00e9t\u00e9 condamn\u00e9 \u00e0 rembourser 1,5 million d\u2019euros \u00e0 son ex-productrice pour des best-of non pr\u00e9vus dans leur contrat, mettant fin \u00e0 une longue proc\u00e9dure judiciaire.<\/p>\n<p>        Sommaire<\/p>\n<p><strong>Laurent Ruquier n&rsquo;est pas aigri&#8230; Cette condamnation, il pr\u00e9f\u00e8re en rire<\/strong>. En janvier 2025, en appel, l&rsquo;ex-animateur et co-producteur d&rsquo;On n&rsquo;est pas couch\u00e9 a \u00e9t\u00e9 <a href=\"https:\/\/www.public.fr\/laurent-ruquier-la-rupture-brutale-a-15-million-deuros-lanimateur-brise-le-silence\" rel=\"nofollow noopener\" target=\"_blank\">condamn\u00e9 \u00e0 verser 1,5 million d&rsquo;euros<\/a> \u00e0 son ex-productrice Catherine Barma. Aupr\u00e8s de l&rsquo;AFP, Laurent Ruquier avait r\u00e9agi en d\u00e9clarant : <strong>\u00ab\u00a0Je me suis bien fait avoir contractuellement par Madame Barma\u00a0\u00bb<\/strong>. Il n&rsquo;avait toutefois pas d\u00e9voil\u00e9 les raisons pr\u00e9cises qui le poussaient \u00e0 dire cela publiquement\u2026<\/p>\n<p>Invit\u00e9 d&rsquo;\u00c9ric Dussart ce samedi 31 mai pour assurer <a href=\"https:\/\/vsd.fr\/81466-laurent-ruquier-refuse-de-participer-a-quelle-epoque-avec-lea-salame-pour-une-raison-tres-precise\/\" rel=\"nofollow noopener\" target=\"_blank\">la promo de son arriv\u00e9e sur T18<\/a> le samedi en prime avec une \u00e9mission culturelle, Laurent Ruquier a r\u00e9v\u00e9l\u00e9 les raisons de cette prise de parole mordante. En effet, dans le contrat qui le liait \u00e0 Catherine Barma, <strong>les best-of d&rsquo;On n&rsquo;est pas couch\u00e9, qu&rsquo;il facturait \u00e0 la productrice, n&rsquo;\u00e9taient pas indiqu\u00e9s<\/strong>. De fait, la justice a estim\u00e9 que les produits engendr\u00e9s, qu&rsquo;ils avaient \u00e9quitablement r\u00e9partis, revenaient enti\u00e8rement \u00e0 la partie demanderesse.<\/p>\n<p>Des clauses contractuelles qui n&rsquo;existaient pas<\/p>\n<p>\u00ab\u00a0Je ne l&rsquo;ai jamais revue depuis je ne sais pas combien d&rsquo;ann\u00e9es. Je serais curieux de savoir comment elle r\u00e9agirait si on se croisait un jour dans la rue\u00a0\u00bb a ironis\u00e9 l&rsquo;animateur. Il a toutefois tenu \u00e0 indiquer que la proc\u00e9dure que Catherine Barma lui avait intent\u00e9e il y a quelques ann\u00e9es \u00e9tait termin\u00e9e : \u00ab\u00a0<strong>J&rsquo;ai pay\u00e9, je ne veux plus en entendre parler. Je lui ai donn\u00e9 son argent pour ses vieux jours<\/strong>. Elle n&rsquo;a plus qu&rsquo;\u00e0 en profiter\u00a0\u00bb a-t-il ironis\u00e9.<\/p>\n<p>\u00ab\u00a0L&rsquo;essentiel de l&rsquo;argent que j&rsquo;ai d\u00fb donner, ce n&rsquo;est pas des histoires de licenciements \u00e9conomiques (&#8230;) La vraie v\u00e9rit\u00e9, c&rsquo;est que j&rsquo;ai d\u00fb rembourser 15 ans de best-of de l&rsquo;\u00e9mission, <strong>parce que soi-disant que ce n&rsquo;\u00e9tait pas \u00e9crit dans les contrats<\/strong> que je devais toucher la moiti\u00e9 des b\u00e9n\u00e9fices sur les best-of. Je les ai \u00e9videmment touch\u00e9s pendant toutes ces ann\u00e9es. Sauf que comme ce n&rsquo;\u00e9tait pas \u00e9crit dans les contrats, <strong>alors qu&rsquo;ils m&rsquo;avaient \u00e9t\u00e9 pay\u00e9s par Catherine Barma et sa soci\u00e9t\u00e9<\/strong>, la justice a consid\u00e9r\u00e9 que comme ce n&rsquo;\u00e9tait pas inscrit dans les contrats, il fallait que je les rembourse\u00a0\u00bb a ainsi d\u00e9taill\u00e9 plus pr\u00e9cis\u00e9ment Laurent Ruquier.<\/p>\n<p>Laurent Ruquier reconna\u00eet \u00e0 Catherine Barma une belle victoire<\/p>\n<p>Le jugement a d&rsquo;autant plus \u00e9t\u00e9 douloureux pour Laurent Ruquier que <strong>l&rsquo;appel s&rsquo;est r\u00e9v\u00e9l\u00e9 plus lourd qu&rsquo;en premi\u00e8re instance<\/strong>. \u00ab\u00a0J&rsquo;avais d\u00e9j\u00e0 pay\u00e9 depuis le premier jugement. On n&rsquo;attend pas, il faut payer. J&rsquo;avais d\u00e9j\u00e0 pay\u00e9 l&rsquo;essentiel. Donc pour moi, c&rsquo;est de l&rsquo;histoire ancienne\u00a0\u00bb a expliqu\u00e9 l&rsquo;enqu\u00eateur de Mask Singer. Si Laurent Ruquier reconna\u00eet que cette histoire est d\u00e9sormais r\u00e9volue, il n&rsquo;oublie rien pour autant : \u00ab\u00a0<strong>Humainement, c&rsquo;est d\u00e9gueulasse. Professionnellement, elle a su faire les choses<\/strong> qui \u00e9taient les bonnes. Il n&rsquo;y a rien \u00e0 dire l\u00e0-dessus\u00a0\u00bb a reconnu, bon perdant, l&rsquo;animateur et producteur.<\/p>\n<p>      Mentionn\u00e9s dans cet article<\/p>\n<p>\u00c0 lire aussi<\/p>\n","protected":false},"excerpt":{"rendered":"R\u00e9sum\u00e9 Laurent Ruquier a \u00e9t\u00e9 condamn\u00e9 \u00e0 rembourser 1,5 million d\u2019euros \u00e0 son ex-productrice pour des best-of non&hellip;\n","protected":false},"author":2,"featured_media":141965,"comment_status":"","ping_status":"","sticky":false,"template":"","format":"standard","meta":{"footnotes":""},"categories":[1356],"tags":[1261,27006,58,59,1011,27,303,1759,4003,2694,252,1364],"class_list":{"0":"post-141964","1":"post","2":"type-post","3":"status-publish","4":"format-standard","5":"has-post-thumbnail","7":"category-television","8":"tag-argent","9":"tag-catherine-barma","10":"tag-divertissement","11":"tag-entertainment","12":"tag-fr","13":"tag-france","14":"tag-justice","15":"tag-laurent-ruquier","16":"tag-on-nest-pas-couche","17":"tag-proces","18":"tag-television","19":"tag-tv"},"share_on_mastodon":{"url":"https:\/\/pubeurope.com\/@fr\/114603180875760879","error":""},"_links":{"self":[{"href":"https:\/\/www.europesays.com\/fr\/wp-json\/wp\/v2\/posts\/141964","targetHints":{"allow":["GET"]}}],"collection":[{"href":"https:\/\/www.europesays.com\/fr\/wp-json\/wp\/v2\/posts"}],"about":[{"href":"https:\/\/www.europesays.com\/fr\/wp-json\/wp\/v2\/types\/post"}],"author":[{"embeddable":true,"href":"https:\/\/www.europesays.com\/fr\/wp-json\/wp\/v2\/users\/2"}],"replies":[{"embeddable":true,"href":"https:\/\/www.europesays.com\/fr\/wp-json\/wp\/v2\/comments?post=141964"}],"version-history":[{"count":0,"href":"https:\/\/www.europesays.com\/fr\/wp-json\/wp\/v2\/posts\/141964\/revisions"}],"wp:featuredmedia":[{"embeddable":true,"href":"https:\/\/www.europesays.com\/fr\/wp-json\/wp\/v2\/media\/141965"}],"wp:attachment":[{"href":"https:\/\/www.europesays.com\/fr\/wp-json\/wp\/v2\/media?parent=141964"}],"wp:term":[{"taxonomy":"category","embeddable":true,"href":"https:\/\/www.europesays.com\/fr\/wp-json\/wp\/v2\/categories?post=141964"},{"taxonomy":"post_tag","embeddable":true,"href":"https:\/\/www.europesays.com\/fr\/wp-json\/wp\/v2\/tags?post=141964"}],"curies":[{"name":"wp","href":"https:\/\/api.w.org\/{rel}","templated":true}]}}