{"id":141974,"date":"2025-05-31T15:39:09","date_gmt":"2025-05-31T15:39:09","guid":{"rendered":"https:\/\/www.europesays.com\/fr\/141974\/"},"modified":"2025-05-31T15:39:09","modified_gmt":"2025-05-31T15:39:09","slug":"laeticia-hallyday-en-couple-cynthia-nixon-de-sex-and-the-city-michele-laroque-et-sa-fille-les-stars-saffichent-dans-les-gradins-de-roland-garros","status":"publish","type":"post","link":"https:\/\/www.europesays.com\/fr\/141974\/","title":{"rendered":"Laeticia Hallyday en couple, Cynthia Nixon de Sex and the City, Mich\u00e8le Laroque et sa fille&#8230; Les stars s\u2019affichent dans les gradins de Roland-Garros"},"content":{"rendered":"<p>Comme chaque ann\u00e9e, le tournoi de tennis parisien devient aussi le th\u00e9\u00e2tre d\u2019un v\u00e9ritable d\u00e9fil\u00e9 de c\u00e9l\u00e9brit\u00e9s. Acteurs, r\u00e9alisateurs, chanteurs et autres figures m\u00e9diatiques s\u2019y donnent rendez-vous, lunettes de soleil sur le nez.<\/p>\n<p class=\"fig-paragraph\">\u00c0 Roland-Garros, les balles fusent\u2026 et les stars aussi. Rendez-vous incontournable des amateurs de tennis, le tournoi de cette \u00e9dition 2025 s\u2019est une fois de plus transform\u00e9 en v\u00e9ritable front row de c\u00e9l\u00e9brit\u00e9s. D\u00e8s la premi\u00e8re semaine, Laeticia Hallyday s\u2019est fait remarquer dans les gradins, \u00e9changeant des gestes tendres et des baisers avec son nouveau compagnon Fr\u00e9d\u00e9ric Suant. Quelques jours plus tard, l\u2019acteur C\u00e9sar Domboy, r\u00e9v\u00e9l\u00e9 par Outlander, s\u2019est affich\u00e9 complice avec Alice Bela\u00efdi, tout sourire derri\u00e8re ses Ray-Ban. Une apparition qui a vite enflamm\u00e9 les r\u00e9seaux sociaux, entre sp\u00e9culations sentimentales et compliments sur leur style d\u00e9contract\u00e9.<\/p>\n<p class=\"fig-paragraph\">Le vendredi 30 mai, la com\u00e9dienne Mich\u00e8le Laroque, fid\u00e8le du tournoi, est \u00e9galement venue accompagn\u00e9e de sa fille Oriane Deschamps, toutes deux en tenues coordonn\u00e9es aux teintes pastel. Et ce 31, c\u2019est le dramaturge Alexis Michalik, ainsi qu\u2019Olivier Nakache et sa compagne J\u00e9zabel Marques, qui ont \u00e9t\u00e9 aper\u00e7us dans les tribunes.<\/p>\n","protected":false},"excerpt":{"rendered":"Comme chaque ann\u00e9e, le tournoi de tennis parisien devient aussi le th\u00e9\u00e2tre d\u2019un v\u00e9ritable d\u00e9fil\u00e9 de c\u00e9l\u00e9brit\u00e9s. Acteurs,&hellip;\n","protected":false},"author":2,"featured_media":141975,"comment_status":"","ping_status":"","sticky":false,"template":"","format":"standard","meta":{"footnotes":""},"categories":[8],"tags":[976,972,58,59,638,1011,27,977,973,975,4171,974],"class_list":{"0":"post-141974","1":"post","2":"type-post","3":"status-publish","4":"format-standard","5":"has-post-thumbnail","7":"category-divertissement","8":"tag-actu-people","9":"tag-celebrite","10":"tag-divertissement","11":"tag-entertainment","12":"tag-figaro","13":"tag-fr","14":"tag-france","15":"tag-madame","16":"tag-people","17":"tag-potain-de-stars","18":"tag-roland-garros","19":"tag-star"},"share_on_mastodon":{"url":"https:\/\/pubeurope.com\/@fr\/114603200544369949","error":""},"_links":{"self":[{"href":"https:\/\/www.europesays.com\/fr\/wp-json\/wp\/v2\/posts\/141974","targetHints":{"allow":["GET"]}}],"collection":[{"href":"https:\/\/www.europesays.com\/fr\/wp-json\/wp\/v2\/posts"}],"about":[{"href":"https:\/\/www.europesays.com\/fr\/wp-json\/wp\/v2\/types\/post"}],"author":[{"embeddable":true,"href":"https:\/\/www.europesays.com\/fr\/wp-json\/wp\/v2\/users\/2"}],"replies":[{"embeddable":true,"href":"https:\/\/www.europesays.com\/fr\/wp-json\/wp\/v2\/comments?post=141974"}],"version-history":[{"count":0,"href":"https:\/\/www.europesays.com\/fr\/wp-json\/wp\/v2\/posts\/141974\/revisions"}],"wp:featuredmedia":[{"embeddable":true,"href":"https:\/\/www.europesays.com\/fr\/wp-json\/wp\/v2\/media\/141975"}],"wp:attachment":[{"href":"https:\/\/www.europesays.com\/fr\/wp-json\/wp\/v2\/media?parent=141974"}],"wp:term":[{"taxonomy":"category","embeddable":true,"href":"https:\/\/www.europesays.com\/fr\/wp-json\/wp\/v2\/categories?post=141974"},{"taxonomy":"post_tag","embeddable":true,"href":"https:\/\/www.europesays.com\/fr\/wp-json\/wp\/v2\/tags?post=141974"}],"curies":[{"name":"wp","href":"https:\/\/api.w.org\/{rel}","templated":true}]}}