{"id":141999,"date":"2025-05-31T15:58:03","date_gmt":"2025-05-31T15:58:03","guid":{"rendered":"https:\/\/www.europesays.com\/fr\/141999\/"},"modified":"2025-05-31T15:58:03","modified_gmt":"2025-05-31T15:58:03","slug":"a-61-ans-ce-breton-va-participer-pour-la-premiere-fois-au-tour-de-france","status":"publish","type":"post","link":"https:\/\/www.europesays.com\/fr\/141999\/","title":{"rendered":"\u00e0 61 ans, ce Breton va participer pour la premi\u00e8re fois au Tour de France"},"content":{"rendered":"<p>            Par<br \/>\n        <strong><br \/>\n            <a href=\"https:\/\/actu.fr\/auteur\/brian-legoff\" title=\"Consulter tous les articles de Brian Le Goff\" rel=\"nofollow noopener\" target=\"_blank\">Brian Le Goff<\/a><br \/>\n        <\/strong><\/p>\n<p>        Publi\u00e9 le<\/p>\n<p>            31 mai 2025 \u00e0 16h53        <\/p>\n<p><strong>Tout jeune retrait\u00e9<\/strong>, Pascal Nevo, originaire de <a href=\"https:\/\/actu.fr\/bretagne\/\" rel=\"nofollow noopener\" target=\"_blank\">Bretagne<\/a>, a saisi l\u2019occasion pour faire partie de l\u2019aventure du <a href=\"https:\/\/actu.fr\/tag\/tour-de-france-2025\" rel=\"nofollow noopener\" target=\"_blank\">Tour de France 2025<\/a>. Apr\u00e8s de <strong>multiples candidatures et sollicitations<\/strong>, il a \u00e9t\u00e9 recrut\u00e9 pour travailler dans la caravane de la Grande Boucle. Pour <a href=\"https:\/\/actu.fr\/rennes\/\" rel=\"nofollow noopener\" target=\"_blank\">actu Rennes<\/a>, il partage son ressenti \u00e0 quelques semaines du grand d\u00e9part.<\/p>\n<p class=\" wall-content\">Il lui aura fallu attendre de souffler ses 61 bougies pour enfin r\u00e9aliser son <strong>\u00ab\u00a0r\u00eave d\u2019enfance\u00a0\u00bb<\/strong>.<\/p>\n<blockquote class=\"ac-article-quote wall-content\">\n<p>Quand j&rsquo;\u00e9tais gamin, c&rsquo;\u00e9tait une institution avec les grandes ann\u00e9es de Bernard Hinault. J&rsquo;ai le Tour de France dans la peau. D&rsquo;ailleurs, c&rsquo;est le cas de le dire. En 1977, \u00e0 13 ans, j&rsquo;ai assist\u00e9 sur le bord de la route \u00e0 l&rsquo;\u00e9tape Lorient-Rennes. Apr\u00e8s l&rsquo;\u00e9tape, j&rsquo;ai pris mon v\u00e9lo pour aller voir des copains et j&rsquo;ai percut\u00e9 ma voisine. J&rsquo;ai fini \u00e0 l&rsquo;h\u00f4pital, entre la vie et la mort. J&rsquo;ai eu 17 agrafes sur la cuisse. J&rsquo;en ai encore la marque. \u00c7a fait partie de mon histoire avec la Grande Boucle.<\/p>\n<p>    <strong>Pascal Nevo<\/strong>\n            <\/p><\/blockquote>\n<p class=\" wall-content\">Le jeune homme grandit et le suivi de la discipline s\u2019\u00e9rode avec le temps. <strong>\u00ab\u00a0Mais, depuis un moment, je suivais \u00e0 nouveau le Tour\u00a0\u00bb<\/strong>, rembobine Pascal. Et, aujourd\u2019hui, le Breton ouvre un nouveau chapitre de son histoire avec le tour.<\/p>\n<p class=\" wall-content\">\u00c0 l\u2019aube de sa retraite de<strong> directeur de plusieurs centres logistiques<\/strong>, l\u2019habitant de <a href=\"https:\/\/actu.fr\/bretagne\/geveze_35120\" rel=\"nofollow noopener\" target=\"_blank\">G\u00e9vez\u00e9<\/a>, au nord de Rennes se disait qu\u2019il fallait booster son arriv\u00e9e en retraite. \u00ab\u00a0J\u2019ai<strong> commenc\u00e9<\/strong> \u00e0 contacter des soci\u00e9t\u00e9s et des agences qui travaillent pour la Grande Boucle en <strong>septembre 2024<\/strong>. En <strong>avril 2025<\/strong>, apr\u00e8s plusieurs contacts et entretiens, j\u2019ai \u00e9t\u00e9 <strong>recrut\u00e9 par l\u2019agence BBN<\/strong> pour le compte de <a href=\"https:\/\/actu.fr\/bretagne\/rennes_35238\/pres-de-rennes-une-nouvelle-salle-basic-fit-ouvre-en-septembre_61594016.html\" rel=\"nofollow noopener\" target=\"_blank\">Basic-Fit<\/a> qui fait son arriv\u00e9e dans la caravane du Tour de France.\u00a0\u00bb<\/p>\n<p>\u00ab\u00a0Heureux de repr\u00e9senter une marque qui vante la pratique sportive\u00a0\u00bb<\/p>\n<p class=\" wall-content\">Pascal Nevo attend maintenant avec <strong>impatience de vivre cette exp\u00e9rience<\/strong>. \u00ab\u00a0J\u2019ai h\u00e2te de d\u00e9couvrir toute l\u2019organisation de cet \u00e9v\u00e9nement mondial. Je me suis remis au v\u00e9lo depuis peu. Et quand je suis dans une c\u00f4te avec la chaleur, je pense aux coureurs et je me dis qu\u2019il faut <strong>de la motivation et un fort esprit d\u2019\u00e9quipe<\/strong>. C\u2019est <strong>ce que je compte transmettre<\/strong> en participant \u00e0 la caravane.\u00a0\u00bb<\/p>\n<blockquote class=\"ac-article-quote wall-content\">\n<p>On m&rsquo;a dit qu&rsquo;il cherchait une personne avec une forte maturit\u00e9. Mon exp\u00e9rience dans la logistique est un plus. C&rsquo;est une fiert\u00e9 de travailler pour le Tour de France.<\/p>\n<p>    <strong>Pascal Nevo<\/strong>\n            <\/p><\/blockquote>\n<p class=\" wall-content\">Dans les faits, le sexag\u00e9naire sera charg\u00e9 de <strong>conduire et de mettre en place le camion du p\u00f4le d\u2019animations<\/strong> de Basic-Fit, nomm\u00e9 \u00ab\u00a0Fit Box\u00a0\u00bb sur les villes de d\u00e9part ou d\u2019arriv\u00e9e des \u00e9tapes. \u00ab\u00a0J\u2019aime bien march\u00e9 et j\u2019ai repris le v\u00e9lo. L\u2019activit\u00e9 physique est importante pour la sant\u00e9. Je suis vraiment heureux<strong>\u00a0de repr\u00e9senter une marque qui vante la pratique sportive<\/strong>.\u00a0\u00bb<\/p>\n<p class=\" wall-content\">Enfin, Pascal est d\u2019autant plus attach\u00e9 \u00e0 cette \u00e9dition parce que le peloton passera \u00e0 quelques centaines m\u00e8tres de chez lui lors de la <a href=\"https:\/\/actu.fr\/bretagne\/rennes_35238\/le-tour-de-france-2025-passera-pres-de-rennes-pour-la-huitieme-etape_61798643.html\" rel=\"nofollow noopener\" target=\"_blank\">huiti\u00e8me \u00e9tape entre Saint-M\u00e9en-le-Grand et Laval<\/a>.<\/p>\n<p class=\" wall-content\">Suivez toute l\u2019actualit\u00e9 de vos villes et m\u00e9dias favoris en vous inscrivant \u00e0 <a href=\"https:\/\/moncompte.actu.fr\" title=\"D\u00e9couvez Mon Actu\" rel=\"nofollow noopener\" data-trk=\"{&quot;cta&quot;:{&quot;action&quot;:&quot;https:\\\/\\\/moncompte.actu.fr&quot;,&quot;category&quot;:&quot;mon compte&quot;,&quot;from&quot;:&quot;article footer&quot;,&quot;name&quot;:&quot;Mon actu&quot;,&quot;type&quot;:&quot;cta&quot;}}\" target=\"_blank\">Mon Actu<\/a>.<\/p>\n","protected":false},"excerpt":{"rendered":"Par Brian Le Goff Publi\u00e9 le 31 mai 2025 \u00e0 16h53 Tout jeune retrait\u00e9, Pascal Nevo, originaire de&hellip;\n","protected":false},"author":2,"featured_media":142000,"comment_status":"","ping_status":"","sticky":false,"template":"","format":"standard","meta":{"footnotes":""},"categories":[2821],"tags":[1111,11,829,1777,674,1011,27,12,584,25,104,517,210,2116],"class_list":{"0":"post-141999","1":"post","2":"type-post","3":"status-publish","4":"format-standard","5":"has-post-thumbnail","7":"category-rennes","8":"tag-actu","9":"tag-actualites","10":"tag-bretagne","11":"tag-eu","12":"tag-europe","13":"tag-fr","14":"tag-france","15":"tag-news","16":"tag-rennes","17":"tag-republique-francaise","18":"tag-societe","19":"tag-sport","20":"tag-tour-de-france","21":"tag-tour-de-france-2025"},"share_on_mastodon":{"url":"https:\/\/pubeurope.com\/@fr\/114603275367304814","error":""},"_links":{"self":[{"href":"https:\/\/www.europesays.com\/fr\/wp-json\/wp\/v2\/posts\/141999","targetHints":{"allow":["GET"]}}],"collection":[{"href":"https:\/\/www.europesays.com\/fr\/wp-json\/wp\/v2\/posts"}],"about":[{"href":"https:\/\/www.europesays.com\/fr\/wp-json\/wp\/v2\/types\/post"}],"author":[{"embeddable":true,"href":"https:\/\/www.europesays.com\/fr\/wp-json\/wp\/v2\/users\/2"}],"replies":[{"embeddable":true,"href":"https:\/\/www.europesays.com\/fr\/wp-json\/wp\/v2\/comments?post=141999"}],"version-history":[{"count":0,"href":"https:\/\/www.europesays.com\/fr\/wp-json\/wp\/v2\/posts\/141999\/revisions"}],"wp:featuredmedia":[{"embeddable":true,"href":"https:\/\/www.europesays.com\/fr\/wp-json\/wp\/v2\/media\/142000"}],"wp:attachment":[{"href":"https:\/\/www.europesays.com\/fr\/wp-json\/wp\/v2\/media?parent=141999"}],"wp:term":[{"taxonomy":"category","embeddable":true,"href":"https:\/\/www.europesays.com\/fr\/wp-json\/wp\/v2\/categories?post=141999"},{"taxonomy":"post_tag","embeddable":true,"href":"https:\/\/www.europesays.com\/fr\/wp-json\/wp\/v2\/tags?post=141999"}],"curies":[{"name":"wp","href":"https:\/\/api.w.org\/{rel}","templated":true}]}}