{"id":142027,"date":"2025-05-31T16:17:08","date_gmt":"2025-05-31T16:17:08","guid":{"rendered":"https:\/\/www.europesays.com\/fr\/142027\/"},"modified":"2025-05-31T16:17:08","modified_gmt":"2025-05-31T16:17:08","slug":"de-nombreuses-mises-en-examen-apres-la-tentative-denlevement-a-paris","status":"publish","type":"post","link":"https:\/\/www.europesays.com\/fr\/142027\/","title":{"rendered":"de nombreuses mises en examen apr\u00e8s la tentative d&rsquo;enl\u00e8vement \u00e0 Paris"},"content":{"rendered":"<p>            Par<br \/>\n        <strong><br \/>\n            <a href=\"https:\/\/actu.fr\/auteur\/thomas-martin\" title=\"Consulter tous les articles de Thomas Martin\" target=\"_blank\" rel=\"noopener\">Thomas Martin<\/a><br \/>\n        <\/strong><\/p>\n<p>        Publi\u00e9 le<\/p>\n<p>            31 mai 2025 \u00e0 17h53        <\/p>\n<p><a href=\"https:\/\/actu.fr\/ile-de-france\/paris_75056\/enlevement-en-plein-paris-dans-le-milieu-des-cryptomonnaies-25-personnes-deferees_62707486.html\" target=\"_blank\" rel=\"noopener\">Vingt-cinq suspects<\/a>, dont six mineurs, ont \u00e9t\u00e9 mis en examen \u00e0 Paris vendredi 30 mai, pour des tentatives et projets d\u2019enl\u00e8vements dans le milieu des cryptomonnaies, a indiqu\u00e9 samedi le parquet, sollicit\u00e9 par l\u2019AFP. \u00ab\u00a0Dix-huit personnes ont \u00e9t\u00e9 plac\u00e9es en d\u00e9tention provisoire, trois ont sollicit\u00e9 un d\u00e9bat diff\u00e9r\u00e9, quatre ont \u00e9t\u00e9 plac\u00e9es sous contr\u00f4le judiciaire\u00a0\u00bb, a pr\u00e9cis\u00e9 le minist\u00e8re public, ajoutant qu\u2019elles \u00e9taient \u00e2g\u00e9es de 16 \u00e0 23 ans.<\/p>\n<p>\u00ab\u00a0Des profils tr\u00e8s jeunes\u00a0\u00bb<\/p>\n<p class=\" wall-content\">L\u2019information judiciaire est ouverte \u00ab\u00a0pour tentative d\u2019enl\u00e8vement en bande organis\u00e9e les 12 et 13 mai 2025\u2033, et association de malfaiteurs jusqu\u2019au 26 mai 2025\u00a0\u00bb, selon le parquet.<\/p>\n<p class=\" wall-content\">Elle a \u00e9t\u00e9 ouverte apr\u00e8s la <a href=\"https:\/\/actu.fr\/ile-de-france\/paris_75056\/tentative-d-enlevement-rue-pache-a-paris-je-ne-travaille-pas-dans-la-cryptomonnaie-mais-j-ai-peur_62630519.html\" target=\"_blank\" rel=\"noopener\">tentative d\u2019enl\u00e8vement<\/a> de la fille et du petit-fils du PDG de la soci\u00e9t\u00e9 sp\u00e9cialis\u00e9e Paymium, le 13 mai, en pleine rue \u00e0 Paris.<\/p>\n<p class=\" wall-content\">Mais elle s\u2019est \u00e9largie au fil des investigations: les enqu\u00eateurs \u00ab\u00a0ont d\u00e9couvert qu\u2019un pr\u00e9c\u00e9dent passage \u00e0 l\u2019acte avait \u00e9t\u00e9 tent\u00e9 la veille, et interrompu en raison de probl\u00e8mes mat\u00e9riels, et qu\u2019une \u00e9quipe se constituait dans le projet de commettre un autre fait similaire\u00a0\u00bb, a pr\u00e9cis\u00e9 samedi le parquet.<\/p>\n<p class=\" wall-content\">Ce projet, pour lequel deux commandos avec deux camionnettes avaient \u00e9t\u00e9 pr\u00e9vus d\u2019apr\u00e8s des sources proches du dossier, a \u00e9t\u00e9 d\u00e9jou\u00e9 in extremis par les forces de l\u2019ordre <a href=\"https:\/\/actu.fr\/pays-de-la-loire\/coueron_44047\/enlevements-en-lien-avec-la-cryptomonnaie-une-tentative-de-kidnapping-dejouee-pres-de-nantes_62694333.html\" target=\"_blank\" rel=\"noopener\">pr\u00e8s de Nantes<\/a>, le 26 mai.<\/p>\n<p class=\" wall-content\">Les personnes mises en cause \u00ab\u00a0sont pour la plupart n\u00e9es en r\u00e9gion parisienne, l\u2019une \u00e0 Ch\u00e2tellerault, l\u2019une au S\u00e9n\u00e9gal, l\u2019une en Angola, l\u2019une en Russie, entre janvier 2002 et mai 2009\u00a0\u00bb, a d\u00e9taill\u00e9 le parquet.<\/p>\n<p>Vid\u00e9os : en ce moment sur Actu<\/p>\n<p class=\" wall-content\">Ce dossier se caract\u00e9rise par des \u00ab\u00a0profils tr\u00e8s jeunes, hame\u00e7onn\u00e9s par de l\u2019argent puis pris dans une dynamique qui les d\u00e9passe\u00a0\u00bb, avait observ\u00e9 Me Ambroise Vienet-Legu\u00e9, qui d\u00e9fend un suspect du volet nantais, \u00e2g\u00e9 de 18 ans et \u00e9crou\u00e9.<\/p>\n<p>Plusieurs \u00e9v\u00e8nements inqui\u00e9tants depuis janvier<\/p>\n<p class=\" wall-content\">Julien Fresnault, l\u2019avocat d\u2019un adolescent de 16 ans accus\u00e9 d\u2019\u00eatre impliqu\u00e9 dans la tentative avort\u00e9e du 12 mai, a jug\u00e9 \u00ab\u00a0rassurante\u00a0\u00bb la d\u00e9cision de placer sous contr\u00f4le judiciaire son jeune client. Malgr\u00e9 un \u00ab\u00a0dossier \u00e0 fort \u00e9cho m\u00e9diatique\u00a0\u00bb, des magistrats font \u00ab\u00a0la part des choses et tiennent encore compte de la minorit\u00e9 des mis en examen\u00a0\u00bb, a-t-il d\u00e9clar\u00e9.<\/p>\n<p class=\" wall-content\">L\u2019information judiciaire se poursuit, pour \u00ab\u00a0explorer les liens existant entre chacun des protagonistes\u00a0\u00bb et \u00ab\u00a0identifier l\u2019ensemble des personnes impliqu\u00e9es\u00a0\u00bb, a soulign\u00e9 le parquet.<br \/>Selon plusieurs sources proches du dossier, les personnes mises en examen ont des profils d&rsquo;\u00a0\u00bbex\u00e9cutants\u00a0\u00bb, souvent tr\u00e8s jeunes, et de \u00ab\u00a0logisticiens\u00a0\u00bb, mais pas de commanditaires.<\/p>\n<p class=\" wall-content\">Depuis janvier, une s\u00e9rie d\u2019enl\u00e8vements, de tentatives ou de projets de rapts ont eu lieu en France dans le secteur de la cryptomonnaie, incitant les forces de l\u2019ordre \u00e0 redoubler de vigilance.<\/p>\n<p class=\" wall-content\"><strong>Avec AFP<\/strong><\/p>\n<p class=\" wall-content\">Suivez toute l\u2019actualit\u00e9 de vos villes et m\u00e9dias favoris en vous inscrivant \u00e0 <a href=\"https:\/\/moncompte.actu.fr\" title=\"D\u00e9couvez Mon Actu\" rel=\"nofollow noopener\" data-trk=\"{&quot;cta&quot;:{&quot;action&quot;:&quot;https:\\\/\\\/moncompte.actu.fr&quot;,&quot;category&quot;:&quot;mon compte&quot;,&quot;from&quot;:&quot;article footer&quot;,&quot;name&quot;:&quot;Mon actu&quot;,&quot;type&quot;:&quot;cta&quot;}}\" target=\"_blank\">Mon Actu<\/a>.<\/p>\n","protected":false},"excerpt":{"rendered":"Par Thomas Martin Publi\u00e9 le 31 mai 2025 \u00e0 17h53 Vingt-cinq suspects, dont six mineurs, ont \u00e9t\u00e9 mis&hellip;\n","protected":false},"author":2,"featured_media":142028,"comment_status":"","ping_status":"","sticky":false,"template":"","format":"standard","meta":{"footnotes":""},"categories":[1888],"tags":[1111,1928,11,1927,11250,1777,674,118,1011,27,303,12,1926,626,1925,25],"class_list":{"0":"post-142027","1":"post","2":"type-post","3":"status-publish","4":"format-standard","5":"has-post-thumbnail","7":"category-paris","8":"tag-actu","9":"tag-actu-paris","10":"tag-actualites","11":"tag-actualites-paris","12":"tag-enlevements","13":"tag-eu","14":"tag-europe","15":"tag-faits-divers","16":"tag-fr","17":"tag-france","18":"tag-justice","19":"tag-news","20":"tag-news-paris","21":"tag-paris","22":"tag-paris-news","23":"tag-republique-francaise"},"share_on_mastodon":{"url":"https:\/\/pubeurope.com\/@fr\/114603349986856706","error":""},"_links":{"self":[{"href":"https:\/\/www.europesays.com\/fr\/wp-json\/wp\/v2\/posts\/142027","targetHints":{"allow":["GET"]}}],"collection":[{"href":"https:\/\/www.europesays.com\/fr\/wp-json\/wp\/v2\/posts"}],"about":[{"href":"https:\/\/www.europesays.com\/fr\/wp-json\/wp\/v2\/types\/post"}],"author":[{"embeddable":true,"href":"https:\/\/www.europesays.com\/fr\/wp-json\/wp\/v2\/users\/2"}],"replies":[{"embeddable":true,"href":"https:\/\/www.europesays.com\/fr\/wp-json\/wp\/v2\/comments?post=142027"}],"version-history":[{"count":0,"href":"https:\/\/www.europesays.com\/fr\/wp-json\/wp\/v2\/posts\/142027\/revisions"}],"wp:featuredmedia":[{"embeddable":true,"href":"https:\/\/www.europesays.com\/fr\/wp-json\/wp\/v2\/media\/142028"}],"wp:attachment":[{"href":"https:\/\/www.europesays.com\/fr\/wp-json\/wp\/v2\/media?parent=142027"}],"wp:term":[{"taxonomy":"category","embeddable":true,"href":"https:\/\/www.europesays.com\/fr\/wp-json\/wp\/v2\/categories?post=142027"},{"taxonomy":"post_tag","embeddable":true,"href":"https:\/\/www.europesays.com\/fr\/wp-json\/wp\/v2\/tags?post=142027"}],"curies":[{"name":"wp","href":"https:\/\/api.w.org\/{rel}","templated":true}]}}