{"id":142037,"date":"2025-05-31T16:22:09","date_gmt":"2025-05-31T16:22:09","guid":{"rendered":"https:\/\/www.europesays.com\/fr\/142037\/"},"modified":"2025-05-31T16:22:09","modified_gmt":"2025-05-31T16:22:09","slug":"emmanuel-macron-agace-la-chine-apres-des-propos-sur-taiwan","status":"publish","type":"post","link":"https:\/\/www.europesays.com\/fr\/142037\/","title":{"rendered":"Emmanuel Macron agace la Chine apr\u00e8s des propos sur Ta\u00efwan"},"content":{"rendered":"<p>            Par<br \/>\n        <strong><br \/>\n            <a href=\"https:\/\/actu.fr\/auteur\/redaction-actu\" title=\"Consulter tous les articles de R\u00e9daction Actu\" rel=\"nofollow noopener\" target=\"_blank\">R\u00e9daction Actu<\/a><br \/>\n        <\/strong><\/p>\n<p>        Publi\u00e9 le<\/p>\n<p>            31 mai 2025 \u00e0 17h07        <\/p>\n<p>La Chine a d\u00e9nonc\u00e9, ce samedi 31\u00a0mai 2025, <strong>des propos du pr\u00e9sident fran\u00e7ais Emmanuel Macron<\/strong> qui a \u00e9tabli la veille un parall\u00e8le entre la situation de l\u2019Ukraine et celle de Ta\u00efwan, que les Occidentaux craignent de voir P\u00e9kin envahir.<\/p>\n<p class=\" wall-content\">\u00ab\u2009Comparer la question de Ta\u00efwan au probl\u00e8me ukrainien est inacceptable. Les deux sont de natures diff\u00e9rentes, et en aucun cas comparables\u2009\u00bb, a r\u00e9agi l\u2019ambassade de Chine \u00e0 Singapour, o\u00f9 s\u2019\u00e9tait exprim\u00e9 le chef d\u2019\u00c9tat fran\u00e7ais.<\/p>\n<p>Parall\u00e8le Ukraine-Ta\u00efwan<\/p>\n<p class=\" wall-content\">En ouverture du forum de d\u00e9fense et de s\u00e9curit\u00e9 Shangri-La Dialogue dans la cit\u00e9-\u00c9tat, <a href=\"https:\/\/actu.fr\/tag\/emmanuel-macron\" rel=\"nofollow noopener\" target=\"_blank\">Emmanuel Macron<\/a> avait sugg\u00e9r\u00e9 vendredi soir qu\u2019une invasion de Ta\u00efwan par la Chine pourrait \u00eatre assimil\u00e9e \u00e0 celle de <a href=\"https:\/\/actu.fr\/tag\/guerre-en-ukraine\" rel=\"nofollow noopener\" target=\"_blank\">l\u2019Ukraine<\/a> par la <a href=\"https:\/\/actu.fr\/tag\/russie\" rel=\"nofollow noopener\" target=\"_blank\">Russie<\/a>.<\/p>\n<blockquote class=\"ac-article-quote wall-content\">\n<p>Si nous consid\u00e9rons que la Russie peut \u00eatre autoris\u00e9e \u00e0 s&#8217;emparer d&rsquo;une partie du territoire de l&rsquo;Ukraine sans restriction, sans contrainte, sans r\u00e9action de l&rsquo;ordre mondial, que dira-t-on au sujet de ce qui pourrait se passer \u00e0 Ta\u00efwan ?<\/p>\n<p>    <strong>Emmanuel Macron<\/strong>\n            <\/p><\/blockquote>\n<p class=\" wall-content\">Emmanuel Macron avait \u00e9galement pr\u00e9venu que \u00ab\u2009si la <a href=\"https:\/\/actu.fr\/tag\/chine\" rel=\"nofollow noopener\" target=\"_blank\">Chine<\/a> ne veut pas que l\u2019Otan soit impliqu\u00e9e en Asie du Sud-Est ou en Asie, elle doit emp\u00eacher clairement la Cor\u00e9e du Nord d\u2019\u00eatre impliqu\u00e9e sur le sol europ\u00e9en\u2009\u00bb, o\u00f9 Pyongyang a d\u00e9ploy\u00e9 des soldats contre l\u2019Ukraine aux c\u00f4t\u00e9s de la Russie.<\/p>\n<p>Vid\u00e9os : en ce moment sur Actu\u00ab\u2009Sujet strictement interne\u2009\u00bb<\/p>\n<p class=\" wall-content\">P\u00e9kin a r\u00e9affirm\u00e9 samedi, par la voix de son ambassade, que \u00ab\u2009la question de Ta\u00efwan est un sujet strictement interne \u00e0 la Chine\u2009\u00bb.<\/p>\n<p class=\" wall-content\">\u00ab\u2009Il n\u2019y a qu\u2019une seule Chine au monde, et Ta\u00efwan est une partie inali\u00e9nable du territoire chinois\u2009\u00bb, a martel\u00e9 la diplomatie chinoise dans un communiqu\u00e9 sur Facebook.<\/p>\n<p class=\" wall-content\">Le territoire de Ta\u00efwan \u00e9chappe depuis la r\u00e9volution de 1949 au contr\u00f4le de P\u00e9kin, qui n\u2019a pas exclu de le reprendre par la force si n\u00e9cessaire et multiplie les man\u0153uvres autour de l\u2019\u00eele.<\/p>\n<p class=\" wall-content\">Samedi, le secr\u00e9taire am\u00e9ricain de la D\u00e9fense, Pete Hegseth, a accus\u00e9 la Chine de se pr\u00e9parer \u00ab\u2009\u00e0 potentiellement utiliser la force militaire\u2009\u00bb en Asie-Pacifique et de \u00ab\u2009s\u2019entra\u00eene (r) tous les jours\u2009\u00bb en vue d\u2019une invasion de Ta\u00efwan.<\/p>\n<p class=\" wall-content\">Source\u2009: AFP.<\/p>\n<p class=\" wall-content\">Suivez toute l\u2019actualit\u00e9 de vos villes et m\u00e9dias favoris en vous inscrivant \u00e0 <a href=\"https:\/\/moncompte.actu.fr\" title=\"D\u00e9couvez Mon Actu\" rel=\"nofollow noopener\" data-trk=\"{&quot;cta&quot;:{&quot;action&quot;:&quot;https:\\\/\\\/moncompte.actu.fr&quot;,&quot;category&quot;:&quot;mon compte&quot;,&quot;from&quot;:&quot;article footer&quot;,&quot;name&quot;:&quot;Mon actu&quot;,&quot;type&quot;:&quot;cta&quot;}}\" target=\"_blank\">Mon Actu<\/a>.<\/p>\n","protected":false},"excerpt":{"rendered":"Par R\u00e9daction Actu Publi\u00e9 le 31 mai 2025 \u00e0 17h07 La Chine a d\u00e9nonc\u00e9, ce samedi 31\u00a0mai 2025,&hellip;\n","protected":false},"author":2,"featured_media":142038,"comment_status":"","ping_status":"","sticky":false,"template":"","format":"standard","meta":{"footnotes":""},"categories":[1590],"tags":[11,309,1073,1777,674,131,12,316,220],"class_list":{"0":"post-142037","1":"post","2":"type-post","3":"status-publish","4":"format-standard","5":"has-post-thumbnail","7":"category-ukraine","8":"tag-actualites","9":"tag-chine","10":"tag-emmanuel-macron","11":"tag-eu","12":"tag-europe","13":"tag-guerre-en-ukraine","14":"tag-news","15":"tag-politique","16":"tag-ukraine"},"share_on_mastodon":{"url":"https:\/\/pubeurope.com\/@fr\/114603369693087025","error":""},"_links":{"self":[{"href":"https:\/\/www.europesays.com\/fr\/wp-json\/wp\/v2\/posts\/142037","targetHints":{"allow":["GET"]}}],"collection":[{"href":"https:\/\/www.europesays.com\/fr\/wp-json\/wp\/v2\/posts"}],"about":[{"href":"https:\/\/www.europesays.com\/fr\/wp-json\/wp\/v2\/types\/post"}],"author":[{"embeddable":true,"href":"https:\/\/www.europesays.com\/fr\/wp-json\/wp\/v2\/users\/2"}],"replies":[{"embeddable":true,"href":"https:\/\/www.europesays.com\/fr\/wp-json\/wp\/v2\/comments?post=142037"}],"version-history":[{"count":0,"href":"https:\/\/www.europesays.com\/fr\/wp-json\/wp\/v2\/posts\/142037\/revisions"}],"wp:featuredmedia":[{"embeddable":true,"href":"https:\/\/www.europesays.com\/fr\/wp-json\/wp\/v2\/media\/142038"}],"wp:attachment":[{"href":"https:\/\/www.europesays.com\/fr\/wp-json\/wp\/v2\/media?parent=142037"}],"wp:term":[{"taxonomy":"category","embeddable":true,"href":"https:\/\/www.europesays.com\/fr\/wp-json\/wp\/v2\/categories?post=142037"},{"taxonomy":"post_tag","embeddable":true,"href":"https:\/\/www.europesays.com\/fr\/wp-json\/wp\/v2\/tags?post=142037"}],"curies":[{"name":"wp","href":"https:\/\/api.w.org\/{rel}","templated":true}]}}