{"id":142046,"date":"2025-05-31T16:27:18","date_gmt":"2025-05-31T16:27:18","guid":{"rendered":"https:\/\/www.europesays.com\/fr\/142046\/"},"modified":"2025-05-31T16:27:18","modified_gmt":"2025-05-31T16:27:18","slug":"la-loi-sur-les-agents-de-letranger-met-en-peril-ladhesion-a-lue-avertit-bruxelles","status":"publish","type":"post","link":"https:\/\/www.europesays.com\/fr\/142046\/","title":{"rendered":"la loi sur les agents de l&rsquo;\u00e9tranger \u00abmet en p\u00e9ril\u00bb l&rsquo;adh\u00e9sion \u00e0 l&rsquo;UE, avertit Bruxelles"},"content":{"rendered":"<p>Aux yeux de Bruxelles, cette loi repr\u00e9sente une \u00abnouvelle action agressive des autorit\u00e9s g\u00e9orgiennes pour supprimer la dissidence, restreindre les libert\u00e9s et r\u00e9duire encore l\u2019espace des activistes, de la soci\u00e9t\u00e9 civile et des m\u00e9dias ind\u00e9pendants\u00bb.<\/p>\n<p class=\"fig-paragraph\">La nouvelle loi g\u00e9orgienne sur\u00a0<a href=\"http:\/\/www.lefigaro.fr\/flash-actu\/georgie-la-loi-sur-les-agents-de-l-etranger-fondamentalement-incompatible-avec-les-valeurs-de-l-ue-20250402\" target=\"_blank\" data-fig-type=\"NewsFlash\" rel=\"noopener\" data-gtm-custom-categorie=\"navigation\" data-gtm-custom-action=\"crossclick\" data-gtm-custom-label=\"Contextuel\" data-gtm-event=\"customEventSPE\" data-fig-domain=\"LEFIGARO\">les \u00abagents de l&rsquo;\u00e9tranger\u00bb<\/a>, qui entre en vigueur ce samedi, constitue un \u00abgrave revers\u00bb d\u00e9mocratique qui \u00abmet en p\u00e9ril\u00bb l&rsquo;adh\u00e9sion de la\u00a0<a href=\"http:\/\/www.lefigaro.fr\/international\/la-georgie-merite-l-europe-aujourd-hui-plus-que-jamais-a-tbilissi-la-contestation-du-regime-prorusse-se-durcit-20241202\" target=\"_blank\" data-fig-type=\"Article\" rel=\"noopener\" data-gtm-custom-categorie=\"navigation\" data-gtm-custom-action=\"crossclick\" data-gtm-custom-label=\"Contextuel\" data-gtm-event=\"customEventSPE\" data-fig-domain=\"LEFIGARO\">G\u00e9orgie<\/a>\u00a0\u00e0 l&rsquo;UE, a jug\u00e9 la Commission europ\u00e9enne. Aux yeux de Bruxelles, cette loi repr\u00e9sente une \u00abnouvelle action agressive des autorit\u00e9s g\u00e9orgiennes pour supprimer la dissidence, restreindre les libert\u00e9s et r\u00e9duire encore l&rsquo;espace des activistes, de la soci\u00e9t\u00e9 civile et des m\u00e9dias ind\u00e9pendants\u00bb.<\/p>\n<p class=\"fig-paragraph\">Ce type de loi met \u00aben p\u00e9ril\u00bb le processus d&rsquo;adh\u00e9sion de la G\u00e9orgie \u00e0 l&rsquo;UE, ont mis en garde la cheffe de la diplomatie europ\u00e9enne,\u00a0<a href=\"http:\/\/www.lefigaro.fr\/international\/kaja-kallas-la-russie-a-ete-humiliee-en-syrie-20241212\" target=\"_blank\" data-fig-type=\"Article\" rel=\"noopener\" data-gtm-custom-categorie=\"navigation\" data-gtm-custom-action=\"crossclick\" data-gtm-custom-label=\"Contextuel\" data-gtm-event=\"customEventSPE\" data-fig-domain=\"LEFIGARO\">Kaja Kallas<\/a>, et la commissaire europ\u00e9enne en charge de l&rsquo;\u00e9largissement, Marta Kos, dans un communiqu\u00e9 conjoint. L&rsquo;<a href=\"http:\/\/www.lefigaro.fr\/conjoncture\/l-ue-se-dit-pleinement-investie-dans-les-negociations-avec-trump-apres-les-rebondissements-judiciaires-20250530\" target=\"_blank\" data-fig-type=\"NewsFlash\" rel=\"noopener\" data-gtm-custom-categorie=\"navigation\" data-gtm-custom-action=\"crossclick\" data-gtm-custom-label=\"Contextuel\" data-gtm-event=\"customEventSPE\" data-fig-domain=\"LEFIGARO\">UE<\/a>\u00a0est \u00abpr\u00eate \u00e0 envisager le retour de la G\u00e9orgie sur la voie de l&rsquo;adh\u00e9sion \u00e0 l&rsquo;UE si les autorit\u00e9s prennent des mesures cr\u00e9dibles pour inverser le recul d\u00e9mocratique. La responsabilit\u00e9 incombe uniquement aux autorit\u00e9s g\u00e9orgiennes\u00bb, ajoutent-elles.<\/p>\n<p>Un nouveau texte comme une r\u00e9ponse aux controverses<\/p>\n<p class=\"fig-paragraph\">Le Parlement g\u00e9orgien a r\u00e9cemment adopt\u00e9 un texte sur les \u00abagents de l&rsquo;\u00e9tranger\u00bb directement inspir\u00e9 des \u00c9tats-Unis, afin de remplacer une loi tr\u00e8s critiqu\u00e9e sur \u00abl&rsquo;influence \u00e9trang\u00e8re\u00bb \u00e0 l&rsquo;origine de manifestations massives en 2024. Aux\u00a0<a href=\"http:\/\/www.lefigaro.fr\/international\/etats-unis-la-cour-supreme-autorise-trump-a-revoquer-le-statut-legal-d-un-demi-million-d-immigres-20250531\" target=\"_blank\" data-fig-type=\"NewsFlash\" rel=\"noopener\" data-gtm-custom-categorie=\"navigation\" data-gtm-custom-action=\"crossclick\" data-gtm-custom-label=\"Contextuel\" data-gtm-event=\"customEventSPE\" data-fig-domain=\"LEFIGARO\">\u00c9tats-Unis<\/a>, la loi dite Fara oblige toute entit\u00e9 repr\u00e9sentant un pays, organisation ou parti \u00e9trangers \u00e0 d\u00e9clarer ses activit\u00e9s aux autorit\u00e9s. Les autorit\u00e9s g\u00e9orgiennes pr\u00e9sentent ce nouveau texte comme une r\u00e9ponse aux controverses autour de la pr\u00e9c\u00e9dente loi.<\/p>\n<p class=\"fig-paragraph\">Mais des ONG consid\u00e8rent que cette l\u00e9gislation pourrait au contraire \u00eatre utilis\u00e9e par le gouvernement pour resserrer encore plus l&rsquo;\u00e9tau sur la soci\u00e9t\u00e9 civile et l&rsquo;opposition. En crise politique, la G\u00e9orgie est secou\u00e9e par des manifestations quotidiennes depuis fin 2024. Le mouvement s&rsquo;est intensifi\u00e9 apr\u00e8s que le premier ministre Irakli Kobakhidz\u00e9 a annonc\u00e9 fin novembre que son gouvernement ne chercherait pas \u00e0 ouvrir des n\u00e9gociations d&rsquo;adh\u00e9sion \u00e0 l&rsquo;UE avant 2028. Le gouvernement au pouvoir, issu du parti R\u00eave g\u00e9orgien, est accus\u00e9 d&rsquo;un virage autoritaire et de d\u00e9tourner l&rsquo;ex-r\u00e9publique sovi\u00e9tique de son chemin europ\u00e9en pour se tourner vers Moscou.<\/p>\n","protected":false},"excerpt":{"rendered":"Aux yeux de Bruxelles, cette loi repr\u00e9sente une \u00abnouvelle action agressive des autorit\u00e9s g\u00e9orgiennes pour supprimer la dissidence,&hellip;\n","protected":false},"author":2,"featured_media":142047,"comment_status":"","ping_status":"","sticky":false,"template":"","format":"standard","meta":{"footnotes":""},"categories":[1586],"tags":[259,11,260,1777,674,1779,1011,27,12337,14,261,12,262,25,1778,364],"class_list":{"0":"post-142046","1":"post","2":"type-post","3":"status-publish","4":"format-standard","5":"has-post-thumbnail","7":"category-europe","8":"tag-actualite-internationale","9":"tag-actualites","10":"tag-affaires-etrangeres","11":"tag-eu","12":"tag-europe","13":"tag-european-union","14":"tag-fr","15":"tag-france","16":"tag-georgie","17":"tag-international","18":"tag-ministere-des-affaires-etrangeres","19":"tag-news","20":"tag-politique-etrangere","21":"tag-republique-francaise","22":"tag-ue","23":"tag-union-europeenne"},"share_on_mastodon":{"url":"https:\/\/pubeurope.com\/@fr\/114603389303289410","error":""},"_links":{"self":[{"href":"https:\/\/www.europesays.com\/fr\/wp-json\/wp\/v2\/posts\/142046","targetHints":{"allow":["GET"]}}],"collection":[{"href":"https:\/\/www.europesays.com\/fr\/wp-json\/wp\/v2\/posts"}],"about":[{"href":"https:\/\/www.europesays.com\/fr\/wp-json\/wp\/v2\/types\/post"}],"author":[{"embeddable":true,"href":"https:\/\/www.europesays.com\/fr\/wp-json\/wp\/v2\/users\/2"}],"replies":[{"embeddable":true,"href":"https:\/\/www.europesays.com\/fr\/wp-json\/wp\/v2\/comments?post=142046"}],"version-history":[{"count":0,"href":"https:\/\/www.europesays.com\/fr\/wp-json\/wp\/v2\/posts\/142046\/revisions"}],"wp:featuredmedia":[{"embeddable":true,"href":"https:\/\/www.europesays.com\/fr\/wp-json\/wp\/v2\/media\/142047"}],"wp:attachment":[{"href":"https:\/\/www.europesays.com\/fr\/wp-json\/wp\/v2\/media?parent=142046"}],"wp:term":[{"taxonomy":"category","embeddable":true,"href":"https:\/\/www.europesays.com\/fr\/wp-json\/wp\/v2\/categories?post=142046"},{"taxonomy":"post_tag","embeddable":true,"href":"https:\/\/www.europesays.com\/fr\/wp-json\/wp\/v2\/tags?post=142046"}],"curies":[{"name":"wp","href":"https:\/\/api.w.org\/{rel}","templated":true}]}}