{"id":142048,"date":"2025-05-31T16:28:09","date_gmt":"2025-05-31T16:28:09","guid":{"rendered":"https:\/\/www.europesays.com\/fr\/142048\/"},"modified":"2025-05-31T16:28:09","modified_gmt":"2025-05-31T16:28:09","slug":"le-hamas-a-remis-sa-reponse-sur-la-proposition-americaine-10-otages-vivants-vont-etre-liberes","status":"publish","type":"post","link":"https:\/\/www.europesays.com\/fr\/142048\/","title":{"rendered":"le Hamas a remis sa r\u00e9ponse sur la proposition am\u00e9ricaine, 10 otages vivants vont \u00eatre lib\u00e9r\u00e9s"},"content":{"rendered":"<p>\u00abLe Hamas a soumis aujourd\u2019hui sa r\u00e9ponse \u00e0 la derni\u00e8re proposition de l\u2019\u00e9missaire am\u00e9ricain, Steve Witkoff, aux parties m\u00e9diatrices\u00bb, indique un communiqu\u00e9.<\/p>\n<p class=\"fig-paragraph\">Le\u00a0<a href=\"http:\/\/www.lefigaro.fr\/international\/qui-etait-mohammed-sinwar-le-chef-presume-du-hamas-qu-israel-affirme-avoir-tue-20250528\" target=\"_blank\" data-fig-type=\"Article\" rel=\"noopener\" data-gtm-custom-categorie=\"navigation\" data-gtm-custom-action=\"crossclick\" data-gtm-custom-label=\"Contextuel\" data-gtm-event=\"customEventSPE\" data-fig-domain=\"LEFIGARO\">mouvement islamiste palestinien Hamas<\/a>\u00a0a annonc\u00e9 samedi soir avoir remis sa r\u00e9ponse \u00e0 la\u00a0<a href=\"http:\/\/www.lefigaro.fr\/international\/gaza-le-hamas-dit-etudier-une-nouvelle-proposition-americaine-de-treve-20250529\" target=\"_blank\" data-fig-type=\"NewsFlash\" rel=\"noopener\" data-gtm-custom-categorie=\"navigation\" data-gtm-custom-action=\"crossclick\" data-gtm-custom-label=\"Contextuel\" data-gtm-event=\"customEventSPE\" data-fig-domain=\"LEFIGARO\">proposition am\u00e9ricaine de tr\u00eave<\/a>\u00a0dans la bande de Gaza, ajoutant que l&rsquo;accord pr\u00e9voyait la lib\u00e9ration notamment de 10 otages vivants enlev\u00e9s lors de l&rsquo;attaque du\u00a0<a href=\"http:\/\/www.lefigaro.fr\/vox\/monde\/samy-cohen-apres-le-7-octobre-il-n-y-a-plus-grand-monde-en-israel-qui-croit-en-la-paix-avec-les-palestiniens-20250515\" target=\"_blank\" data-fig-type=\"Article\" rel=\"noopener\" data-gtm-custom-categorie=\"navigation\" data-gtm-custom-action=\"crossclick\" data-gtm-custom-label=\"Contextuel\" data-gtm-event=\"customEventSPE\" data-fig-domain=\"LEFIGARO\">7 octobre 2023 en Isra\u00ebl.<\/a><\/p>\n<p class=\"fig-paragraph\">\u00abLe Mouvement de r\u00e9sistance islamique (Hamas) a soumis aujourd&rsquo;hui sa r\u00e9ponse \u00e0 la derni\u00e8re proposition de l&rsquo;\u00e9missaire am\u00e9ricain, Steve Witkoff, aux parties m\u00e9diatrices\u00bb, a indiqu\u00e9 le Hamas dans un communiqu\u00e9. \u00abDans le cadre de cet accord, dix prisonniers vivants de l&rsquo;occupation (Isra\u00ebl, ndlr) retenus par la r\u00e9sistance seront lib\u00e9r\u00e9s, en plus de la restitution de 18 corps, en \u00e9change d&rsquo;un nombre convenu de prisonniers palestiniens\u00bb d\u00e9tenus par Isra\u00ebl, a-t-il ajout\u00e9.<\/p>\n<p class=\"fig-body-link\">\n            \u00c0 lire aussi<br \/>\n        <a class=\"fig-body-link__link fig-premium-mark\" href=\"http:\/\/www.lefigaro.fr\/international\/bombardements-crise-humanitaire-negociations-incertaines-a-gaza-plus-de-600-jours-depuis-le-7-octobre-2023-20250529\" data-fig-type=\"Article\" data-gtm-custom-categorie=\"navigation\" data-gtm-custom-action=\"crossclick\" data-gtm-custom-label=\"Contextuel\" data-gtm-event=\"customEventSPE\" data-fig-domain=\"LEFIGARO\" target=\"_blank\" rel=\"noopener\">Bombardements, crise humanitaire, n\u00e9gociations incertaines&#8230; \u00c0 Gaza, plus de 600\u00a0jours depuis le 7\u00a0Octobre<br \/>\n    <\/a>\n<\/p>\n<p>Isra\u00ebl fait face \u00e0 une pression internationale croissante<\/p>\n<p class=\"fig-paragraph\">\u00abCette proposition vise \u00e0 obtenir un cessez-le-feu permanent, un retrait complet de la bande de Gaza et \u00e0 garantir l\u2019acheminement de l\u2019aide \u00e0 notre peuple et \u00e0 nos familles dans la bande de Gaza\u00bb, a-t-il aussi dit dans le communiqu\u00e9. Les \u00c9tats-Unis avaient indiqu\u00e9 plus t\u00f4t dans la semaine avoir re\u00e7u l\u2019assentiment d\u2019Isra\u00ebl \u00e0 la proposition de l\u2019\u00e9missaire am\u00e9ricain, sans publier l\u2019int\u00e9gralit\u00e9 du texte.<\/p>\n<p class=\"fig-paragraph\">Vendredi, Isra\u00ebl a somm\u00e9 le Hamas d\u2019accepter la proposition am\u00e9ricaine de tr\u00eave et de lib\u00e9ration des otages sous peine d\u2019\u00ab\u00eatre an\u00e9anti\u00bb, selon les mots du ministre de la D\u00e9fense, Isra\u00ebl Katz. Mais Isra\u00ebl n\u2019a jusqu\u2019ici pas indiqu\u00e9 non plus explicitement s\u2019il avait accept\u00e9 la proposition am\u00e9ricaine.<\/p>\n<p class=\"fig-paragraph\">Isra\u00ebl fait face \u00e0 une pression internationale croissante concernant la guerre dans la bande de Gaza et la situation humanitaire dans le territoire palestinien, o\u00f9 un blocus de plus de deux mois, partiellement assoupli la semaine derni\u00e8re, a entra\u00een\u00e9 de graves p\u00e9nuries de nourriture, de m\u00e9dicaments et d\u2019autres biens de premi\u00e8re n\u00e9cessit\u00e9.<\/p>\n","protected":false},"excerpt":{"rendered":"\u00abLe Hamas a soumis aujourd\u2019hui sa r\u00e9ponse \u00e0 la derni\u00e8re proposition de l\u2019\u00e9missaire am\u00e9ricain, Steve Witkoff, aux parties&hellip;\n","protected":false},"author":2,"featured_media":142049,"comment_status":"","ping_status":"","sticky":false,"template":"","format":"standard","meta":{"footnotes":""},"categories":[2],"tags":[259,11,260,3259,1011,27,665,3519,14,261,12,262,25],"class_list":{"0":"post-142048","1":"post","2":"type-post","3":"status-publish","4":"format-standard","5":"has-post-thumbnail","7":"category-actualites","8":"tag-actualite-internationale","9":"tag-actualites","10":"tag-affaires-etrangeres","11":"tag-conflit-israelo-palestinien","12":"tag-fr","13":"tag-france","14":"tag-gaza","15":"tag-hamas","16":"tag-international","17":"tag-ministere-des-affaires-etrangeres","18":"tag-news","19":"tag-politique-etrangere","20":"tag-republique-francaise"},"share_on_mastodon":{"url":"https:\/\/pubeurope.com\/@fr\/114603393270170264","error":""},"_links":{"self":[{"href":"https:\/\/www.europesays.com\/fr\/wp-json\/wp\/v2\/posts\/142048","targetHints":{"allow":["GET"]}}],"collection":[{"href":"https:\/\/www.europesays.com\/fr\/wp-json\/wp\/v2\/posts"}],"about":[{"href":"https:\/\/www.europesays.com\/fr\/wp-json\/wp\/v2\/types\/post"}],"author":[{"embeddable":true,"href":"https:\/\/www.europesays.com\/fr\/wp-json\/wp\/v2\/users\/2"}],"replies":[{"embeddable":true,"href":"https:\/\/www.europesays.com\/fr\/wp-json\/wp\/v2\/comments?post=142048"}],"version-history":[{"count":0,"href":"https:\/\/www.europesays.com\/fr\/wp-json\/wp\/v2\/posts\/142048\/revisions"}],"wp:featuredmedia":[{"embeddable":true,"href":"https:\/\/www.europesays.com\/fr\/wp-json\/wp\/v2\/media\/142049"}],"wp:attachment":[{"href":"https:\/\/www.europesays.com\/fr\/wp-json\/wp\/v2\/media?parent=142048"}],"wp:term":[{"taxonomy":"category","embeddable":true,"href":"https:\/\/www.europesays.com\/fr\/wp-json\/wp\/v2\/categories?post=142048"},{"taxonomy":"post_tag","embeddable":true,"href":"https:\/\/www.europesays.com\/fr\/wp-json\/wp\/v2\/tags?post=142048"}],"curies":[{"name":"wp","href":"https:\/\/api.w.org\/{rel}","templated":true}]}}