{"id":142057,"date":"2025-05-31T16:34:10","date_gmt":"2025-05-31T16:34:10","guid":{"rendered":"https:\/\/www.europesays.com\/fr\/142057\/"},"modified":"2025-05-31T16:34:10","modified_gmt":"2025-05-31T16:34:10","slug":"il-ny-a-jamais-eu-degalite-labsence-des-femmes-en-night-session-agite-encore-le-circuit","status":"publish","type":"post","link":"https:\/\/www.europesays.com\/fr\/142057\/","title":{"rendered":"\u00ab\u00a0Il n\u2019y a jamais eu d\u2019\u00e9galit\u00e9\u00a0\u00bb\u2026 L\u2019absence des femmes en night session agite encore le circuit"},"content":{"rendered":"<p>De notre envoy\u00e9 sp\u00e9cial \u00e0 Roland-Garros,<\/p>\n<p>Les organisateurs de Roland-Garros allaient-ils oser\u00a0? Alors que la France enti\u00e8re (hormis un petit village d\u2019irr\u00e9ductibles situ\u00e9 dans le sud de la France) a le cerveau occup\u00e9 par <a href=\"https:\/\/www.20minutes.fr\/sport\/football\/ligue_des_champions\/4156189-20250531-psg-inter-sympas-humbles-bosseurs-si-joueurs-psg-reconciliaient-paris-province\" target=\"_blank\" class=\"color-ultramarine c-link\" rel=\"noopener\">la finale de la Ligue des champions, ce samedi \u00e0 Munich entre le Paris Saint-Germain et l\u2019Inter Milan<\/a>, beaucoup de suiveurs pensaient que, enfin, <a href=\"https:\/\/www.20minutes.fr\/sport\/tennis\/roland-garros\/4155734-20250528-roland-garros-2025-comprends-organisateurs-pourquoi-toujours-femmes-night-session\" target=\"_blank\" class=\"color-ultramarine c-link\" rel=\"noopener\">un match f\u00e9minin allait \u00eatre programm\u00e9 en night session<\/a> pour faire taire les critiques qui ne cessaient d\u2019augmenter.<\/p>\n<p>Et bien non, <a href=\"https:\/\/www.20minutes.fr\/sport\/roland-garros\/\" target=\"_blank\" class=\"color-ultramarine c-link\" rel=\"noopener\">Roland-Garros<\/a> a continu\u00e9 dans la m\u00eame lign\u00e9e, en programmant la rencontre entre Novak Djokovic et Filip Misolic ce samedi soir. M\u00eame duel masculin le lendemain entre Holger Rune et Lorenzo Musetti. Ce qui a le don d\u2019agacer plusieurs joueuses du circuit, \u00e0 l\u2019image d\u2019Ons Jabeur qui a, en plus de sa prise de parole \u00e0 Roland-Garros, continu\u00e9 le combat en d\u00e9taillant sa position sur les r\u00e9seaux sociaux.<\/p>\n<p>Le tennis f\u00e9minin \u00ab\u00a0sans reconnaissance\u00a0\u00bb<\/p>\n<p>\u00ab\u00a0Personne ne nie la grandeur du tennis masculin, a \u00e9crit la joueuse tunisienne. La f\u00e9rocit\u00e9 des batailles, l\u2019h\u00e9ritage, la magie sous la pression. Mais honorer un pan de ce sport ne devrait pas dire ignorer l\u2019autre. Le tennis f\u00e9minin \u00e9crit sa propre histoire, brillamment, et depuis trop longtemps sans reconnaissance.\u00a0\u00bb<\/p>\n<p>Depuis l\u2019organisation de ces matchs en nocturne sur le Philippe-Chatrier il y a quatre ans, seulement quatre rencontres f\u00e9minines ont \u00e9t\u00e9 programm\u00e9es. Et il n\u2019y a en donc eu aucune lors de la premi\u00e8re semaine de comp\u00e9tition cette saison, comme sur toute l\u2019\u00e9dition pr\u00e9c\u00e9dente. \u00ab\u00a0Ils ne semblent pas vouloir faire des choses diff\u00e9rentes, cela devrait \u00eatre plus \u00e9quitable, a comment\u00e9 <a href=\"https:\/\/www.20minutes.fr\/sport\/tennis\/open_d_australie\/4071705-20240120-open-australie-2024-encore-surprise-1-mondiale-iga-swiatek-passe-aussi-trappe\" target=\"_blank\" class=\"color-ultramarine c-link\" rel=\"noopener\">la t\u00eate de s\u00e9rie n\u00b03 Jessica Pegula<\/a>, ce samedi apr\u00e8s sa qualification pour les huiti\u00e8mes de finale.<\/p>\n<p>\u00ab\u00a0Pourquoi on ne nous donnerait pas des possibilit\u00e9s d\u2019\u00eatre plus \u00e0 l\u2019\u00e9galit\u00e9\u00a0?, s\u2019interroge l\u2019Am\u00e9ricaine. J\u2019ai l\u2019impression de taper ma t\u00eate contre le mur, parce qu\u2019on parle de cela depuis toujours. Il n\u2019y a jamais eu d\u2019\u00e9galit\u00e9. Je suis contente qu\u2019elle [Ons Jabeur] ait parl\u00e9. Elle veut que tout soit trait\u00e9 \u00e0 \u00e9galit\u00e9. Je la soutiens. Je pense qu\u2019on a d\u00e9montr\u00e9 que l\u2019on m\u00e9rite les m\u00eames opportunit\u00e9s.\u00a0\u00bb<\/p>\n<p>Jabeur remont\u00e9e<\/p>\n<p>Depuis que les critiques ont commenc\u00e9 \u00e0 poindre, notamment l\u2019ann\u00e9e derni\u00e8re, les organisateurs r\u00e9pondent qu\u2019ils agissent dans l\u2019int\u00e9r\u00eat du spectateur, qui ne veut pas payer pour voir un 6-0, 6-1 en cinquante minutes. D&rsquo;ailleurs, vendredi soir, en plein Alcaraz-Dzumhur, un spectateur s\u2019est plaint que le match \u00e9tait trop rapide, apr\u00e8s les deux premi\u00e8res manches remport\u00e9es par Carlitos, et qu\u2019il n\u2019avait pas pay\u00e9 pour \u00e7a, en r\u00e9sum\u00e9.<\/p>\n<p>Dol\u00e9ances accept\u00e9es par l\u2019Espagnol et le Bosnien qui ont livr\u00e9 deux derniers sets magnifiques, faisant durer le spectacle plus de trois heures durant. \u00ab\u00a0Quand une femme gagne 6-0, 6-0, on dit que c\u2019est ennuyant. Trop facile. Quand un homme r\u00e9ussit \u00e7a\u00a0? C\u2019est \u00eatre \u00ab\u00a0dominant\u00a0\u00bb, \u00ab\u00a0fort\u00a0\u00bb, \u00ab\u00a0inarr\u00eatable\u00a0\u00bb, se plaint Ons Jabeur. Quand une femme joue avec de la puissance, ils disent qu\u2019elle joue \u00ab\u00a0comme un homme\u00a0\u00bb. Comme si la force, la vitesse ou l\u2019agressivit\u00e9 ne faisaient pas partie du tennis f\u00e9minin.\u00a0\u00bb<\/p>\n<\/p>\n<p>Sinner ne pr\u00e9f\u00e8re pas prendre position<\/p>\n<p>Les joueuses peuvent-elles compter sur leurs homologues masculins dans ce combat pour l\u2019\u00e9galit\u00e9. A \u00e9couter Jannik Sinner apr\u00e8s sa victoire face \u00e0 Jiri Lehecka au troisi\u00e8me tour, pas vraiment. \u00ab\u00a0Ce n\u2019est pas nous qui faisons la programmation, a r\u00e9agi l\u2019Italien. Je ne pourrais donc pas vous donner mon avis. Je ne veux pas exprimer de commentaires, ou rentrer dans le d\u00e9tail \u00e0 ce sujet. Peut-\u00eatre certaines choses pourront changer \u00e0 l\u2019avenir, je ne sais pas.\u00a0\u00bb Pas merci Jannik.<\/p>\n<p><a href=\"https:\/\/www.20minutes.fr\/sport\/roland-garros\/\" target=\"_blank\" class=\"c-link c-btn c-btn--primary\" rel=\"noopener\">Toute l&rsquo;actu de Roland-Garros<\/a><\/p>\n<p>\u00ab\u00a0J\u2019ai l\u2019impression que l\u2019on ne nous \u00e9coute pas, a ajout\u00e9 Jessica Pegula. On peut continuer \u00e0 en parler, mais s\u2019ils ne veulent pas r\u00e9pondre ou faire quelque chose, il n\u2019y a rien que l\u2019on peut faire, sauf continuer \u00e0 en parler. Je ne me sens pas impuissante, la situation est telle qu\u2019elle est jusqu\u2019\u00e0 ce qu\u2019elle change.\u00a0\u00bb Si elle change. Un jour, peut-\u00eatre.<\/p>\n","protected":false},"excerpt":{"rendered":"De notre envoy\u00e9 sp\u00e9cial \u00e0 Roland-Garros, Les organisateurs de Roland-Garros allaient-ils oser\u00a0? Alors que la France enti\u00e8re (hormis&hellip;\n","protected":false},"author":2,"featured_media":142058,"comment_status":"","ping_status":"","sticky":false,"template":"","format":"standard","meta":{"footnotes":""},"categories":[1415],"tags":[8054,1011,27,4171,517,60,1467,27008,4170],"class_list":{"0":"post-142057","1":"post","2":"type-post","3":"status-publish","4":"format-standard","5":"has-post-thumbnail","7":"category-tennis","8":"tag-egalite-homme-femme","9":"tag-fr","10":"tag-france","11":"tag-roland-garros","12":"tag-sport","13":"tag-sports","14":"tag-tennis","15":"tag-tennis-feminin","16":"tag-wta"},"share_on_mastodon":{"url":"https:\/\/pubeurope.com\/@fr\/114603417026039081","error":""},"_links":{"self":[{"href":"https:\/\/www.europesays.com\/fr\/wp-json\/wp\/v2\/posts\/142057","targetHints":{"allow":["GET"]}}],"collection":[{"href":"https:\/\/www.europesays.com\/fr\/wp-json\/wp\/v2\/posts"}],"about":[{"href":"https:\/\/www.europesays.com\/fr\/wp-json\/wp\/v2\/types\/post"}],"author":[{"embeddable":true,"href":"https:\/\/www.europesays.com\/fr\/wp-json\/wp\/v2\/users\/2"}],"replies":[{"embeddable":true,"href":"https:\/\/www.europesays.com\/fr\/wp-json\/wp\/v2\/comments?post=142057"}],"version-history":[{"count":0,"href":"https:\/\/www.europesays.com\/fr\/wp-json\/wp\/v2\/posts\/142057\/revisions"}],"wp:featuredmedia":[{"embeddable":true,"href":"https:\/\/www.europesays.com\/fr\/wp-json\/wp\/v2\/media\/142058"}],"wp:attachment":[{"href":"https:\/\/www.europesays.com\/fr\/wp-json\/wp\/v2\/media?parent=142057"}],"wp:term":[{"taxonomy":"category","embeddable":true,"href":"https:\/\/www.europesays.com\/fr\/wp-json\/wp\/v2\/categories?post=142057"},{"taxonomy":"post_tag","embeddable":true,"href":"https:\/\/www.europesays.com\/fr\/wp-json\/wp\/v2\/tags?post=142057"}],"curies":[{"name":"wp","href":"https:\/\/api.w.org\/{rel}","templated":true}]}}