{"id":142059,"date":"2025-05-31T16:36:17","date_gmt":"2025-05-31T16:36:17","guid":{"rendered":"https:\/\/www.europesays.com\/fr\/142059\/"},"modified":"2025-05-31T16:36:17","modified_gmt":"2025-05-31T16:36:17","slug":"morbidelli-rancunier-envers-espargaro-cest-comme-ce-quil-ma-fait-en-2020","status":"publish","type":"post","link":"https:\/\/www.europesays.com\/fr\/142059\/","title":{"rendered":"Morbidelli rancunier envers Espargaro : \u00ab C&rsquo;est comme ce qu&rsquo;il m&rsquo;a fait en 2020 \u00bb"},"content":{"rendered":"<p class=\"my-0\">Apr\u00e8s une collision au d\u00e9part du Grand Prix de Grande-Bretagne de <a href=\"https:\/\/www.autohebdo.fr\/actualites\/motogp\" data-internallinksmanager029f6b8e52c=\"4\" title=\"MotoGP\" rel=\"nofollow noopener\" target=\"_blank\">MotoGP<\/a>, Franco Morbidelli n\u2019a pas cach\u00e9 son amertume envers Aleix Espargar\u00f3, ravivant une rivalit\u00e9 d\u00e9j\u00e0 ancienne entre les deux hommes. L\u2019incident, survenu lors du premier tour \u00e0 Silverstone, a vu Espargar\u00f3 perdre le contr\u00f4le de sa moto, et entra\u00eener Morbidelli dans sa chute, provoquant la sortie du drapeau rouge et l\u2019arr\u00eat temporaire de la course.<\/p>\n<p class=\"my-0\">Franco Morbidelli n\u2019a pas manqu\u00e9 de rappeler les pr\u00e9c\u00e9dents incidents qui ont jalonn\u00e9 leur histoire commune. \u00ab C\u2019est comme ce qu\u2019il m\u2019avait fait \u00e0 Misano 2 en 2020, de ne pas me laisser passer, juste rel\u00e2cher les freins et perdre l\u2019avant. C\u2019est d\u00e9j\u00e0 arriv\u00e9 \u00bb, a d\u00e9clar\u00e9 l\u2019Italien, dans des propos relay\u00e9s par <a href=\"https:\/\/www.gp-inside.com\/il-a-toujours-eu-quelque-chose-contre-moi-morbidelli-a-un-message-pour-espargaro\/\" rel=\"nofollow noopener\" target=\"_blank\">GP Inside<\/a>, \u00e9voquant un \u00e9pisode douloureux qui l\u2019avait fait perdre des points pr\u00e9cieux pour le championnat.<\/p>\n<p class=\"my-0\">Leur relation s\u2019est encore tendue lors du Grand Prix du Qatar en 2023, o\u00f9 un accrochage en essais avait d\u00e9g\u00e9n\u00e9r\u00e9 en altercation physique, Espargar\u00f3 n\u2019h\u00e9sitant pas \u00e0 frapper le casque de Morbidelli, un geste rarement observ\u00e9 en piste. Un geste pour lequel Aleix Espargar\u00f3 s\u2019\u00e9tait excus\u00e9 lors de la course suivante, \u00e0 Valence.<\/p>\n<p class=\"my-0\">Apr\u00e8s l\u2019incident \u00e0 Silverstone, Morbidelli a \u00e9t\u00e9 tr\u00e8s clair : \u00ab Je connais sa fa\u00e7on de se comporter quand je suis l\u00e0. On ne peut pas bien s\u2019entendre avec tout le monde, je suis ok avec lui mais il n\u2019est pas ok avec moi. Je peux le voir en piste \u00e0 sa fa\u00e7on de se comporter avec moi durant toutes ces ann\u00e9es. \u00bb<\/p>\n<p class=\"my-0\">L\u2019Italien va m\u00eame plus loin, estimant que cette rivalit\u00e9 d\u00e9passe la simple comp\u00e9tition sportive. \u00ab Je ne me suis jamais senti un adversaire normal, il a toujours eu quelque chose en plus contre moi. Je ne sais pas pourquoi mais \u00e7a va, je vais aller de l\u2019avant et retenir le positif du week-end, car il y en a beaucoup. \u00bb<\/p>\n<p class=\"my-0\">Le drapeau rouge a en effet permis \u00e0 Franco Morbidelli de reprendre la course, et de se donner une nouvelle chance de d\u00e9fendre ses int\u00e9r\u00eats. Il en a ainsi pleinement profit\u00e9, terminant la course en quatri\u00e8me position, \u00e0 seulement 17 milli\u00e8mes de la troisi\u00e8me place de Marc Marquez.<\/p>\n<p><strong>\u00c0 LIRE AUSSI &gt;\u00a0<a href=\"https:\/\/www.autohebdo.fr\/actualites\/motogp\/silverstone-fut-digne-dun-film-de-tarantino-pour-franco-morbidelli.html\" rel=\"nofollow noopener\" target=\"_blank\">Silverstone fut \u00ab digne d\u2019un film de Tarantino \u00bb pour Franco Morbidelli<\/a><\/strong><\/p>\n","protected":false},"excerpt":{"rendered":"Apr\u00e8s une collision au d\u00e9part du Grand Prix de Grande-Bretagne de MotoGP, Franco Morbidelli n\u2019a pas cach\u00e9 son&hellip;\n","protected":false},"author":2,"featured_media":142060,"comment_status":"","ping_status":"","sticky":false,"template":"","format":"standard","meta":{"footnotes":""},"categories":[1413],"tags":[1011,27,1457,1456,9854,60],"class_list":{"0":"post-142059","1":"post","2":"type-post","3":"status-publish","4":"format-standard","5":"has-post-thumbnail","7":"category-moto","8":"tag-fr","9":"tag-france","10":"tag-moto","11":"tag-motocycle","12":"tag-peau","13":"tag-sports"},"share_on_mastodon":{"url":"https:\/\/pubeurope.com\/@fr\/114603424670749072","error":""},"_links":{"self":[{"href":"https:\/\/www.europesays.com\/fr\/wp-json\/wp\/v2\/posts\/142059","targetHints":{"allow":["GET"]}}],"collection":[{"href":"https:\/\/www.europesays.com\/fr\/wp-json\/wp\/v2\/posts"}],"about":[{"href":"https:\/\/www.europesays.com\/fr\/wp-json\/wp\/v2\/types\/post"}],"author":[{"embeddable":true,"href":"https:\/\/www.europesays.com\/fr\/wp-json\/wp\/v2\/users\/2"}],"replies":[{"embeddable":true,"href":"https:\/\/www.europesays.com\/fr\/wp-json\/wp\/v2\/comments?post=142059"}],"version-history":[{"count":0,"href":"https:\/\/www.europesays.com\/fr\/wp-json\/wp\/v2\/posts\/142059\/revisions"}],"wp:featuredmedia":[{"embeddable":true,"href":"https:\/\/www.europesays.com\/fr\/wp-json\/wp\/v2\/media\/142060"}],"wp:attachment":[{"href":"https:\/\/www.europesays.com\/fr\/wp-json\/wp\/v2\/media?parent=142059"}],"wp:term":[{"taxonomy":"category","embeddable":true,"href":"https:\/\/www.europesays.com\/fr\/wp-json\/wp\/v2\/categories?post=142059"},{"taxonomy":"post_tag","embeddable":true,"href":"https:\/\/www.europesays.com\/fr\/wp-json\/wp\/v2\/tags?post=142059"}],"curies":[{"name":"wp","href":"https:\/\/api.w.org\/{rel}","templated":true}]}}