{"id":142068,"date":"2025-05-31T16:41:09","date_gmt":"2025-05-31T16:41:09","guid":{"rendered":"https:\/\/www.europesays.com\/fr\/142068\/"},"modified":"2025-05-31T16:41:09","modified_gmt":"2025-05-31T16:41:09","slug":"cest-quoi-ce-chat-geant-sur-le-mur-dune-maison-dans-le-quartier-sanvic-au-havre","status":"publish","type":"post","link":"https:\/\/www.europesays.com\/fr\/142068\/","title":{"rendered":"C&rsquo;est quoi ce chat g\u00e9ant sur le mur d&rsquo;une maison dans le quartier Sanvic au Havre\u00a0?"},"content":{"rendered":"<p>            Par<br \/>\n        <strong><br \/>\n            <a href=\"https:\/\/actu.fr\/auteur\/louise-boutard\" title=\"Consulter tous les articles de Louise Boutard\" rel=\"nofollow noopener\" target=\"_blank\">Louise Boutard<\/a><br \/>\n        <\/strong><\/p>\n<p>        Publi\u00e9 le<\/p>\n<p>            31 mai 2025 \u00e0 17h16        <\/p>\n<p>Peut-\u00eatre \u00eates-vous d\u00e9j\u00e0 pass\u00e9 <strong>devant ce chat g\u00e9ant<\/strong>, peint sur une maison du\u00a0<a href=\"https:\/\/actu.fr\/normandie\/le-havre_76351\" rel=\"nofollow noopener\" target=\"_blank\">Havre<\/a>. On retrouve cette \u0153uvre atypique sur le mur d\u2019une habitation du<strong> quartier Sanvic<\/strong> \u00e0 l\u2019angle des rues Parmentier et David d\u2019Angers. <strong>Elle a \u00e9t\u00e9 r\u00e9alis\u00e9e par Giulio Masieri.<\/strong><\/p>\n<p>\u00ab\u2009The cat curiosity\u2009\u00bb<\/p>\n<p class=\" wall-content\">Cette \u0153uvre, r\u00e9aliste mais g\u00e9ante, va de paire avec un nid d\u2019abeilles illustr\u00e9 pr\u00e8s du square Saint-Roch, en ville basse au Havre. Ces deux fresques ont \u00e9t\u00e9 r\u00e9alis\u00e9es par un m\u00eame artiste italien, <a href=\"https:\/\/www.instagram.com\/p\/DILXZOGCeg2\/?img_index=1\" rel=\"nofollow noopener\" target=\"_blank\">Giulio Masieri.<\/a> \u00ab\u2009Les fresques murales que j\u2019ai r\u00e9alis\u00e9es font partie de la s\u00e9rie Animaux G\u00e9ants, n\u00e9e pendant la p\u00e9riode du Covid\u2009\u00bb, explique l\u2019artiste.<\/p>\n<blockquote class=\"ac-article-quote wall-content\">\n<p>\u00c0 cette \u00e9poque, j\u2019ai imagin\u00e9 ma ville envahie par des animaux qui reprenaient possession de l\u2019espace urbain. Il arrivait souvent de voir des animaux sauvages entrer dans les centres-villes, un ph\u00e9nom\u00e8ne qui m\u2019a beaucoup fait r\u00e9fl\u00e9chir. Je les ai repr\u00e9sent\u00e9s comme des g\u00e9ants, comme si la nature r\u00e9tablissait son \u00e9quilibre et reprenait sa juste place.<\/p>\n<p>    <strong>Giulio Masieri<\/strong><br \/>\n        artiste italien    <\/p><\/blockquote>\n<p class=\" wall-content\">Mais pourquoi un artiste italien viendrait-il peindre sur les murs du\u00a0Havre\u2009? <strong>Parce qu\u2019il y a \u00e9t\u00e9 invit\u00e9<\/strong>, en l\u2019occurrence par <a href=\"https:\/\/actu.fr\/normandie\/le-havre_76351\/jace-theutis-et-meme-banksy-les-grands-noms-du-street-art-exposent-au-havre_61166088.html\" rel=\"nofollow noopener\" target=\"_blank\">la galerie Hamon<\/a>, aux c\u00f4t\u00e9s de cinq autres artistes. \u00ab\u2009En plus de l\u2019exposition, chacun de nous a r\u00e9alis\u00e9 une fresque murale\u2009\u00bb, pr\u00e9cise Giulio Masieri.<\/p>\n<p class=\" wall-content\">\n<p class=\" wall-content\">L\u2019artiste ne connaissait pas les propri\u00e9taires de la maison avant d\u2019effectuer cette fresque. C\u2019est la galerie qui a fait les pr\u00e9sentations et identifi\u00e9 le mur. \u00ab<strong>\u2009Travailler avec eux a \u00e9t\u00e9 un vrai plaisir\u2009<\/strong>; ils ont \u00e9t\u00e9 extr\u00eamement accueillants et chaleureux\u2009\u00bb, pr\u00e9cise-t-il.<\/p>\n<p>    <img   decoding=\"async\" loading=\"lazy\" src=\"https:\/\/www.europesays.com\/fr\/wp-content\/uploads\/2025\/05\/chat-tag-le-havre-1-960x640.jpg\" alt=\"L'oeuvre est situ\u00e9e \u00e0 l'angle des rues Parmentier et David d'Angers\" width=\"960\" height=\"640\"\/><br \/>\n    L\u2019\u0153uvre est situ\u00e9e \u00e0 l\u2019angle des rues Parmentier et David d\u2019Angers (\u00a9LB\/76actu)<\/p>\n<p class=\" wall-content\">Le peintre utilise des mati\u00e8res naturelles pour effectuer ces grands animaux, notamment des chats et des chiens, que l\u2019on retrouve dans diff\u00e9rentes villes. Il poste ensuite certaines photos de ses \u0153uvres sur les r\u00e9seaux sociaux. \u00ab\u2009Dans mon travail, j\u2019utilise encore des pigments pour cr\u00e9er mes couleurs, <strong>dans le but de pr\u00e9server cette tradition picturale italienne<\/strong> (et pas seulement), ancr\u00e9e dans une pratique ancienne et authentique.\u2009\u00bb<\/p>\n<p class=\" wall-content\"><a href=\"https:\/\/www.instagram.com\/giulio_masieri\/embed\" title=\"Ouvrir le lien sur Instagram\" rel=\"nofollow noopener\" target=\"_blank\">Visualiser le contenu sur Instagram<\/a><\/p>\n<p class=\" wall-content\">Ainsi, m\u00eame une fois l\u2019exposition achev\u00e9e, leur travail continue de raisonner dans le quotidien de la ville. \u00ab\u2009Ce fut un honneur pour moi de venir travailler en France. <strong>Le\u00a0Havre est une ville magnifique<\/strong>, et je suis heureux d\u2019y avoir apport\u00e9 mon art\u2009\u00bb, conclut l\u2019artiste.<\/p>\n<p>Suivez l\u2019actualit\u00e9 du\u00a0Havre sur<a href=\"https:\/\/www.whatsapp.com\/channel\/0029VaFqJYE8aKvLBwVrEe0o\" rel=\"nofollow noopener\" target=\"_blank\"> notre cha\u00eene WhatsApp<\/a> et sur <a href=\"https:\/\/www.tiktok.com\/@76actu.fr?lang=fr\" rel=\"nofollow noopener\" target=\"_blank\">notre compte TikTok<\/a><\/p>\n<p class=\" wall-content\">Suivez toute l\u2019actualit\u00e9 de vos villes et m\u00e9dias favoris en vous inscrivant \u00e0 <a href=\"https:\/\/moncompte.actu.fr\" title=\"D\u00e9couvez Mon Actu\" rel=\"nofollow noopener\" data-trk=\"{&quot;cta&quot;:{&quot;action&quot;:&quot;https:\\\/\\\/moncompte.actu.fr&quot;,&quot;category&quot;:&quot;mon compte&quot;,&quot;from&quot;:&quot;article footer&quot;,&quot;name&quot;:&quot;Mon actu&quot;,&quot;type&quot;:&quot;cta&quot;}}\" target=\"_blank\">Mon Actu<\/a>.<\/p>\n<p>                    <script async src=\"\/\/www.instagram.com\/embed.js\"><\/script><script async src=\"\/\/www.tiktok.com\/embed.js\"><\/script><\/p>\n","protected":false},"excerpt":{"rendered":"Par Louise Boutard Publi\u00e9 le 31 mai 2025 \u00e0 17h16 Peut-\u00eatre \u00eates-vous d\u00e9j\u00e0 pass\u00e9 devant ce chat g\u00e9ant,&hellip;\n","protected":false},"author":2,"featured_media":142069,"comment_status":"","ping_status":"","sticky":false,"template":"","format":"standard","meta":{"footnotes":""},"categories":[1358],"tags":[1867,1348,1384,1385,7654,1386,58,59,1011,27,1757,7189],"class_list":{"0":"post-142068","1":"post","2":"type-post","3":"status-publish","4":"format-standard","5":"has-post-thumbnail","7":"category-arts-et-design","8":"tag-animaux","9":"tag-arts","10":"tag-arts-and-design","11":"tag-arts-et-design","12":"tag-chat","13":"tag-design","14":"tag-divertissement","15":"tag-entertainment","16":"tag-fr","17":"tag-france","18":"tag-insolite","19":"tag-street-art"},"share_on_mastodon":{"url":"https:\/\/pubeurope.com\/@fr\/114603444343476661","error":""},"_links":{"self":[{"href":"https:\/\/www.europesays.com\/fr\/wp-json\/wp\/v2\/posts\/142068","targetHints":{"allow":["GET"]}}],"collection":[{"href":"https:\/\/www.europesays.com\/fr\/wp-json\/wp\/v2\/posts"}],"about":[{"href":"https:\/\/www.europesays.com\/fr\/wp-json\/wp\/v2\/types\/post"}],"author":[{"embeddable":true,"href":"https:\/\/www.europesays.com\/fr\/wp-json\/wp\/v2\/users\/2"}],"replies":[{"embeddable":true,"href":"https:\/\/www.europesays.com\/fr\/wp-json\/wp\/v2\/comments?post=142068"}],"version-history":[{"count":0,"href":"https:\/\/www.europesays.com\/fr\/wp-json\/wp\/v2\/posts\/142068\/revisions"}],"wp:featuredmedia":[{"embeddable":true,"href":"https:\/\/www.europesays.com\/fr\/wp-json\/wp\/v2\/media\/142069"}],"wp:attachment":[{"href":"https:\/\/www.europesays.com\/fr\/wp-json\/wp\/v2\/media?parent=142068"}],"wp:term":[{"taxonomy":"category","embeddable":true,"href":"https:\/\/www.europesays.com\/fr\/wp-json\/wp\/v2\/categories?post=142068"},{"taxonomy":"post_tag","embeddable":true,"href":"https:\/\/www.europesays.com\/fr\/wp-json\/wp\/v2\/tags?post=142068"}],"curies":[{"name":"wp","href":"https:\/\/api.w.org\/{rel}","templated":true}]}}