{"id":142070,"date":"2025-05-31T16:42:24","date_gmt":"2025-05-31T16:42:24","guid":{"rendered":"https:\/\/www.europesays.com\/fr\/142070\/"},"modified":"2025-05-31T16:42:24","modified_gmt":"2025-05-31T16:42:24","slug":"beaux-livres-soif-de-deserts","status":"publish","type":"post","link":"https:\/\/www.europesays.com\/fr\/142070\/","title":{"rendered":"Beaux livres. Soif de d\u00e9serts"},"content":{"rendered":"<p>Marie Gautheron retrace notre fascination pour les espaces arides. De l\u2019asc\u00e8se m\u00e9di\u00e9vale aux enjeux g\u00e9opolitiques contemporains, de l\u2019Orient biblique au Sahara fran\u00e7ais, du Moyen \u00c2ge aux utopies contemporaines, le d\u00e9sert, tour \u00e0 tour lieu de silence, de conqu\u00eate ou de projection, est devenu le miroir mouvant de nos imaginaires. Un essai riche et stimulant, qui \u00e9claire notre rapport au monde et aux marges. (G.A.)<\/p>\n<p class=\"note\">D\u00e9sert, d\u00e9serts. Du Moyen \u00c2ge au XXIe\u00a0 \u00a0si\u00e8cle , Marie Gautheron, Gallimard, 544 p., 80 illustrations, 35\u00a0\u20ac<\/p>\n","protected":false},"excerpt":{"rendered":"Marie Gautheron retrace notre fascination pour les espaces arides. De l\u2019asc\u00e8se m\u00e9di\u00e9vale aux enjeux g\u00e9opolitiques contemporains, de l\u2019Orient&hellip;\n","protected":false},"author":2,"featured_media":142071,"comment_status":"","ping_status":"","sticky":false,"template":"","format":"standard","meta":{"footnotes":""},"categories":[1357],"tags":[1379,1687,58,59,1011,27,1380,2410],"class_list":{"0":"post-142070","1":"post","2":"type-post","3":"status-publish","4":"format-standard","5":"has-post-thumbnail","7":"category-livres","8":"tag-books","9":"tag-culture-loisirs","10":"tag-divertissement","11":"tag-entertainment","12":"tag-fr","13":"tag-france","14":"tag-livres","15":"tag-livres-bd"},"share_on_mastodon":{"url":"https:\/\/pubeurope.com\/@fr\/114603448534175370","error":""},"_links":{"self":[{"href":"https:\/\/www.europesays.com\/fr\/wp-json\/wp\/v2\/posts\/142070","targetHints":{"allow":["GET"]}}],"collection":[{"href":"https:\/\/www.europesays.com\/fr\/wp-json\/wp\/v2\/posts"}],"about":[{"href":"https:\/\/www.europesays.com\/fr\/wp-json\/wp\/v2\/types\/post"}],"author":[{"embeddable":true,"href":"https:\/\/www.europesays.com\/fr\/wp-json\/wp\/v2\/users\/2"}],"replies":[{"embeddable":true,"href":"https:\/\/www.europesays.com\/fr\/wp-json\/wp\/v2\/comments?post=142070"}],"version-history":[{"count":0,"href":"https:\/\/www.europesays.com\/fr\/wp-json\/wp\/v2\/posts\/142070\/revisions"}],"wp:featuredmedia":[{"embeddable":true,"href":"https:\/\/www.europesays.com\/fr\/wp-json\/wp\/v2\/media\/142071"}],"wp:attachment":[{"href":"https:\/\/www.europesays.com\/fr\/wp-json\/wp\/v2\/media?parent=142070"}],"wp:term":[{"taxonomy":"category","embeddable":true,"href":"https:\/\/www.europesays.com\/fr\/wp-json\/wp\/v2\/categories?post=142070"},{"taxonomy":"post_tag","embeddable":true,"href":"https:\/\/www.europesays.com\/fr\/wp-json\/wp\/v2\/tags?post=142070"}],"curies":[{"name":"wp","href":"https:\/\/api.w.org\/{rel}","templated":true}]}}